{"id":5822,"date":"2019-04-26T14:59:29","date_gmt":"2019-04-26T14:59:29","guid":{"rendered":"https:\/\/redsemlac.com\/semmexico\/?p=5822"},"modified":"2023-07-21T14:48:42","modified_gmt":"2023-07-21T19:48:42","slug":"estuvo-de-visita-en-veracruz-dio-el-pesame-a-los-familiares-de-las-victimas-en-minatitlan-y-anuncio-la-llegada-de-la-gn","status":"publish","type":"post","link":"https:\/\/redsemlac.com\/semmexico\/estuvo-de-visita-en-veracruz-dio-el-pesame-a-los-familiares-de-las-victimas-en-minatitlan-y-anuncio-la-llegada-de-la-gn\/","title":{"rendered":"Estuvo de visita en Veracruz, dio el p\u00e9same a los familiares de las v\u00edctimas en Minatitl\u00e1n y anunci\u00f3 la llegada de la GN."},"content":{"rendered":"\n<p class=\"wp-block-paragraph\"><a href=\"https:\/\/www.semmexico.com\/gallery-post.php?id=7987#\">Ana Alicia Osorio,<\/a><\/p>\n\n\n\n<p class=\"wp-block-paragraph\">SemM\u00e9xico. Veracruz. 26 de abril 2019.- El presidente Andr\u00e9s Manuel L\u00f3pez Obrador acudi\u00f3 a Veracruz para hablar de seguridad pero no hizo ninguna menci\u00f3n de la alcaldesa de Mixtla de Altamirano, Maricela Vallejo Orea y sus dos acompa\u00f1antes que fueron asesinados la noche del mi\u00e9rcoles.<\/p>\n\n\n\n<p class=\"wp-block-paragraph\">Aunque lleg\u00f3 a la zona sur para presentar la estrategia de seguridad, solamente se refiri\u00f3 al caso donde trece personas fueron asesinadas en Minatitl\u00e1n, pero no as\u00ed a la alcaldesa.<\/p>\n\n\n\n<p class=\"wp-block-paragraph\">Maricela Vallejo Orea era presidenta municipal de Mixtla de Altamirano ubicada en la zona centro del estado de Veracruz y abanderada por el Movimiento de Regeneraci\u00f3n Nacional.<\/p>\n\n\n\n<p class=\"wp-block-paragraph\">Aunque en alg\u00fan momento decidi\u00f3 apoyar a la oposici\u00f3n (el PAN), nunca renunci\u00f3 al partido que la llev\u00f3 al cargo de elecci\u00f3n popular e inclusive hab\u00eda sido cercana al actual gobierno del estado (tambi\u00e9n de Morena) durante la presentaci\u00f3n de la estrategia para erradicar la violencia contra las mujeres.<\/p>\n\n\n\n<p class=\"wp-block-paragraph\">Sin embargo, el presidente no hizo referencia a ella ni siquiera por esa cercan\u00eda o la similitud del partido.<\/p>\n\n\n\n<p class=\"wp-block-paragraph\">Ello pese a que m\u00faltiples voces tanto de familiares como de activistas han alzado la voz para pedir justicia por el asesinato de la presidenta municipal.<\/p>\n\n\n\n<p class=\"wp-block-paragraph\">\u201cMi p\u00e9same a los familiares de las v\u00edctimas en Minatitl\u00e1n, decirles que se est\u00e1 haciendo una investigaci\u00f3n, no es de que ya se cometieron estos cr\u00edmenes y no pasa nada. No, tiene que haber justicia, todos tenemos derechos a vivir en paz\u201d, indic\u00f3 durante su discurso.<\/p>\n\n\n\n<p class=\"wp-block-paragraph\">All\u00ed tambi\u00e9n anunci\u00f3 la llegada de la Guardia Nacional a la zona sur, que desde hoy est\u00e1 patrullando la regi\u00f3n y sostuvo que llegaron poco m\u00e1s de mil elementos a la zona.<br><\/p>\n","protected":false},"excerpt":{"rendered":"<p>Ana Alicia Osorio, SemM\u00e9xico. Veracruz. 26 de abril 2019.- El presidente Andr\u00e9s Manuel L\u00f3pez Obrador acudi\u00f3 a Veracruz para hablar de seguridad pero no hizo ninguna menci\u00f3n de la alcaldesa de Mixtla de Altamirano, Maricela Vallejo Orea y sus dos acompa\u00f1antes que fueron asesinados la noche del mi\u00e9rcoles. Aunque lleg\u00f3 a la zona sur para [&hellip;]<\/p>\n","protected":false},"author":3,"featured_media":5823,"comment_status":"open","ping_status":"open","sticky":false,"template":"","format":"standard","meta":{"_monsterinsights_skip_tracking":false,"footnotes":""},"categories":[690,51],"tags":[],"class_list":["post-5822","post","type-post","status-publish","format-standard","has-post-thumbnail","category-690","category-ejecutivo"],"_links":{"self":[{"href":"https:\/\/redsemlac.com\/semmexico\/wp-json\/wp\/v2\/posts\/5822","targetHints":{"allow":["GET"]}}],"collection":[{"href":"https:\/\/redsemlac.com\/semmexico\/wp-json\/wp\/v2\/posts"}],"about":[{"href":"https:\/\/redsemlac.com\/semmexico\/wp-json\/wp\/v2\/types\/post"}],"author":[{"embeddable":true,"href":"https:\/\/redsemlac.com\/semmexico\/wp-json\/wp\/v2\/users\/3"}],"replies":[{"embeddable":true,"href":"https:\/\/redsemlac.com\/semmexico\/wp-json\/wp\/v2\/comments?post=5822"}],"version-history":[{"count":0,"href":"https:\/\/redsemlac.com\/semmexico\/wp-json\/wp\/v2\/posts\/5822\/revisions"}],"wp:featuredmedia":[{"embeddable":true,"href":"https:\/\/redsemlac.com\/semmexico\/wp-json\/wp\/v2\/media\/5823"}],"wp:attachment":[{"href":"https:\/\/redsemlac.com\/semmexico\/wp-json\/wp\/v2\/media?parent=5822"}],"wp:term":[{"taxonomy":"category","embeddable":true,"href":"https:\/\/redsemlac.com\/semmexico\/wp-json\/wp\/v2\/categories?post=5822"},{"taxonomy":"post_tag","embeddable":true,"href":"https:\/\/redsemlac.com\/semmexico\/wp-json\/wp\/v2\/tags?post=5822"}],"curies":[{"name":"wp","href":"https:\/\/api.w.org\/{rel}","templated":true}]}}