{"id":5816,"date":"2019-04-29T14:55:32","date_gmt":"2019-04-29T14:55:32","guid":{"rendered":"https:\/\/redsemlac.com\/semmexico\/?p=5816"},"modified":"2023-07-21T14:48:42","modified_gmt":"2023-07-21T19:48:42","slug":"uno-de-cada-tres-ninas-y-ninos-no-tienen-educacion-preescolar","status":"publish","type":"post","link":"https:\/\/redsemlac.com\/semmexico\/uno-de-cada-tres-ninas-y-ninos-no-tienen-educacion-preescolar\/","title":{"rendered":"Uno de cada tres ni\u00f1as y ni\u00f1os no tienen educaci\u00f3n preescolar."},"content":{"rendered":"\n<p class=\"wp-block-paragraph\"><a href=\"https:\/\/www.semmexico.com\/gallery-post.php?id=8007#\">Elda Montiel<\/a><\/p>\n\n\n\n<ul class=\"wp-block-list\"><li><em>9.6 % de las mujeres j\u00f3venes entre los 15 a 17 a\u00f1os cuentan con alg\u00fan embarazo, ENADID 2014<\/em><\/li><li><em>Los ni\u00f1os representan el 30.1% de la poblaci\u00f3n total del pa\u00eds, inform\u00f3 INEGI en el D\u00eda del Ni\u00f1o<\/em><\/li><\/ul>\n\n\n\n<p class=\"wp-block-paragraph\">SemM\u00e9xico. Ciudad de M\u00e9xico. 29 de abril 2019.- M\u00e9xico festeja el D\u00eda del Ni\u00f1o el 30 de abril desde 1924 y como miembro de la Convenci\u00f3n de los Derechos de los Ni\u00f1os, desde 1990 se comprometi\u00f3 a proteger y promover los derechos de los ni\u00f1os, ni\u00f1as y adolescentes, que en nuestro pa\u00eds son un total de 38.8 millones, lo que representa el 30.1 % de la poblaci\u00f3n total.<\/p>\n\n\n\n<p class=\"wp-block-paragraph\">De acuerdo con los resultados de la Encuesta Nacional de Ocupaci\u00f3n y Empleo (ENOE) 2018, en M\u00e9xico residen 38.3 millones de ni\u00f1as, ni\u00f1os y adolescentes de 0 a 17 a\u00f1os, de los cuales 11.4 millones tiene cinco a\u00f1os o menos; 13.2 millones se encuentran en edad escolar, de 6 a 11 a\u00f1os y 13.7 millones son adolescentes de 12 a 17 a\u00f1os.<\/p>\n\n\n\n<p class=\"wp-block-paragraph\">En \u00e9ste contexto el Instituto Nacional de Estad\u00edstica y Geograf\u00eda (INEGI) present\u00f3 un conjunto de indicadores sociodemogr\u00e1ficos relacionados con el cumplimiento de los derechos de la poblaci\u00f3n menor de 18 a\u00f1os en el pa\u00eds, como son los derechos a la salud, la identidad, la educaci\u00f3n y a la protecci\u00f3n para no ser explotados econ\u00f3micamente y el acceso a las tecnolog\u00edas de la educaci\u00f3n.<\/p>\n\n\n\n<p class=\"wp-block-paragraph\">Destaca que la tasa de defunciones de menores de un a\u00f1o por cada mil nacidos vivos se redujo de 20.8 % en el a\u00f1o 2000 a 12.1% en 2016, de acuerdo a los datos del Sistema Nacional de Informaci\u00f3n Estad\u00edstica y Geogr\u00e1fica (SNIEG).<\/p>\n\n\n\n<p class=\"wp-block-paragraph\">El acceso a la salud es un derecho de las ni\u00f1as, ni\u00f1os y adolescente de acuerdo y de acuerdo a la Ley respectiva y ha sido un logro importante para M\u00e9xico la sobrevivencia de menores en su primer a\u00f1o de vida, reducir la letalidad de enfermedades respiratorias, infecciosas y parasitarias como principales causas de muerte en las primeras cuatro d\u00e9cadas del siglo XX.<\/p>\n\n\n\n<p class=\"wp-block-paragraph\">Sin embargo, este comportamiento no ha sido homog\u00e9neo para todas las entidades del pa\u00eds, en 2016, y los estados de Puebla con el 14.4 %; Campeche con 14.1%, y Tabasco con 14.0% presentaron las tasas m\u00e1s altas de mortalidad infantil a nivel nacional.<\/p>\n\n\n\n<p class=\"wp-block-paragraph\">La UNICEF refiere que, en la primera infancia, m\u00e1s de la mitad de las muertes de ni\u00f1os mayores de uno y menores de cinco a\u00f1os se deben a enfermedades controlables mediante intervenciones simples y asequibles y en este sentido, los registros de estad\u00edsticas vitales del INEGI se\u00f1alan que entre el a\u00f1o 2000 y 2016 la tasa de mortalidad en ni\u00f1os y ni\u00f1as menores de 5 a\u00f1os en nuestro pa\u00eds pas\u00f3 de 25.0 a 14.6 por cada mil ni\u00f1as y ni\u00f1os nacidos vivos.<\/p>\n\n\n\n<p class=\"wp-block-paragraph\">Cabe recordar que La Declaraci\u00f3n de Ginebra de 1924 reconoce y afirma, por primera vez, la existencia de derechos espec\u00edficos para los ni\u00f1os y las ni\u00f1as, pero sobre todo la responsabilidad de los adultos hacia ellos.&nbsp;<\/p>\n\n\n\n<p class=\"wp-block-paragraph\">De acuerdo a los lineamientos de UNICEF-M\u00e9xico, encargado de promover acciones en favor de la infancia, formul\u00f3 desde 1998 el \u00cdndice de los Derechos de la Ni\u00f1ez (IDN), con la finalidad de observar de manera integral el estado que guarda la ni\u00f1ez en el pa\u00eds y desarrollar medidas sint\u00e9ticas respecto al cumplimiento de los derechos establecidos en la Convenci\u00f3n de los Derechos del Ni\u00f1o.&nbsp;<\/p>\n\n\n\n<p class=\"wp-block-paragraph\">Respecto a la poblaci\u00f3n total de ni\u00f1as, ni\u00f1os y adolescentes que en 2018 es de 30.1 % en comparaci\u00f3n al Censo de Poblaci\u00f3n y Vivienda del 2010 disminuyo, ya que era de 34.9% de la poblaci\u00f3n total en el pa\u00eds ten\u00eda 17 y menos a\u00f1os.<\/p>\n\n\n\n<p class=\"wp-block-paragraph\"><strong>El 86.9% de los ni\u00f1os en M\u00e9xico se registran en el primer a\u00f1o de vida.<\/strong><\/p>\n\n\n\n<p class=\"wp-block-paragraph\">Dentro de los derechos de los ni\u00f1os es fundamental el derecho al registro ante la autoridad civil para tener acceso a servicios de salud y educaci\u00f3n, as\u00ed como a los beneficios de programas sociales b\u00e1sicos.<\/p>\n\n\n\n<p class=\"wp-block-paragraph\">De acuerdo con el registro de nacimientos en 2017, de estad\u00edsticas vitales, del total de ni\u00f1as, ni\u00f1os y adolescentes registrados, 86.9% fueron registrados durante su primer a\u00f1o de vida y el resto (13.1%) realizaron su registro en edades que van de uno a 17 a\u00f1os.<\/p>\n\n\n\n<p class=\"wp-block-paragraph\"><strong>En educaci\u00f3n preescolar no asisten 6.5 millones de ni\u00f1as y ni\u00f1os.<\/strong><\/p>\n\n\n\n<p class=\"wp-block-paragraph\">A pesar de que en M\u00e9xico la educaci\u00f3n preescolar constituye la fase inicial del sistema escolarizado y es obligatorio, de acuerdo a los datos de la Encuesta Intercensal 2015, de los 6.5 millones de ni\u00f1as y ni\u00f1os de tres a cinco a\u00f1os en el pa\u00eds, 35.8% no asisten a la escuela; es decir, uno de cada tres ni\u00f1as y ni\u00f1os en edad preescolar no desarrollan sus capacidades en este nivel, lo que puede repercutir en su aprendizaje y socializaci\u00f3n futura.<\/p>\n\n\n\n<p class=\"wp-block-paragraph\">Tambi\u00e9n es preocupante que, de acuerdo a los datos de la ENOE, al 4\u00ba Trimestre de 2018, 1.9% (133 mil &nbsp;461) de las ni\u00f1as y ni\u00f1os en edad escolar (de 6 a 11 a\u00f1os) no asiste a la escuela, situaci\u00f3n que marca una seria desventaja para el desarrollo de sus capacidades futuras.<\/p>\n\n\n\n<p class=\"wp-block-paragraph\">Respecto a los datos de la ENOE al 4\u00ba Trimestre de 2018, 1.1 millones de adolescentes de 16 y 17 a\u00f1os no asisten a la escuela, situaci\u00f3n que pone en riesgo el desarrollo de su m\u00e1ximo potencial para las edades futuras; de estos adolescentes, 21.8% cuenta con alg\u00fan grado aprobado en nivel primaria, 13.2% tiene secundaria incompleta y 62.8% han completado sus estudios de nivel secundaria.<\/p>\n\n\n\n<p class=\"wp-block-paragraph\"><strong>275 mil menores de 6 a 11 a\u00f1os realizaron alg\u00fan trabajo.<\/strong><\/p>\n\n\n\n<p class=\"wp-block-paragraph\">Por otra parte, datos del M\u00f3dulo de Trabajo Infantil (MTI) 2017, estiman que 2.0% de las ni\u00f1as y ni\u00f1os de 6 a 11 a\u00f1os de edad (275 mil menores de este grupo de edad) realizaron alg\u00fan tipo de trabajo; de ellos, 37.3% son mujeres y el 62.7% son hombres.<\/p>\n\n\n\n<p class=\"wp-block-paragraph\">De acuerdo al Art\u00edculo 32 sobre los Derechos de los Ni\u00f1os se establece que los Estados que signan este convenio reconocen el derecho del ni\u00f1o a estar protegido contra la explotaci\u00f3n econ\u00f3mica.<\/p>\n\n\n\n<p class=\"wp-block-paragraph\"><strong>46.1 % de mujeres adolescentes no usaron m\u00e9todos anticonceptivos.<\/strong><\/p>\n\n\n\n<p class=\"wp-block-paragraph\">El temprano inicio de las relaciones sexuales sin la debida protecci\u00f3n expone a enfermedades de transmisi\u00f3n sexual y embarazos no deseados que pueden alterar el proyecto de vida de las j\u00f3venes adolescentes.<\/p>\n\n\n\n<p class=\"wp-block-paragraph\">De acuerdo con la ENADID 2014, 46.1% de la poblaci\u00f3n de mujeres adolescentes de 15 a 17 a\u00f1os que iniciaron su vida sexual, no us\u00f3 alg\u00fan m\u00e9todo anticonceptivo, destacando que de ellas 16.9% no los utiliz\u00f3 porque no conoc\u00eda los m\u00e9todos y no sab\u00eda c\u00f3mo usarlos, adem\u00e1s de que no sab\u00eda d\u00f3nde obtenerlos.<\/p>\n\n\n\n<p class=\"wp-block-paragraph\">De acuerdo con la ENADID 2014, existe un importante porcentaje de mujeres j\u00f3venes entre los 15 a 17 a\u00f1os que cuentan con alg\u00fan embarazo, 9.6% de las adolescentes en este grupo de edad han estado alguna vez embarazadas, de las cuales 55.1% corresponde a las adolescentes de 17 a\u00f1os, 30.1% a las de 16 y 14.8% a las de 15 a\u00f1os.<\/p>\n\n\n\n<p class=\"wp-block-paragraph\"><strong>14.3 millones de ni\u00f1as, ni\u00f1os y adolescentes utilizan celular para conectarse a internet.<\/strong><\/p>\n\n\n\n<p class=\"wp-block-paragraph\">La Convenci\u00f3n sobre los Derechos del Ni\u00f1o provee aspectos importantes relacionados con los derechos de la infancia y los medios de comunicaci\u00f3n, as\u00ed como a tener las condiciones adecuadas para desarrollar habilidades que los ayuden a forjar sus propias opiniones y que garanticen su derecho a la libertad de expresi\u00f3n.<\/p>\n\n\n\n<p class=\"wp-block-paragraph\">Seg\u00fan datos de la Encuesta Nacional sobre Disponibilidad y Uso de Tecnolog\u00edas de la Informaci\u00f3n en los Hogares (ENDUTIH) 2017, hay 14.3 millones de ni\u00f1as, ni\u00f1os y adolescentes de 12 a 17 a\u00f1os; de esta poblaci\u00f3n, 72.9% cuenta con un celular inteligente para acceder a Internet y 41.5% se conecta por medio de una computadora de escritorio.<\/p>\n\n\n\n<p class=\"wp-block-paragraph\">Datos de la Encuesta Nacional sobre Disponibilidad y Uso de las TIC en los Hogares (ENDUTIH) 2017, muestra que los adolescentes de 12 a 17 a\u00f1os dedican gran parte del tiempo a navegar por Internet y al uso de redes sociales, principalmente Facebook (56%), Instagram (20%), Snapchat y Twitter (10%). Por sexo, destaca que los varones en este grupo de edad utilizan en mayor medida Twitter (56.3%), en tanto que las mujeres muestran igualmente una diferencia en el uso, tanto de la red social orientada a las empresas, negocios y empleo, Linkedin (60.4%), as\u00ed como Snapchat (60.1%) como aplicaci\u00f3n de mensajer\u00eda con soporte multimedia de imagen y video.<br><\/p>\n","protected":false},"excerpt":{"rendered":"<p>Elda Montiel 9.6 % de las mujeres j\u00f3venes entre los 15 a 17 a\u00f1os cuentan con alg\u00fan embarazo, ENADID 2014 Los ni\u00f1os representan el 30.1% de la poblaci\u00f3n total del pa\u00eds, inform\u00f3 INEGI en el D\u00eda del Ni\u00f1o SemM\u00e9xico. Ciudad de M\u00e9xico. 29 de abril 2019.- M\u00e9xico festeja el D\u00eda del Ni\u00f1o el 30 de [&hellip;]<\/p>\n","protected":false},"author":3,"featured_media":5817,"comment_status":"open","ping_status":"open","sticky":false,"template":"","format":"standard","meta":{"_monsterinsights_skip_tracking":false,"footnotes":""},"categories":[690,51],"tags":[],"class_list":["post-5816","post","type-post","status-publish","format-standard","has-post-thumbnail","category-690","category-ejecutivo"],"_links":{"self":[{"href":"https:\/\/redsemlac.com\/semmexico\/wp-json\/wp\/v2\/posts\/5816","targetHints":{"allow":["GET"]}}],"collection":[{"href":"https:\/\/redsemlac.com\/semmexico\/wp-json\/wp\/v2\/posts"}],"about":[{"href":"https:\/\/redsemlac.com\/semmexico\/wp-json\/wp\/v2\/types\/post"}],"author":[{"embeddable":true,"href":"https:\/\/redsemlac.com\/semmexico\/wp-json\/wp\/v2\/users\/3"}],"replies":[{"embeddable":true,"href":"https:\/\/redsemlac.com\/semmexico\/wp-json\/wp\/v2\/comments?post=5816"}],"version-history":[{"count":0,"href":"https:\/\/redsemlac.com\/semmexico\/wp-json\/wp\/v2\/posts\/5816\/revisions"}],"wp:featuredmedia":[{"embeddable":true,"href":"https:\/\/redsemlac.com\/semmexico\/wp-json\/wp\/v2\/media\/5817"}],"wp:attachment":[{"href":"https:\/\/redsemlac.com\/semmexico\/wp-json\/wp\/v2\/media?parent=5816"}],"wp:term":[{"taxonomy":"category","embeddable":true,"href":"https:\/\/redsemlac.com\/semmexico\/wp-json\/wp\/v2\/categories?post=5816"},{"taxonomy":"post_tag","embeddable":true,"href":"https:\/\/redsemlac.com\/semmexico\/wp-json\/wp\/v2\/tags?post=5816"}],"curies":[{"name":"wp","href":"https:\/\/api.w.org\/{rel}","templated":true}]}}