{"id":58107,"date":"2022-10-31T16:56:46","date_gmt":"2022-10-31T22:56:46","guid":{"rendered":"https:\/\/redsemlac.com\/semmexico\/?p=58107"},"modified":"2023-07-21T19:20:23","modified_gmt":"2023-07-22T00:20:23","slug":"violencia-de-genero-en-chilpancingo-acciones-del-gobierno-alcaldesa","status":"publish","type":"post","link":"https:\/\/redsemlac.com\/semmexico\/violencia-de-genero-en-chilpancingo-acciones-del-gobierno-alcaldesa\/","title":{"rendered":"Violencia de g\u00e9nero en Chilpancingo, acciones del gobierno, alcaldesa"},"content":{"rendered":"\n<ul class=\"wp-block-list\"><li>En Chilpancingo a las mujeres ya no las golpean, la principal violencia es la psicol\u00f3gica, afirm\u00f3 Blanca Alicia Camacho de la Cruz.<\/li><\/ul>\n\n\n\n<p class=\"wp-block-paragraph\"><br><strong>Josefina Aguilar Pastor<\/strong><br>SemM\u00e9xico, Chilpancingo, Guerro, 31 de octubre del 2022. La conferencia ma\u00f1anera que cada lunes ofrece la presidenta municipal de Chilpancingo Norma Otilia Hern\u00e1ndez Mart\u00ednez, la dedic\u00f3 a dar a conocer la atenci\u00f3n que su gobierno ha dado a la violencia en contra de mujeres, ni\u00f1as y adolescentes.<\/p>\n\n\n\n<p class=\"wp-block-paragraph\"><br>En Chilpancingo a las mujeres ya no las golpean, la principal violencia es la psicol\u00f3gica, afirm\u00f3 Blanca Alicia Camacho de la Cruz, directora del Instituto Municipal de Igualdad de G\u00e9nero; en tanto que la alcaldesa Norma Otilia Hern\u00e1ndez Mart\u00ednez, dio a conocer que la mayor parte de los servicios de auxilio por parte de la Secretaria de Seguridad P\u00fablica, son por violencia de g\u00e9nero.<\/p>\n\n\n\n<p class=\"wp-block-paragraph\"><br>Se vive dijo, una crisis profunda como nunca antes vista de descomposici\u00f3n social, producto de la pobreza, marginaci\u00f3n un d\u00e9ficit profundo en atenci\u00f3n a las hijas, hijos, desintegraci\u00f3n familiar, adicciones.<br>La violencia de g\u00e9nero existe, todav\u00eda no se rompe el circulo de la violencia, la mayor parte de las faltas y detenciones administrativas es violencia de g\u00e9nero, \u201ceso si lo quiero decir, la mayor parte de las detenciones es por violencia de g\u00e9nero\u201d, recalc\u00f3.<\/p>\n\n\n\n<p class=\"wp-block-paragraph\"><br>Al momento dijo, en la atenci\u00f3n a v\u00edctimas de violencia, implementan un proceso psicol\u00f3gico y acompa\u00f1amiento legal con las fiscal\u00edas, y es ah\u00ed cuando entran a otra competencia, donde la violencia de g\u00e9nero ya no es reconciliable, negociable y debe seguir el proceso de atenci\u00f3n y sanci\u00f3n, en el que el victimario se someta a un proceso reeducativo, por tratarse de un tema cultural.<\/p>\n\n\n\n<p class=\"wp-block-paragraph\"><br>Sin embargo, reconoci\u00f3 que al llegar a las fiscal\u00edas, a los ministerios p\u00fablicos, es donde muchas veces el proceso se trunca, \u201cno vienes golpeada, y \u00bfte vamos a levantar la averiguaci\u00f3n?\u2026 a veces quieren que vengan heridas, para que las puedan atender\u201d, lo que genera a veces fricciones entre la representaci\u00f3n del ayuntamiento y las fiscal\u00edas, se\u00f1al\u00f3 la alcaldesa.<\/p>\n\n\n\n<p class=\"wp-block-paragraph\"><br>Esta situaci\u00f3n indic\u00f3 la mun\u00edcipe, genera impunidad, al no recibir ning\u00fan tipo de sanci\u00f3n por la violencia que comete, el hombre violentador lo hace una y otra vez, hasta que la mujer decide dejar de denunciar y deja de confiar en las instituciones.<\/p>\n\n\n\n<p class=\"wp-block-paragraph\"><br>Por ello indic\u00f3 que implementa programas para atacar las causas de manera transversal y ha informado al secretario, que deber\u00e1n incorporar dos temas extras en su agenda; perspectiva de g\u00e9nero y medio ambiente, en este segundo a\u00f1o para atacar las causas.<\/p>\n\n\n\n<p class=\"wp-block-paragraph\"><br>En esta misma sinton\u00eda, se\u00f1al\u00f3 la falta de solidaridad y sororidad, que se ha convertido en el d\u00eda a d\u00eda, hoy cualquiera mata, saca una pistola y dispara si no se le da el paso, \u201cesa es nuestra cruda realidad\u201d, asent\u00f3.<\/p>\n\n\n\n<p class=\"wp-block-paragraph\"><br>En tanto, Blanca Alicia Camacho de la Cruz, directora del Instituto Municipal de Igualdad de G\u00e9nero, mencion\u00f3 que realizan un monitoreo diario de las alertas que por desaparici\u00f3n de mujeres, ni\u00f1as y adolescentes emite la Fiscal\u00eda General de Justicia (FGE), de las cuales, en lo que van del a\u00f1o, en Chilpancingo reportaron 14 fichas, de las cuales 12 fueron localizadas, y dos contin\u00faan pendientes.<br>De los feminicidios ocurridos en Chilpancingo, la funcionaria dijo que \u201cse hablaba de cinco\u201d; sin embargo afirm\u00f3 que son solo dos protocolizados, de acuerdo al protocolo de actuaci\u00f3n.<\/p>\n\n\n\n<p class=\"wp-block-paragraph\"><br>Al corresponder, como instancia municipal, la atenci\u00f3n y prevenci\u00f3n, mencion\u00f3 que dentro de los servicios que ofrece el Instituto Municipal, de septiembre de 2021 a septiembre 2022, coment\u00f3 que han atendido 360 personas, una vez a la semana, con lo que suman m\u00e1s de mil atenciones otorgadas.<br>En dicha atenci\u00f3n, se incluye a hombres principalmente de la tercera edad, violencia en contra de quienes indic\u00f3, se ha incrementado.<\/p>\n\n\n\n<p class=\"wp-block-paragraph\"><br>De las atenciones que ha otorgado en un a\u00f1o el Instituto Municipal de Igualdad de G\u00e9nero, la psicol\u00f3gica, es la de mayor \u00edndice, con 576 personas atendidas, le sigue la jur\u00eddica, 252; de las cuales, 274 han sido para mujeres y 46 a hombres.<\/p>\n\n\n\n<p class=\"wp-block-paragraph\"><br>\u201cYa a las mujeres no las golpean, yo se que la situaci\u00f3n psicol\u00f3gica tambi\u00e9n las mata, las denigra, pero ha bajado mucho la incidencia en violencia f\u00edsica\u201d, destac\u00f3 la funcionaria.<\/p>\n\n\n\n<p class=\"wp-block-paragraph\"><br>El rango de edad de las mujeres violentadas en el municipio de Chilpancingo, el mayor \u00edndice es de 35 a 40 a\u00f1os, le siguen las y los de la tercera edad, quienes adem\u00e1s de violencia psicol\u00f3gica, enfrentan violencia econ\u00f3mica.<\/p>\n\n\n\n<p class=\"wp-block-paragraph\"><br>Por otro lado, Camacho de la Cruz, mencion\u00f3 que han venido impartiendo pl\u00e1ticas sobre violencia a estudiantado del nivel medio superior y superior; a los que les aplican una encuesta de entrada y de salida, solo sobre el servicio otorgado, pero no elaborar un diagn\u00f3stico sobre la violencia que enfrenta la juventud \u201cno podemos preguntarles si han sufrido o sufren alg\u00fan tipo de violencia\u201d, ataj\u00f3.<br>Aunque las observaciones de la Alerta de Violencia de G\u00e9nero, les marca la operaci\u00f3n de un m\u00f3dulo de atenci\u00f3n y prevenci\u00f3n, el instituto cuenta con una serie de m\u00f3dulos itinerantes que son llevados a las colonias con mayores \u00edndices de violencia indic\u00f3 Camacho de la Cruz.<\/p>\n\n\n\n<p class=\"wp-block-paragraph\"><br>De la implementaci\u00f3n de la estrategia Spotlight para la atenci\u00f3n, prevenci\u00f3n y erradicaci\u00f3n de la violencia en adolescentes, mujeres y ni\u00f1as, que se aplica solo en tres Estados del pa\u00eds, Estado de M\u00e9xico, Chihuahua y Guerrero de \u00e9ste \u00faltimo solo en Chilpancingo, consta de seis fases, coment\u00f3 que est\u00e1n en el inicio de la segunda fase, debido a que al iniciar esta administraci\u00f3n, estaba por concluir la primera fase.<\/p>\n\n\n\n<p class=\"wp-block-paragraph\"><br>En ese mismo sentido la funcionaria, neg\u00f3 que se haya incrementado la violencia en el municipio de Chilpancingo como se dio a conocer en d\u00edas pasados \u201cquiero decirles que no hay tal\u201d, afirm\u00f3 y refiri\u00f3 que las estad\u00edsticas en la encuesta nacional son de 2016-2021 realizadas por el INEGI.<\/p>\n\n\n\n<p class=\"wp-block-paragraph\"><br>Sin embargo dichas cifras son generales, no hay desagregaci\u00f3n por municipio, \u201cy no es que haya subido el 53 por ciento, la que tuvo un incremento en el 2021, fue la familiar, por el Covid 19, en el pa\u00eds y el Estado en general\u201d, puntualiz\u00f3 la funcionaria.<br>Reiter\u00f3 \u201cno hay tales cifras que se hayan incrementado la violencia en ese grado y mucho menos en este a\u00f1o\u201d, sostuvo. Afirm\u00f3 que en a\u00f1os anteriores si se increment\u00f3, pero que en este 2022, se han reducido.<\/p>\n\n\n\n<p class=\"wp-block-paragraph\"><br>En esta misma exposici\u00f3n, la presidenta del DIF Municipal, Rosa Arely Hern\u00e1ndez Mart\u00ednez, dio a conocer que en la atenci\u00f3n de la violencia de g\u00e9nero, dicha instancia trabaja sobre diferentes leyes, entre ellas, de asistencia social, de desarrollo sustentable, de derechos de ni\u00f1as, ni\u00f1os y adolescentes, as\u00ed como la de desarrollo integral de las familias.<\/p>\n\n\n\n<p class=\"wp-block-paragraph\"><br>En ese sentido, inform\u00f3 que en este a\u00f1o, el DIF Municipal realiz\u00f3 diferentes actividades dirigidas a la prevenci\u00f3n, mencion\u00f3 que en ocasiones, en una sola semana, llegan a tender hasta tres ni\u00f1as, ni\u00f1os o adolescentes, \u201cno hay descanso, todos los d\u00edas, a veces estamos atendiendo desde temprano, al anochecer o la madrugada\u201d, refiri\u00f3.<\/p>\n\n\n\n<p class=\"wp-block-paragraph\"><br>A trav\u00e9s de la procuradur\u00eda de atenci\u00f3n al menor, Hern\u00e1ndez Mart\u00ednez inform\u00f3 que han brindado 363 asesor\u00edas jur\u00eddicas, levantado 64 actas, comparecencias y convenios; 609 atenciones psicol\u00f3gicas; han iniciado 37 carpetas de investigaci\u00f3n, en las diferentes agencias de los ministerios p\u00fablicos; 21 menores canalizados a la casa hogar; 4 al albergue de asuntos ind\u00edgenas y afromexicanos\/as del gobierno del Estado.<\/p>\n\n\n\n<p class=\"wp-block-paragraph\"><br>Han acompa\u00f1ado 35 procesos de dep\u00f3sitos de pensi\u00f3n alimenticia; 31 visitas domiciliarias de trabajo social, para verificar que se cumplan la ley; atenci\u00f3n a 22 llamadas an\u00f3nimas de violencia a menores de edad y 7 contra personas mayores; 21 casos de canalizaci\u00f3n al centro de justicia para mujeres; ingreso de menores vulnerables desde el nivel b\u00e1sico, medio superior y superior.<\/p>\n\n\n\n<p class=\"wp-block-paragraph\"><br>Evidenci\u00f3 el burocratismo con que operan las agencias del ministerio p\u00fablico, donde para canalizar a un ni\u00f1o\/a, tardan muchas horas, incluso en la madrugada, deben de mantener en esos lugares a menores de edad, por la tardanza para canalizarlos a la casa hogar, para iniciar las carpetas de investigaci\u00f3n.<\/p>\n\n\n\n<p class=\"wp-block-paragraph\"><br>\u201cEl hecho de que yo tenga a media noche a un\/a menor en la agencia del ministerio p\u00fablico es violencia institucional\u201d, como DIF, inician el procedimiento a veces desde la ma\u00f1ana, y terminan hasta la madrugada, ingresando a los menores, asent\u00f3.<\/p>\n\n\n\n<p class=\"wp-block-paragraph\"><br>Por otro lado, la directora del DIF Municipal de Chilpancingo, dio a conocer el inicio de programas de atenci\u00f3n a la violencia, como el de \u201cRedes Ciudadanas para las Familias\u201d, el dirigido para abatir el trabajo infantil, al referir que han encontrado muchos casos de ni\u00f1os trabajando y exponi\u00e9ndose a muchos delitos; as\u00ed como el denominado \u201cConstruyendo y Transformando\u201d, dirigido a la capacitaci\u00f3n de mujeres, principalmente madres solteras.<br>SEM\/MG<\/p>\n","protected":false},"excerpt":{"rendered":"<p>En Chilpancingo a las mujeres ya no las golpean, la principal violencia es la psicol\u00f3gica, afirm\u00f3 Blanca Alicia Camacho de la Cruz.<\/p>\n","protected":false},"author":3,"featured_media":58108,"comment_status":"open","ping_status":"open","sticky":false,"template":"","format":"standard","meta":{"_monsterinsights_skip_tracking":false,"footnotes":""},"categories":[693,51],"tags":[],"class_list":["post-58107","post","type-post","status-publish","format-standard","has-post-thumbnail","category-693","category-ejecutivo"],"_links":{"self":[{"href":"https:\/\/redsemlac.com\/semmexico\/wp-json\/wp\/v2\/posts\/58107","targetHints":{"allow":["GET"]}}],"collection":[{"href":"https:\/\/redsemlac.com\/semmexico\/wp-json\/wp\/v2\/posts"}],"about":[{"href":"https:\/\/redsemlac.com\/semmexico\/wp-json\/wp\/v2\/types\/post"}],"author":[{"embeddable":true,"href":"https:\/\/redsemlac.com\/semmexico\/wp-json\/wp\/v2\/users\/3"}],"replies":[{"embeddable":true,"href":"https:\/\/redsemlac.com\/semmexico\/wp-json\/wp\/v2\/comments?post=58107"}],"version-history":[{"count":0,"href":"https:\/\/redsemlac.com\/semmexico\/wp-json\/wp\/v2\/posts\/58107\/revisions"}],"wp:featuredmedia":[{"embeddable":true,"href":"https:\/\/redsemlac.com\/semmexico\/wp-json\/wp\/v2\/media\/58108"}],"wp:attachment":[{"href":"https:\/\/redsemlac.com\/semmexico\/wp-json\/wp\/v2\/media?parent=58107"}],"wp:term":[{"taxonomy":"category","embeddable":true,"href":"https:\/\/redsemlac.com\/semmexico\/wp-json\/wp\/v2\/categories?post=58107"},{"taxonomy":"post_tag","embeddable":true,"href":"https:\/\/redsemlac.com\/semmexico\/wp-json\/wp\/v2\/tags?post=58107"}],"curies":[{"name":"wp","href":"https:\/\/api.w.org\/{rel}","templated":true}]}}