{"id":5810,"date":"2019-04-29T14:52:23","date_gmt":"2019-04-29T14:52:23","guid":{"rendered":"https:\/\/redsemlac.com\/semmexico\/?p=5810"},"modified":"2023-07-21T14:48:42","modified_gmt":"2023-07-21T19:48:42","slug":"en-los-ultimos-tres-anos-las-agresiones-sexuales-contra-menores-de-edad-se-incrementaron-39-por-ciento","status":"publish","type":"post","link":"https:\/\/redsemlac.com\/semmexico\/en-los-ultimos-tres-anos-las-agresiones-sexuales-contra-menores-de-edad-se-incrementaron-39-por-ciento\/","title":{"rendered":"En los \u00faltimos tres a\u00f1os las agresiones sexuales contra menores de edad se incrementaron 39 por ciento."},"content":{"rendered":"\n<p class=\"wp-block-paragraph\"><a href=\"https:\/\/www.semmexico.com\/gallery-post.php?id=8013#\">Elda Montiel<\/a><\/p>\n\n\n\n<p class=\"wp-block-paragraph\">SemM\u00e9xico. Ciudad de M\u00e9xico. 29 de abril 2019.- La violencia que vive el pa\u00eds infringe por igual a ni\u00f1as, ni\u00f1os y adolescentes, ya que tan s\u00f3lo en lo que va del 2019 se han registrado 29 feminicidios en ni\u00f1as y adolescentes, es decir cerca de 10 feminicidios al mes.<\/p>\n\n\n\n<p class=\"wp-block-paragraph\">En el&nbsp;<strong>primer trimestre de 2019<\/strong>&nbsp;ocurrieron 285&nbsp;<strong>homicidios dolosos<\/strong>&nbsp;contra la poblaci\u00f3n de cero a 17 a\u00f1os, de modo que cada d\u00eda mueren tres menores v\u00edctimas de la violencia, se\u00f1al\u00f3 el director ejecutivo de la&nbsp;<a href=\"https:\/\/www.derechosinfancia.org.mx\/\">Red por los Derechos de la Infancia en M\u00e9xico<\/a>&nbsp;(REDIM), Juan Mart\u00ednez P\u00e9rez Garc\u00eda.<\/p>\n\n\n\n<p class=\"wp-block-paragraph\">Quien agreg\u00f3 que en los \u00faltimos tres a\u00f1os las agresiones sexuales contra menores de edad se incrementaron 39%, ya que de 2015 de 2 mil 81 incidentes, en 2018 se elev\u00f3 a 2 mil 919. Cifra que casi coincide con los 2 mil 809 denuncias por homicidios contra infantes reconocidos por Ricardo Bucio, secretario ejecutivo del Sistema Nacional de Protecci\u00f3n Integral de Ni\u00f1as, Ni\u00f1os y Adolescentes (SIPINNA).<\/p>\n\n\n\n<p class=\"wp-block-paragraph\">En este contexto de violencia, este 30 de abril nuestro pa\u00eds festeja a los 38.8 millones de ni\u00f1as, ni\u00f1os y adolescentes que representan el 30.1 % de la poblaci\u00f3n total del pa\u00eds y que como miembro de la Convenci\u00f3n de los Derechos de los Ni\u00f1os se comprometi\u00f3 a proteger y promover sus derechos.<\/p>\n\n\n\n<p class=\"wp-block-paragraph\">Ricardo Bucio fue m\u00e1s all\u00e1 al informar que aument\u00f3 la grave incidencia en la pornograf\u00eda y turismo sexual infantil, as\u00ed como el incremento de lesiones hacia este sector de la poblaci\u00f3n.&nbsp;Hay m\u00e1s de 305 % de aumento en \u00e9stas, por ejemplo, abuso sexual a ni\u00f1os menores de cinco a\u00f1os.<\/p>\n\n\n\n<p class=\"wp-block-paragraph\">El funcionario reconoci\u00f3 que vivimos una situaci\u00f3n que ha ido permeando el hecho de que se normalice la violencia y se hayan ido perdiendo los mecanismos de protecci\u00f3n y anunci\u00f3 que el gobierno actual presentar\u00e1 acciones para combatir esta violencia en el que incluyen la participaci\u00f3n de autoridades federales, estatales y locales, durante el Festival de los Derechos de la Ni\u00f1ez, que se realiz\u00f3 el fin de semana en el en el Complejo Cultural de Los Pinos.<\/p>\n\n\n\n<p class=\"wp-block-paragraph\">De acuerdo a los datos del Secretariado Ejecutivo del Sistema Nacional de Seguridad P\u00fablica (SNSP) son cinco estados los que concentran la mayor\u00eda de los incidentes registrados en 2018, encabezados por el Estado de M\u00e9xico con 701 casos, Baja California con 320 casos, Nuevo Le\u00f3n con 317, Puebla con 271, y Chihuahua con 218.<\/p>\n\n\n\n<p class=\"wp-block-paragraph\">El defensor social se refiri\u00f3 a que el mundo jur\u00eddico no le da valor al testimonio de un menor, y por ley, ellos no pueden presentar una denuncia directa, sino que deben hacerlo su tutor o padres, y de acuerdo a las estad\u00edsticas, ocho de cada 10 abusos sexuales son cometidos por familiares.<\/p>\n\n\n\n<p class=\"wp-block-paragraph\"><strong>Urgente Estrategia de prevenci\u00f3n y atenci\u00f3n de la Violencia contra ni\u00f1as, ni\u00f1os y adolescentes.<\/strong><\/p>\n\n\n\n<p class=\"wp-block-paragraph\">Juan Mart\u00edn P\u00e9rez Garc\u00eda, director ejecutivo del REDIM, se\u00f1al\u00f3 que es urgente que el Estado establezca una estrategia de prevenci\u00f3n y atenci\u00f3n a la violencia contra ni\u00f1os, ni\u00f1as y adolescentes, con apoyo de expertos internacionales y sociedad civil; sustentada en la ley, con responsables institucionales, y presupuesto.<\/p>\n\n\n\n<p class=\"wp-block-paragraph\">Con lo que coincidi\u00f3 Sandy Poire, directora de Calidad y Asuntos Internacionales de Save the Children M\u00e9xico, quien dijo que ser\u00e1 muy importante que este gobierno implemente una medida pol\u00edtica nacional y fortalezca el sistema judicial para proteger a los menores. &nbsp;<\/p>\n\n\n\n<p class=\"wp-block-paragraph\">Por su parte, P\u00e9rez Garc\u00eda, destac\u00f3 que de cada 100 carpetas de investigaci\u00f3n donde las v\u00edctimas son ni\u00f1as, ni\u00f1os o adolescentes, solo hay una sentencia condenatoria, apunt\u00f3 \u201cno vemos una estrategia diferente de los \u00faltimos tres presidentes, hay militarizaci\u00f3n y centralizaci\u00f3n en lo federal, no se fortalecen las polic\u00edas locales y hay&nbsp;muy pocas carpetas de investigaci\u00f3n, y cada d\u00eda menos sentencias por delitos contra esta poblaci\u00f3n.\u201d<\/p>\n\n\n\n<p class=\"wp-block-paragraph\">El director ejecutivo de REDIM ha se\u00f1alado en diversas conferencias que el gobierno de Andr\u00e9s Manuel L\u00f3pez Obrador no ha priorizado a ni\u00f1as, ni\u00f1os y adolescentes, sino que ha cancelado, cerrado o cambiado programas como el de instancias infantiles, los comedores populares, y el de jornaleros agr\u00edcolas.<\/p>\n\n\n\n<p class=\"wp-block-paragraph\">Adem\u00e1s de lo anterior se recort\u00f3 un 16 por ciento al presupuesto del DIF nacional, lo que impacta a las procuradur\u00edas de protecci\u00f3n de ni\u00f1os, ni\u00f1as y adolescentes.<\/p>\n\n\n\n<p class=\"wp-block-paragraph\">Tambi\u00e9n se refiri\u00f3 a la firma del compromiso del entonces candidato Andr\u00e9s Manuel, con las organizaciones que impulsaron #MXporLaNi\u00f1ez el pasado 30 de abril de 2018, y coment\u00f3: \u201cNo hemos encontrado en su discurso, ni en la transici\u00f3n, ni ahora en la Presidencia, que priorice a la ni\u00f1ez.\u201d, aunque confi\u00f3 que finalmente el presidente L\u00f3pez pueda honrar su palabra y m\u00e1s all\u00e1 de ese tema, tiene que saber que est\u00e1 obligado a cumplir las leyes y el marco normativo\u201d.<br><\/p>\n","protected":false},"excerpt":{"rendered":"<p>Elda Montiel SemM\u00e9xico. Ciudad de M\u00e9xico. 29 de abril 2019.- La violencia que vive el pa\u00eds infringe por igual a ni\u00f1as, ni\u00f1os y adolescentes, ya que tan s\u00f3lo en lo que va del 2019 se han registrado 29 feminicidios en ni\u00f1as y adolescentes, es decir cerca de 10 feminicidios al mes. En el&nbsp;primer trimestre de [&hellip;]<\/p>\n","protected":false},"author":3,"featured_media":5811,"comment_status":"open","ping_status":"open","sticky":false,"template":"","format":"standard","meta":{"_monsterinsights_skip_tracking":false,"footnotes":""},"categories":[690,51],"tags":[],"class_list":["post-5810","post","type-post","status-publish","format-standard","has-post-thumbnail","category-690","category-ejecutivo"],"_links":{"self":[{"href":"https:\/\/redsemlac.com\/semmexico\/wp-json\/wp\/v2\/posts\/5810","targetHints":{"allow":["GET"]}}],"collection":[{"href":"https:\/\/redsemlac.com\/semmexico\/wp-json\/wp\/v2\/posts"}],"about":[{"href":"https:\/\/redsemlac.com\/semmexico\/wp-json\/wp\/v2\/types\/post"}],"author":[{"embeddable":true,"href":"https:\/\/redsemlac.com\/semmexico\/wp-json\/wp\/v2\/users\/3"}],"replies":[{"embeddable":true,"href":"https:\/\/redsemlac.com\/semmexico\/wp-json\/wp\/v2\/comments?post=5810"}],"version-history":[{"count":0,"href":"https:\/\/redsemlac.com\/semmexico\/wp-json\/wp\/v2\/posts\/5810\/revisions"}],"wp:featuredmedia":[{"embeddable":true,"href":"https:\/\/redsemlac.com\/semmexico\/wp-json\/wp\/v2\/media\/5811"}],"wp:attachment":[{"href":"https:\/\/redsemlac.com\/semmexico\/wp-json\/wp\/v2\/media?parent=5810"}],"wp:term":[{"taxonomy":"category","embeddable":true,"href":"https:\/\/redsemlac.com\/semmexico\/wp-json\/wp\/v2\/categories?post=5810"},{"taxonomy":"post_tag","embeddable":true,"href":"https:\/\/redsemlac.com\/semmexico\/wp-json\/wp\/v2\/tags?post=5810"}],"curies":[{"name":"wp","href":"https:\/\/api.w.org\/{rel}","templated":true}]}}