{"id":58086,"date":"2022-10-31T11:42:37","date_gmt":"2022-10-31T17:42:37","guid":{"rendered":"https:\/\/redsemlac.com\/semmexico\/?p=58086"},"modified":"2023-07-21T19:20:24","modified_gmt":"2023-07-22T00:20:24","slug":"100-anos-del-muralismo-mexicano-rescate-y-divulgacion-del-legado-de-las-mujeres-muralistas-charla-con-grecia-perez-calderon","status":"publish","type":"post","link":"https:\/\/redsemlac.com\/semmexico\/100-anos-del-muralismo-mexicano-rescate-y-divulgacion-del-legado-de-las-mujeres-muralistas-charla-con-grecia-perez-calderon\/","title":{"rendered":"100 a\u00f1os del muralismo mexicano, rescate y divulgaci\u00f3n del legado de las mujeres muralistas, charla con Grecia P\u00e9rez Calder\u00f3n"},"content":{"rendered":"\n<ul class=\"wp-block-list\"><li><strong>La actividad se llevar\u00e1 a cabo el pr\u00f3ximo 1\u00ba de noviembre en el recinto del INBAL en el estado de Morelos.<\/strong><\/li><\/ul>\n\n\n\n<p class=\"wp-block-paragraph\"><strong>Redacci\u00f3n<\/strong><\/p>\n\n\n\n<p class=\"wp-block-paragraph\">SemM\u00e9xico, Ciudad de M\u00e9xico, 31 de octubre del 2022.- &nbsp;Las mujeres que han participado en la evoluci\u00f3n del muralismo en nuestro pa\u00eds, y el papel que tuvieron dentro de un movimiento que transform\u00f3 de manera radical el arte p\u00fablico en M\u00e9xico durante el siglo XX es el tema medular de la charla \u201cEl regreso de las muralistas: rescates actuales de mujeres que pintaron la historia\u201d que se llevar\u00e1 a cabo el pr\u00f3ximo martes 1\u00ba de noviembre a las 13:00 horas en La Tallera a cargo de la historiadora del arte Grecia P\u00e9rez Calder\u00f3n.<\/p>\n\n\n\n<p class=\"wp-block-paragraph\">En la Tallera, ubicada en Cuernavaca, Morelos, ser\u00e1 la sede de dicha conferencia organizada por el Campus Morelos de la Universidad Nacional Aut\u00f3noma de M\u00e9xico (UNAM), con apoyo de la Secretar\u00eda de Cultura del Gobierno de M\u00e9xico y el Instituto Nacional de Bellas Artes y Literatura (INBAL), en el marco de las actividades programadas para conmemorar los 100 a\u00f1os del muralismo mexicano.<\/p>\n\n\n\n<p class=\"wp-block-paragraph\">La historia ofrece un reconocimiento al trabajo que en la \u00faltima d\u00e9cada han realizado historiadoras del arte y mujeres artistas para rescatar y divulgar los legados de mujeres muralistas que crearon obras clave para la historia de M\u00e9xico. \u201cMe interesa abordar las obras, los libros y los archivos realizados por mujeres contempor\u00e1neas que buscan crear una historia m\u00e1s diversa y generar referentes para las nuevas generaciones\u201d, se\u00f1al\u00f3 en entrevista Grecia P\u00e9rez.<\/p>\n\n\n\n<p class=\"wp-block-paragraph\">Se trata de ejercicios de sororidad intergeneracional en las cuales mujeres de hoy rescatan a mujeres del pasado, y en los que se abordar\u00e1n cinco proyectos. El primero es la obra colectiva El mural que debi\u00f3 ser, que fue gestionado por la curadora Dea L\u00f3pez y la artista Cassandra Sumano; seguido del libro y proyecto digital Rina Lazo: muralista mesoamericana, creado por F\u00e1tima Anzueto; el libro Eclipse de siete lunas, de Dina Comisarenco; el libro Aurora Reyes: alma de monta\u00f1a, escrito por Margarita Aguilar, y el archivo Mujeres muralistas, realizado por la artista Scarlett Baily.<\/p>\n\n\n\n<p class=\"wp-block-paragraph\">\u201cEstos ejemplos muestran c\u00f3mo las mujeres encabezan la construcci\u00f3n de una historia m\u00e1s diversa; conocer estos proyectos puede ayudar a la gente a tener una visi\u00f3n m\u00e1s amplia sobre el arte p\u00fablico mexicano, considero que es fundamental crear nuevas narrativas que expresen con justicia las contribuciones de las mujeres a la sociedad\u201d, dijo.<\/p>\n\n\n\n<p class=\"wp-block-paragraph\">Para la conferencista, cuando se habla de muralismo mexicano se tienen los referentes cl\u00e1sicos de artistas que generaron obras clave, pero tambi\u00e9n existen otras y otros creadores que hicieron trabajos tambi\u00e9n relevantes, pero que no se les otorgaron los espacios principales. \u201cLos hombres muralistas siempre tuvieron acceso a los edificios de gobierno donde est\u00e1n albergadas sus grandes obras, en contraste, a las mujeres muralistas les daban espacios no vinculados con el poder pol\u00edtico, como escuelas o mercados\u201d, acot\u00f3 Grecia P\u00e9rez.<\/p>\n\n\n\n<p class=\"wp-block-paragraph\">\u201cCuando Mar\u00eda Izquierdo iba a tener un espacio en un edificio de gobierno, el Palacio del Ayuntamiento del Distrito Federal se le dio la comisi\u00f3n, pero despu\u00e9s se le cancel\u00f3 y eso fue un primer obst\u00e1culo. Despu\u00e9s encontraron hasta la d\u00e9cada de los setenta a mujeres que son invitadas a pintar murales en el Museo Nacional de Antropolog\u00eda, pero son casi 40 a\u00f1os de la historia del muralismo en donde ellas fueron relegadas, sin embargo, siempre crearon obras que hablan del papel de las mujeres como gente creativa de la historia y fundamental en el desarrollo social de M\u00e9xico\u201d, puntualiz\u00f3.&nbsp;&nbsp;<\/p>\n\n\n\n<p class=\"wp-block-paragraph\">Las muralistas ampliaron el repertorio de im\u00e1genes sobre las mujeres del pueblo mexicano, detall\u00f3. \u201cTradicionalmente se les hab\u00eda representado como madres, Adelitas y campesinas. Las artistas muestran a las mujeres como protagonistas, ya sea como alegor\u00edas, como representantes de la ciudad contempor\u00e1nea o como las encargadas de realizar trabajos en primer plano. Todo esto ocurre en un contexto donde la participaci\u00f3n de mujeres en el espacio p\u00fablico aumentaba paulatinamente y se trataba de representarlas como art\u00edfices del progreso en su \u00e9poca, como agentes activas en la vida pol\u00edtica, social y cultural\u201d, concluy\u00f3.<\/p>\n\n\n\n<p class=\"wp-block-paragraph\">Grecia P\u00e9rez Calder\u00f3n es fundadora de Ellas Artes, plataforma de educaci\u00f3n sobre arte con perspectiva de g\u00e9nero; especialista en historia del arte y profesora en la UNAM. Ha ganado premios internacionales como el primer lugar en el Creative Bootcamp del British Council, el premio Explorer: J\u00f3venes con Soluciones de Banco Santander y la beca Creadoras Camp para j\u00f3venes feministas latinoamericanas. Ha presentado conferencias en instituciones como la UNAM, el Centro de la Imagen y el Centro Nacional de las Artes.<\/p>\n\n\n\n<p class=\"wp-block-paragraph\">SEM\/MG<\/p>\n","protected":false},"excerpt":{"rendered":"<p>La actividad se llevar\u00e1 a cabo el pr\u00f3ximo 1\u00ba de noviembre en el recinto del INBAL en el estado de Morelos.<\/p>\n","protected":false},"author":3,"featured_media":58087,"comment_status":"open","ping_status":"open","sticky":false,"template":"","format":"standard","meta":{"_monsterinsights_skip_tracking":false,"footnotes":""},"categories":[693,45,46],"tags":[],"class_list":["post-58086","post","type-post","status-publish","format-standard","has-post-thumbnail","category-693","category-cultura","category-cultura-cultura"],"_links":{"self":[{"href":"https:\/\/redsemlac.com\/semmexico\/wp-json\/wp\/v2\/posts\/58086","targetHints":{"allow":["GET"]}}],"collection":[{"href":"https:\/\/redsemlac.com\/semmexico\/wp-json\/wp\/v2\/posts"}],"about":[{"href":"https:\/\/redsemlac.com\/semmexico\/wp-json\/wp\/v2\/types\/post"}],"author":[{"embeddable":true,"href":"https:\/\/redsemlac.com\/semmexico\/wp-json\/wp\/v2\/users\/3"}],"replies":[{"embeddable":true,"href":"https:\/\/redsemlac.com\/semmexico\/wp-json\/wp\/v2\/comments?post=58086"}],"version-history":[{"count":0,"href":"https:\/\/redsemlac.com\/semmexico\/wp-json\/wp\/v2\/posts\/58086\/revisions"}],"wp:featuredmedia":[{"embeddable":true,"href":"https:\/\/redsemlac.com\/semmexico\/wp-json\/wp\/v2\/media\/58087"}],"wp:attachment":[{"href":"https:\/\/redsemlac.com\/semmexico\/wp-json\/wp\/v2\/media?parent=58086"}],"wp:term":[{"taxonomy":"category","embeddable":true,"href":"https:\/\/redsemlac.com\/semmexico\/wp-json\/wp\/v2\/categories?post=58086"},{"taxonomy":"post_tag","embeddable":true,"href":"https:\/\/redsemlac.com\/semmexico\/wp-json\/wp\/v2\/tags?post=58086"}],"curies":[{"name":"wp","href":"https:\/\/api.w.org\/{rel}","templated":true}]}}