{"id":5807,"date":"2019-04-30T14:50:58","date_gmt":"2019-04-30T14:50:58","guid":{"rendered":"https:\/\/redsemlac.com\/semmexico\/?p=5807"},"modified":"2023-07-21T14:48:41","modified_gmt":"2023-07-21T19:48:41","slug":"se-investigara-el-caso-bajo-el-protocolo-de-feminicidio","status":"publish","type":"post","link":"https:\/\/redsemlac.com\/semmexico\/se-investigara-el-caso-bajo-el-protocolo-de-feminicidio\/","title":{"rendered":"Se investigar\u00e1 el caso bajo el protocolo de feminicidio."},"content":{"rendered":"\n<p class=\"wp-block-paragraph\"><a href=\"https:\/\/www.semmexico.com\/gallery-post.php?id=8016#\">Redacci\u00f3n<\/a><\/p>\n\n\n\n<p class=\"wp-block-paragraph\">SemM\u00e9xico, Cd. de M\u00e9xico, 30 abril 2019.- Ya hay los primeros indicios sobre el asesinato de la joven estudiante del CCH Oriente, Aide\u00e9 Mendoza, el disparo fue hecho desde el mismo sal\u00f3n de clases de donde se encontraba. As\u00ed lo confirm\u00f3 \u00e9sta ma\u00f1ana la titular de la Procuradur\u00eda capitalina, Ernestina Godoy, en entrevista con Carlos Loret de Mola.<\/p>\n\n\n\n<p class=\"wp-block-paragraph\">\u201cLos impactos surgieron dentro del sal\u00f3n. Al parecer inicialmente pensaron que era un desvanecimiento y no se dieron cuenta que estaba herida. (\u2026) Es un asesinato por un disparo de arma de fuego, est\u00e1n a punto de terminar con la necropsia de ley que nos permitir\u00e1 determinar la trayectoria\u201d, asever\u00f3 la procuradora capitalina.<\/p>\n\n\n\n<p class=\"wp-block-paragraph\">Tambi\u00e9n detall\u00f3 que la investigaci\u00f3n del caso estar\u00e1 bajo el protocolo de feminicidio. \u201cEstamos avanzando toda la noche, desde la tarde hemos estado realizando las primeras diligencias de acuerdo a los protocolos de investigaci\u00f3n de feminicidio (\u2026) No tenemos el m\u00f3vil a\u00fan, estamos armando las diligencias, como es el protocolo de feminicidio no queremos que se nos vaya ninguna l\u00ednea de investigaci\u00f3n\u201d.<\/p>\n\n\n\n<p class=\"wp-block-paragraph\">De las autoridades de la Universidad Nacional Aut\u00f3noma de M\u00e9xico (UNAM) s\u00f3lo se ha conocido el comunicado de ayer informando la identidad y el fallecimiento de la joven estudiante y que fue atendida de inmediato por los servicios m\u00e9dicos del plantel y trasladada a bordo de una ambulancia al Hospital del ISSSTE de Zaragoza. Pero lamentablemente falleci\u00f3.<\/p>\n\n\n\n<p class=\"wp-block-paragraph\">En el mismo documento detalla, que la UNAM, brindar\u00e1 todas las facilidades y apoyos necesarios a la familia y a la autoridad correspondiente, para que \u00e9sta lleve a cabo una investigaci\u00f3n a fondo y los hechos puedan ser esclarecidos.<\/p>\n\n\n\n<p class=\"wp-block-paragraph\">Por su parte, trasciende en redes sociales que la comunidad estudiantil del CCH y de la Facultad de Ciencias Pol\u00edticas y Sociales, est\u00e1n convocando a una \u201casamblea urgente\u201d, el d\u00eda de hoy, en respuesta al asesinato de Aide\u00e9.<\/p>\n\n\n\n<p class=\"wp-block-paragraph\">Hasta el momento no se ha brindado m\u00e1s informaci\u00f3n, por lo pronto las autoridades de la m\u00e1xima casa de estudios, mantendr\u00e1n la suspensi\u00f3n de actividades del CCH, el d\u00eda de hoy a fin de facilitar el desarrollo de las investigaciones. &nbsp;<\/p>\n\n\n\n<p class=\"wp-block-paragraph\">SEM\/ilmt\/sj<\/p>\n","protected":false},"excerpt":{"rendered":"<p>Redacci\u00f3n SemM\u00e9xico, Cd. de M\u00e9xico, 30 abril 2019.- Ya hay los primeros indicios sobre el asesinato de la joven estudiante del CCH Oriente, Aide\u00e9 Mendoza, el disparo fue hecho desde el mismo sal\u00f3n de clases de donde se encontraba. As\u00ed lo confirm\u00f3 \u00e9sta ma\u00f1ana la titular de la Procuradur\u00eda capitalina, Ernestina Godoy, en entrevista con [&hellip;]<\/p>\n","protected":false},"author":3,"featured_media":5808,"comment_status":"open","ping_status":"open","sticky":false,"template":"","format":"standard","meta":{"_monsterinsights_skip_tracking":false,"footnotes":""},"categories":[690,51],"tags":[],"class_list":["post-5807","post","type-post","status-publish","format-standard","has-post-thumbnail","category-690","category-ejecutivo"],"_links":{"self":[{"href":"https:\/\/redsemlac.com\/semmexico\/wp-json\/wp\/v2\/posts\/5807","targetHints":{"allow":["GET"]}}],"collection":[{"href":"https:\/\/redsemlac.com\/semmexico\/wp-json\/wp\/v2\/posts"}],"about":[{"href":"https:\/\/redsemlac.com\/semmexico\/wp-json\/wp\/v2\/types\/post"}],"author":[{"embeddable":true,"href":"https:\/\/redsemlac.com\/semmexico\/wp-json\/wp\/v2\/users\/3"}],"replies":[{"embeddable":true,"href":"https:\/\/redsemlac.com\/semmexico\/wp-json\/wp\/v2\/comments?post=5807"}],"version-history":[{"count":0,"href":"https:\/\/redsemlac.com\/semmexico\/wp-json\/wp\/v2\/posts\/5807\/revisions"}],"wp:featuredmedia":[{"embeddable":true,"href":"https:\/\/redsemlac.com\/semmexico\/wp-json\/wp\/v2\/media\/5808"}],"wp:attachment":[{"href":"https:\/\/redsemlac.com\/semmexico\/wp-json\/wp\/v2\/media?parent=5807"}],"wp:term":[{"taxonomy":"category","embeddable":true,"href":"https:\/\/redsemlac.com\/semmexico\/wp-json\/wp\/v2\/categories?post=5807"},{"taxonomy":"post_tag","embeddable":true,"href":"https:\/\/redsemlac.com\/semmexico\/wp-json\/wp\/v2\/tags?post=5807"}],"curies":[{"name":"wp","href":"https:\/\/api.w.org\/{rel}","templated":true}]}}