{"id":58051,"date":"2022-10-30T12:14:30","date_gmt":"2022-10-30T18:14:30","guid":{"rendered":"https:\/\/redsemlac.com\/semmexico\/?p=58051"},"modified":"2023-07-21T19:20:25","modified_gmt":"2023-07-22T00:20:25","slug":"estudiantes-de-artesanias-montan-macro-craneo-en-palacio-de-bellas-artes","status":"publish","type":"post","link":"https:\/\/redsemlac.com\/semmexico\/estudiantes-de-artesanias-montan-macro-craneo-en-palacio-de-bellas-artes\/","title":{"rendered":"Estudiantes de Artesan\u00edas montan Macro cr\u00e1neo en Palacio de Bellas Artes\u00a0"},"content":{"rendered":"\n<p class=\"wp-block-paragraph\">SemM\u00e9xico, Ciudad de M\u00e9xico, 30 de octubre, 2022.- Un Macro Cr\u00e1neo realizado por estudiantes y maestros de la Escuela de Artesan\u00edas del Instituto Nacional de Bellas Artes y Literatura (Inbal) permanecer\u00e1 hasta el 2 de noviembre en el vest\u00edbulo del Palacio de Bellas Artes, ofrenda monumental dedicada al D\u00eda de Muertos.&nbsp;&nbsp;<\/p>\n\n\n\n<p class=\"wp-block-paragraph\">La ofrenda est\u00e1 formada por una base cil\u00edndrica de un metro de altura y un cr\u00e1neo art\u00edstico de un 1 X 1 m. aproximadamente, reconstruido con m\u00e1s de mil piezas de peque\u00f1os espejos cortados.&nbsp;&nbsp;<\/p>\n\n\n\n<p class=\"wp-block-paragraph\">La base est\u00e1 cubierta con un mantel adornado con flores de cempas\u00fachil, seis guajes, 20 peque\u00f1as calaveras de cer\u00e1mica, seis canastos con mazorcas de ma\u00edz y nueve floreros con diversas especies que representan el ciclo de la vida y la muerte, a la usanza de los antiguos habitantes del Valle de M\u00e9xico.&nbsp;&nbsp;<\/p>\n\n\n\n<p class=\"wp-block-paragraph\">La muestra estar\u00e1 abierta al p\u00fablico hasta el mi\u00e9rcoles 2 de noviembre, de la 11.00 a las 18.00 horas.&nbsp;&nbsp;&nbsp;<\/p>\n","protected":false},"excerpt":{"rendered":"<p>Un Macro Cr\u00e1neo realizado por estudiantes y maestros de la Escuela de Artesan\u00edas del Instituto Nacional de Bellas Artes y Literatura (Inbal) permanecer\u00e1 hasta el 2 de noviembre en el vest\u00edbulo del Palacio de Bellas Artes, ofrenda monumental dedicada al D\u00eda de Muertos.\u00a0<\/p>\n","protected":false},"author":3,"featured_media":58053,"comment_status":"open","ping_status":"open","sticky":false,"template":"","format":"standard","meta":{"_monsterinsights_skip_tracking":false,"footnotes":""},"categories":[693,45,46],"tags":[],"class_list":["post-58051","post","type-post","status-publish","format-standard","has-post-thumbnail","category-693","category-cultura","category-cultura-cultura"],"_links":{"self":[{"href":"https:\/\/redsemlac.com\/semmexico\/wp-json\/wp\/v2\/posts\/58051","targetHints":{"allow":["GET"]}}],"collection":[{"href":"https:\/\/redsemlac.com\/semmexico\/wp-json\/wp\/v2\/posts"}],"about":[{"href":"https:\/\/redsemlac.com\/semmexico\/wp-json\/wp\/v2\/types\/post"}],"author":[{"embeddable":true,"href":"https:\/\/redsemlac.com\/semmexico\/wp-json\/wp\/v2\/users\/3"}],"replies":[{"embeddable":true,"href":"https:\/\/redsemlac.com\/semmexico\/wp-json\/wp\/v2\/comments?post=58051"}],"version-history":[{"count":0,"href":"https:\/\/redsemlac.com\/semmexico\/wp-json\/wp\/v2\/posts\/58051\/revisions"}],"wp:featuredmedia":[{"embeddable":true,"href":"https:\/\/redsemlac.com\/semmexico\/wp-json\/wp\/v2\/media\/58053"}],"wp:attachment":[{"href":"https:\/\/redsemlac.com\/semmexico\/wp-json\/wp\/v2\/media?parent=58051"}],"wp:term":[{"taxonomy":"category","embeddable":true,"href":"https:\/\/redsemlac.com\/semmexico\/wp-json\/wp\/v2\/categories?post=58051"},{"taxonomy":"post_tag","embeddable":true,"href":"https:\/\/redsemlac.com\/semmexico\/wp-json\/wp\/v2\/tags?post=58051"}],"curies":[{"name":"wp","href":"https:\/\/api.w.org\/{rel}","templated":true}]}}