{"id":5804,"date":"2019-04-30T14:49:36","date_gmt":"2019-04-30T14:49:36","guid":{"rendered":"https:\/\/redsemlac.com\/semmexico\/?p=5804"},"modified":"2023-07-21T14:48:41","modified_gmt":"2023-07-21T19:48:41","slug":"en-vilo-recursos-por-90-mdp-y-400-proyectos","status":"publish","type":"post","link":"https:\/\/redsemlac.com\/semmexico\/en-vilo-recursos-por-90-mdp-y-400-proyectos\/","title":{"rendered":"En vilo recursos por 90 mdp y 400 proyectos"},"content":{"rendered":"\n<p class=\"wp-block-paragraph\"><a href=\"https:\/\/www.semmexico.com\/gallery-post.php?id=8020#\">Sara Lovera<\/a><\/p>\n\n\n\n<p class=\"wp-block-paragraph\">SemM\u00e9xico, Cd. de M\u00e9xico, 30 abril 2019.- Hoy la Junta de Gobierno del Instituto Nacional de las Mujeres deber\u00e1 acordar cuestiones fundamentales como el despido de m\u00e1s de 50 trabajadoras y trabajadores; el programa de trabajo de esa instituci\u00f3n y el destino de 90 millones de pesos etiquetados para el programa PROEQUIDAD, recursos para organizaciones sociales.<\/p>\n\n\n\n<p class=\"wp-block-paragraph\">Seg\u00fan un comunicado del Consejo Social del INMUJERES se demandar\u00e1, con argumentos s\u00f3lidos, que sea publicada la convocatoria para este programa que&nbsp;se reserv\u00f3 por la Secretar\u00eda de la Funci\u00f3n P\u00fablica desde el 18 de febrero, porque mantenerlo contradice la circular 1 del Presidente Andr\u00e9s Manuel L\u00f3pez Obrador, del 14 de febrero, quien&nbsp;prohibi\u00f3 canalizar recursos &#8211; \u201cni un centavo\u201d- para&nbsp;las organizaciones de la sociedad civil. Tal como sucedi\u00f3 con las guarder\u00edas y se discute el c\u00f3mo para los refugios para mujeres violentadas.<\/p>\n\n\n\n<p class=\"wp-block-paragraph\">Para defender el programa, las integrantes de 400 organizaciones que est\u00e1n preparando el Encuentro Nacional Feminista 2019 que se llevar\u00e1 a cabo en Xalapa, Veracruz, anunciaron que un grupo se presentar\u00e1 esta tarde en&nbsp;INMUJERES donde se llevar\u00e1 a cabo la reuni\u00f3n de la Junta de Gobierno que comienza a las 16 horas. Y se suman a las Consejeras Sociales para defender la continuidad del programa.<\/p>\n\n\n\n<p class=\"wp-block-paragraph\">El PROEQUIDAD fue un fondo establecido en 2002, durante el gobierno de Vicente Fox, cuando apenas naci\u00f3 INMUJERES y s\u00f3lo en 2018 benefici\u00f3 a 172 organizaciones civiles de mujeres y seg\u00fan el informe en consultado en la web de INMUJERES; entre 2002 y 2013, el mismo programa financi\u00f3 a 383 organizaciones para la realizaci\u00f3n de 587 proyectos.<\/p>\n\n\n\n<p class=\"wp-block-paragraph\">Los proyectos de los grupos de mujeres se enfocan a fortalecer el liderazgo de mujeres; previniendo el embarazo en adolescentes, en la promoci\u00f3n y defensa de los derechos humanos y ciudadanos, sexuales y reproductivos de las mujeres.<\/p>\n\n\n\n<p class=\"wp-block-paragraph\">Esas organizaciones concursan, hacen proyectos, buscan y apuntalan la reducci\u00f3n de brechas de g\u00e9nero en comunidades ind\u00edgenas y, en los \u00faltimos tiempos, cooperan para prevenir la violencia en todas sus expresiones, como la violencia pol\u00edtica de g\u00e9nero.<\/p>\n\n\n\n<p class=\"wp-block-paragraph\">La informaci\u00f3n oficial asegura desde hace un mes que el programa se mantendr\u00e1, que s\u00f3lo se hacen ajustes a los t\u00e9rminos de referencia y las formas c\u00f3mo habr\u00e1 de proporcionarse. Las Consejeras Sociales aseguran que defender\u00e1n el programa con argumentos jur\u00eddicos y pol\u00edticos. Que se trata de un programa prioritario y pedir\u00e1n la \u201cpronta publicaci\u00f3n de la convocatoria\u201d.<\/p>\n\n\n\n<p class=\"wp-block-paragraph\">Tan importante porque, seg\u00fan dice INMUJERES,&nbsp;el presupuesto del PROEQUIDAD se increment\u00f3 a\u00f1o con a\u00f1o, tanto que creci\u00f3 m\u00e1s de 450 por ciento de 2013 a 2018. En 2013 fue de 13 millones 936 mil 120 de pesos y en 2018 de 76 millones 884 mil 393 pesos.<\/p>\n\n\n\n<p class=\"wp-block-paragraph\">Este a\u00f1o la C\u00e1mara de Diputados dispuso para las organizaciones civiles o los trabajos de g\u00e9nero fuera del INMUJERES&nbsp;cerca de 90 millones de pesos. Habr\u00e1 que saber hoy que ha concluido la Funci\u00f3n P\u00fablica en conflicto te inter\u00e9s con la circular presidencial.<\/p>\n\n\n\n<p class=\"wp-block-paragraph\"><strong>Despidos<\/strong><\/p>\n\n\n\n<p class=\"wp-block-paragraph\">Hoy ser\u00e1 el \u00faltimo d\u00eda de trabajo del abogado Pablo Navarrete, coordinador de Asuntos Jur\u00eddicos, quien entregar\u00e1 su oficina ma\u00f1ana. \u00c9l es quien m\u00e1s ha difundido el crecimiento de la violencia de g\u00e9nero.<\/p>\n\n\n\n<p class=\"wp-block-paragraph\">Tambi\u00e9n ser\u00e1 el&nbsp;\u00faltimo d\u00eda de trabajo del equipo de Comunicaci\u00f3n Social, que encabeza Marta Cabrera; as\u00ed como todo el personal de Finanzas y otros departamentos. Ser\u00e1 sustituida por un hombre, Carlos Vargas, quien ya estuvo en INMUJERES durante el gobierno de Felipe Calder\u00f3n, y es de Jalisco.<\/p>\n\n\n\n<p class=\"wp-block-paragraph\">Se presentar\u00e1 en la reuni\u00f3n de la Junta de Gobierno la nueva Secretar\u00eda Ejecutiva, M\u00f3nica Macise Duayhe; igualmente los cambios en las \u00e1reas de violencia y algunas administrativas. Se tendr\u00e1 que discutir el monto de las liquidaciones. Y tambi\u00e9n d\u00f3nde no habr\u00e1 cambios, como en el \u00e1rea de Capacitaci\u00f3n. Se van las \u00e1reas de Estad\u00edstica y de Transversalidad.<\/p>\n\n\n\n<p class=\"wp-block-paragraph\">SEM\/sl\/sj<\/p>\n","protected":false},"excerpt":{"rendered":"<p>Sara Lovera SemM\u00e9xico, Cd. de M\u00e9xico, 30 abril 2019.- Hoy la Junta de Gobierno del Instituto Nacional de las Mujeres deber\u00e1 acordar cuestiones fundamentales como el despido de m\u00e1s de 50 trabajadoras y trabajadores; el programa de trabajo de esa instituci\u00f3n y el destino de 90 millones de pesos etiquetados para el programa PROEQUIDAD, recursos [&hellip;]<\/p>\n","protected":false},"author":3,"featured_media":5805,"comment_status":"open","ping_status":"open","sticky":false,"template":"","format":"standard","meta":{"_monsterinsights_skip_tracking":false,"footnotes":""},"categories":[690,51,69],"tags":[],"class_list":["post-5804","post","type-post","status-publish","format-standard","has-post-thumbnail","category-690","category-ejecutivo","category-sara-lovera"],"_links":{"self":[{"href":"https:\/\/redsemlac.com\/semmexico\/wp-json\/wp\/v2\/posts\/5804","targetHints":{"allow":["GET"]}}],"collection":[{"href":"https:\/\/redsemlac.com\/semmexico\/wp-json\/wp\/v2\/posts"}],"about":[{"href":"https:\/\/redsemlac.com\/semmexico\/wp-json\/wp\/v2\/types\/post"}],"author":[{"embeddable":true,"href":"https:\/\/redsemlac.com\/semmexico\/wp-json\/wp\/v2\/users\/3"}],"replies":[{"embeddable":true,"href":"https:\/\/redsemlac.com\/semmexico\/wp-json\/wp\/v2\/comments?post=5804"}],"version-history":[{"count":0,"href":"https:\/\/redsemlac.com\/semmexico\/wp-json\/wp\/v2\/posts\/5804\/revisions"}],"wp:featuredmedia":[{"embeddable":true,"href":"https:\/\/redsemlac.com\/semmexico\/wp-json\/wp\/v2\/media\/5805"}],"wp:attachment":[{"href":"https:\/\/redsemlac.com\/semmexico\/wp-json\/wp\/v2\/media?parent=5804"}],"wp:term":[{"taxonomy":"category","embeddable":true,"href":"https:\/\/redsemlac.com\/semmexico\/wp-json\/wp\/v2\/categories?post=5804"},{"taxonomy":"post_tag","embeddable":true,"href":"https:\/\/redsemlac.com\/semmexico\/wp-json\/wp\/v2\/tags?post=5804"}],"curies":[{"name":"wp","href":"https:\/\/api.w.org\/{rel}","templated":true}]}}