{"id":5798,"date":"2019-04-30T14:45:14","date_gmt":"2019-04-30T14:45:14","guid":{"rendered":"https:\/\/redsemlac.com\/semmexico\/?p=5798"},"modified":"2023-07-21T14:48:41","modified_gmt":"2023-07-21T19:48:41","slug":"preocupa-los-datos-oficiales-3-ninas-ninas-o-adolescentes-son-asesinados-por-dia","status":"publish","type":"post","link":"https:\/\/redsemlac.com\/semmexico\/preocupa-los-datos-oficiales-3-ninas-ninas-o-adolescentes-son-asesinados-por-dia\/","title":{"rendered":"Preocupa los datos oficiales: 3 ni\u00f1as, ni\u00f1as o adolescentes son asesinados por d\u00eda."},"content":{"rendered":"\n<p class=\"wp-block-paragraph\"><a href=\"https:\/\/www.semmexico.com\/gallery-post.php?id=8031#\">Redacci\u00f3n<\/a><\/p>\n\n\n\n<p class=\"wp-block-paragraph\"><strong>SemM\u00e9xico, Ciudad de M\u00e9xico, 30 abril 2019<\/strong>.- El gobierno mexicano debe reconocer la gravedad de los \u00edndices de violencia contra ni\u00f1as, ni\u00f1os y adolescentes, plante\u00f3 en un comunicado la organizaci\u00f3n internacional Save the Children a prop\u00f3sito del D\u00eda del Ni\u00f1o y de la Ni\u00f1a.<\/p>\n\n\n\n<p class=\"wp-block-paragraph\">La organizaci\u00f3n pide dar m\u00e1xima prioridad a la protecci\u00f3n de ni\u00f1as, ni\u00f1os y adolescentes con pol\u00edticas p\u00fablicas efectivas y un presupuesto suficiente para implementarlas, despu\u00e9s de que el presidente Andr\u00e9s Manuel L\u00f3pez Obrador cuestionara hoy la veracidad de los datos oficiales que confirman que tres ni\u00f1as, ni\u00f1os o adolescentes son asesinados cada d\u00eda en M\u00e9xico.<\/p>\n\n\n\n<p class=\"wp-block-paragraph\">\u201cLos datos oficiales de Gobierno registran en promedio tres ni\u00f1as, ni\u00f1os o adolescentes asesinados cada d\u00eda en el pa\u00eds. Es urgente que el Gobierno mexicano reconozca la gravedad de esta realidad y priorice su atenci\u00f3n mediante pol\u00edticas efectivas y presupuesto suficiente.<\/p>\n\n\n\n<p class=\"wp-block-paragraph\">\u201cLa protecci\u00f3n de los derechos de la ni\u00f1ez, particularmente el derecho a la vida, no puede esperar. La sociedad mexicana no debe ser paciente al observar estas atrocidades. Es fundamental exigir al Estado que proteja y garantice el derecho a la vida, al desarrollo y al bienestar de cada ni\u00f1a y ni\u00f1o\u201d,&nbsp;subraya Nancy Ram\u00edrez, directora de Incidencia Pol\u00edtica de Save the Children en M\u00e9xico.<\/p>\n\n\n\n<p class=\"wp-block-paragraph\">La violencia es el problema que m\u00e1s preocupa a ni\u00f1as, ni\u00f1os y adolescentes en M\u00e9xico. Los crecientes \u00edndices de violencia han tenido como consecuencia el incremento de menores de edad entre las v\u00edctimas de homicidio. Seg\u00fan datos del Instituto Nacional de Estad\u00edstica y Geograf\u00eda (INEGI), entre 2015 y 2017, los homicidios entre 0 y 17 a\u00f1os aumentaron cada a\u00f1o, pasando de mil 57 (2015) a mil 126 (2016) y mil 498 (2017).<\/p>\n\n\n\n<p class=\"wp-block-paragraph\">Por su parte, los feminicidios en ni\u00f1as y adolescentes de 0 a 17 a\u00f1os tambi\u00e9n se incrementaron en los \u00faltimos a\u00f1os. Mientras en&nbsp;2015 se contabilizaron 50 casos, en 2018 fueron 86, de acuerdo al Secretariado Ejecutivo del Sistema Nacional de Seguridad P\u00fablica (SESNSP). Veracruz, Estado de M\u00e9xico, Puebla, Chihuahua y Nuevo Le\u00f3n fueron los estados con m\u00e1s casos.&nbsp;<\/p>\n\n\n\n<p class=\"wp-block-paragraph\"><strong>Programas p\u00fablicos no han funcionado&nbsp;<\/strong><\/p>\n\n\n\n<p class=\"wp-block-paragraph\">\u201cLas cifras y el contexto diario que viven las ni\u00f1as y ni\u00f1os revelan que los programas p\u00fablicos de prevenci\u00f3n de la violencia no han funcionado. Es imperativo e inaplazable que el Gobierno mexicano establezca una estrategia nacional para atender las causas estructurales de la violencia contra la ni\u00f1ez y la adolescencia, que promueva un cambio cultural y de conciencia y garantice la impartici\u00f3n de justicia. Asimismo, deben incrementarse los recursos para la protecci\u00f3n de la ni\u00f1ez, ya que es uno de los derechos a los que se asigna menor presupuesto p\u00fablico.\u201d, insiste Nancy Ram\u00edrez.<\/p>\n\n\n\n<p class=\"wp-block-paragraph\">En M\u00e9xico,&nbsp;7 de cada 10 ni\u00f1os y ni\u00f1as&nbsp;son v\u00edctimas de alg\u00fan tipo de&nbsp;violencia, como castigo f\u00edsico, acoso escolar, abuso, explotaci\u00f3n y violencia intrafamiliar o social, propia del contexto en el que vive. Seg\u00fan datos de la Organizaci\u00f3n para la Cooperaci\u00f3n y Desarrollo Econ\u00f3mico (OCDE),&nbsp;M\u00e9xico ocupa el primer lugar de violencia&nbsp;f\u00edsica, abuso sexual y homicidios entre menores de 14 a\u00f1os. Se estima que un 70% de NNA est\u00e1 sometido a alg\u00fan proceso violento en la escuela, en la casa o derivado del crimen organizado.<\/p>\n\n\n\n<p class=\"wp-block-paragraph\">\u201cNi\u00f1as, ni\u00f1os y adolescentes se encuentran en un entorno hostil, cargado de fuertes relaciones violentas en la comunidad, pero tambi\u00e9n en la escuela y en su hogar. El estr\u00e9s t\u00f3xico al que est\u00e1n sometidos puede derivar en conductas como ansiedad, sentimientos constantes de miedo, estr\u00e9s postraum\u00e1tico, deterioro del desempe\u00f1o acad\u00e9mico o abandono escolar, somatizaci\u00f3n como dolores estomacales, dolores de cabeza y otros relacionados con causas emocionales y no f\u00edsicas\u201d, explica Nancy Ram\u00edrez.<\/p>\n\n\n\n<p class=\"wp-block-paragraph\">Save the Children recuerda la necesidad de fortalecer el sistema de protecci\u00f3n integral de la ni\u00f1ez, dot\u00e1ndolo de recursos humanos y financieros suficientes y efectivos, y elevando su nivel pol\u00edtico para que pueda cumplir con su funci\u00f3n de articular la pol\u00edtica nacional para la infancia y la adolescencia, tanto a nivel nacional como local, y contemplando un enfoque de prevenci\u00f3n, atenci\u00f3n y remediaci\u00f3n. La organizaci\u00f3n considera imprescindible la creaci\u00f3n de entornos donde ni\u00f1as, ni\u00f1os y adolescentes se sientan y vivan seguros.<\/p>\n\n\n\n<p class=\"wp-block-paragraph\">\u201cLa violencia impacta severamente en el desarrollo de ni\u00f1as, ni\u00f1os y adolescentes, con consecuencias devastadoras en su presente y futuro. Lograr una sociedad pac\u00edfica, justa y pr\u00f3spera, inicia por garantizar que cada ni\u00f1a y ni\u00f1o crezca en entornos seguros, estables y libres de violencia, y que tengan la posibilidad de participar activamente en la transformaci\u00f3n social\u201d,&nbsp;concluye Nancy Ram\u00edrez.<\/p>\n\n\n\n<p class=\"wp-block-paragraph\"><br>SEM\/sj<br><\/p>\n","protected":false},"excerpt":{"rendered":"<p>Redacci\u00f3n SemM\u00e9xico, Ciudad de M\u00e9xico, 30 abril 2019.- El gobierno mexicano debe reconocer la gravedad de los \u00edndices de violencia contra ni\u00f1as, ni\u00f1os y adolescentes, plante\u00f3 en un comunicado la organizaci\u00f3n internacional Save the Children a prop\u00f3sito del D\u00eda del Ni\u00f1o y de la Ni\u00f1a. La organizaci\u00f3n pide dar m\u00e1xima prioridad a la protecci\u00f3n de [&hellip;]<\/p>\n","protected":false},"author":3,"featured_media":5799,"comment_status":"open","ping_status":"open","sticky":false,"template":"","format":"standard","meta":{"_monsterinsights_skip_tracking":false,"footnotes":""},"categories":[690,51],"tags":[],"class_list":["post-5798","post","type-post","status-publish","format-standard","has-post-thumbnail","category-690","category-ejecutivo"],"_links":{"self":[{"href":"https:\/\/redsemlac.com\/semmexico\/wp-json\/wp\/v2\/posts\/5798","targetHints":{"allow":["GET"]}}],"collection":[{"href":"https:\/\/redsemlac.com\/semmexico\/wp-json\/wp\/v2\/posts"}],"about":[{"href":"https:\/\/redsemlac.com\/semmexico\/wp-json\/wp\/v2\/types\/post"}],"author":[{"embeddable":true,"href":"https:\/\/redsemlac.com\/semmexico\/wp-json\/wp\/v2\/users\/3"}],"replies":[{"embeddable":true,"href":"https:\/\/redsemlac.com\/semmexico\/wp-json\/wp\/v2\/comments?post=5798"}],"version-history":[{"count":0,"href":"https:\/\/redsemlac.com\/semmexico\/wp-json\/wp\/v2\/posts\/5798\/revisions"}],"wp:featuredmedia":[{"embeddable":true,"href":"https:\/\/redsemlac.com\/semmexico\/wp-json\/wp\/v2\/media\/5799"}],"wp:attachment":[{"href":"https:\/\/redsemlac.com\/semmexico\/wp-json\/wp\/v2\/media?parent=5798"}],"wp:term":[{"taxonomy":"category","embeddable":true,"href":"https:\/\/redsemlac.com\/semmexico\/wp-json\/wp\/v2\/categories?post=5798"},{"taxonomy":"post_tag","embeddable":true,"href":"https:\/\/redsemlac.com\/semmexico\/wp-json\/wp\/v2\/tags?post=5798"}],"curies":[{"name":"wp","href":"https:\/\/api.w.org\/{rel}","templated":true}]}}