{"id":57786,"date":"2022-10-24T13:01:02","date_gmt":"2022-10-24T19:01:02","guid":{"rendered":"https:\/\/redsemlac.com\/semmexico\/?p=57786"},"modified":"2023-07-21T19:19:34","modified_gmt":"2023-07-22T00:19:34","slug":"alina-sentenciada-a-45-anos-en-prision-por-defenderse-de-su-agresor","status":"publish","type":"post","link":"https:\/\/redsemlac.com\/semmexico\/alina-sentenciada-a-45-anos-en-prision-por-defenderse-de-su-agresor\/","title":{"rendered":"Alina, sentenciada a 45 a\u00f1os en prisi\u00f3n por defenderse de su agresor"},"content":{"rendered":"\n<ul class=\"wp-block-list\"><li><strong>Petici\u00f3n p\u00fablica al fiscal de Baja California.<\/strong><\/li><li><strong>Era oficial de polic\u00eda y esta instituci\u00f3n no ha hecho m\u00e1s que&nbsp;<\/strong><strong>revictimizarla y vulnerar sus derechos<\/strong><strong>, siendo parte de la violencia sist\u00e9mica del Estado.<\/strong><\/li><\/ul>\n\n\n\n<p class=\"wp-block-paragraph\"><strong>Micaela M\u00e1rquez<\/strong><\/p>\n\n\n\n<p class=\"wp-block-paragraph\">SemM\u00e9xico, Ciudad de M\u00e9xico, 24 de octubre del 2022.- En la plataforma de peticiones p\u00fablicas change.org y en la que se perfila a ser la petici\u00f3n con m\u00e1s firmas y que va dirigida al Fiscal del Estado de Baja California se pide la libertad de Alina en prisi\u00f3n por haberse defendido de su agresor.<\/p>\n\n\n\n<p class=\"wp-block-paragraph\">Alina, el haber sido oficial de polic\u00eda se pone en su contra, pues las autoridades en lugar de apoyarla la mantienen encerrada, ya dos a\u00f1os y siete meses, sin fecha para el juicio, no la escuchan y la revictimizan al ser <strong>exhibida por las autoridades y medios locales<\/strong><strong>&nbsp;<\/strong>al publicar su nombre completo y fotograf\u00edas de ella sin su consentimiento, todo con tal de desvirtuar su historia.<\/p>\n\n\n\n<p class=\"wp-block-paragraph\">La madre de nombre Sara, quien pide juicio justo y la liberaci\u00f3n de Alina recluida en la prisi\u00f3n de la Mesa de Otay en Tijuana, se\u00f1ala que las pruebas presentadas sobre los a\u00f1os de abuso que sufri\u00f3 jam\u00e1s fueron tomadas en cuenta en el juicio, y la sentencian a 45 a\u00f1os de prisi\u00f3n injustamente por hacer uso de su derecho a leg\u00edtima defensa. &nbsp;&nbsp;<\/p>\n\n\n\n<p class=\"wp-block-paragraph\">El argumento de las autoridades es que puede fugarse, cuando ella misma fue quien llam\u00f3 a las autoridades y se entreg\u00f3.<\/p>\n\n\n\n<p class=\"wp-block-paragraph\">Ella estudi\u00f3, al igual que su ex esposo, para ser oficial de polic\u00eda y esta instituci\u00f3n no ha hecho m\u00e1s que&nbsp;<strong>revictimizarla y vulnerar sus derechos<\/strong>, siendo parte de la violencia sist\u00e9mica del Estado que viven todos los d\u00edas las mujeres, se expone en la petici\u00f3n.<\/p>\n\n\n\n<p class=\"wp-block-paragraph\">\u00a1No es justo que culpen a la v\u00edctima por defenderse y la castiguen como lo est\u00e1n haciendo! Ella acudi\u00f3 a las autoridades para demostrar el maltrato que sufr\u00eda y nadie la escuch\u00f3.&nbsp;<strong>Ella s\u00f3lo se defendi\u00f3<\/strong>. La verdad, ya no s\u00e9 qu\u00e9 m\u00e1s hacer; como madre, me encuentro desesperada, escribi\u00f3 Sara, la madre.&nbsp;<\/p>\n\n\n\n<p class=\"wp-block-paragraph\">\u201cPido a las&nbsp;<strong>autoridades judiciales del estado de Tijuana<\/strong><strong>,&nbsp;<\/strong>como a la Fiscal\u00eda General del Estado de Baja California y su fiscal&nbsp;<strong>Ricardo Iv\u00e1n Carpio S\u00e1nchez, que liberen a mi hija<\/strong><strong>,<\/strong> den fecha de su audiencia y que todo su proceso legal sea tratado con perspectiva de g\u00e9nero\u201d.<\/p>\n\n\n\n<p class=\"wp-block-paragraph\">Los hechos dados a conocer por Alina en medios locales, ya que las autoridades no la escuchan, se\u00f1alan que el 12 de diciembre de 2019, en defensa propia, Alina tom\u00f3 una pistola y, en medio de una golpiza que le dej\u00f3 marcado el cuello y la quijada, le dispar\u00f3 en el departamento en el que viv\u00edan ambos. No hab\u00eda posibilidades de que saliera con vida contra su agresor con mayor fuerza y bajo el influjo de las drogas y el alcohol.<\/p>\n\n\n\n<p class=\"wp-block-paragraph\">Las audiencias de Alina han sido rezagadas y est\u00e1n detenidas desde hace meses, una de sus peticiones es que permitan que su proceso contin\u00fae conforme derecho. Cuando la llaman, las autoridades en las audiencias lo hacen como testigo y no como v\u00edctima.&nbsp;<\/p>\n\n\n\n<p class=\"wp-block-paragraph\">La Sindicatura Municipal limpi\u00f3 el expediente de Luis Rodrigo Ju\u00e1rez Arellano, pero a\u00fan bajo el silencio de la dependencia de los actos violentos hay testimonios de los mismos elementos de la corporaci\u00f3n, tambi\u00e9n hay mensajes de celular y registros de llamadas. Son los rastros de la violencia en el cuerpo de Alina, del que tambi\u00e9n hay fotograf\u00edas en poder del Ministerio P\u00fablico que no quisieron acreditar.<\/p>\n\n\n\n<p class=\"wp-block-paragraph\"><a href=\"https:\/\/www.change.org\/p\/fgr-bc-fgebc-cedhbc-fue-leg%C3%ADtima-defensa-libertad-para-alina\">https:\/\/www.change.org\/p\/fgr-bc-fgebc-cedhbc-fue-leg%C3%ADtima-defensa-libertad-para-alina<\/a><\/p>\n\n\n\n<p class=\"wp-block-paragraph\">SEM\/MG<\/p>\n","protected":false},"excerpt":{"rendered":"<p>Petici\u00f3n p\u00fablica al fiscal de Baja California.<\/p>\n","protected":false},"author":3,"featured_media":57787,"comment_status":"open","ping_status":"open","sticky":false,"template":"","format":"standard","meta":{"_monsterinsights_skip_tracking":false,"footnotes":""},"categories":[693,47,48],"tags":[],"class_list":["post-57786","post","type-post","status-publish","format-standard","has-post-thumbnail","category-693","category-no-mas-impunidad","category-no-mas-impunidad-no-mas-impunidad"],"_links":{"self":[{"href":"https:\/\/redsemlac.com\/semmexico\/wp-json\/wp\/v2\/posts\/57786","targetHints":{"allow":["GET"]}}],"collection":[{"href":"https:\/\/redsemlac.com\/semmexico\/wp-json\/wp\/v2\/posts"}],"about":[{"href":"https:\/\/redsemlac.com\/semmexico\/wp-json\/wp\/v2\/types\/post"}],"author":[{"embeddable":true,"href":"https:\/\/redsemlac.com\/semmexico\/wp-json\/wp\/v2\/users\/3"}],"replies":[{"embeddable":true,"href":"https:\/\/redsemlac.com\/semmexico\/wp-json\/wp\/v2\/comments?post=57786"}],"version-history":[{"count":0,"href":"https:\/\/redsemlac.com\/semmexico\/wp-json\/wp\/v2\/posts\/57786\/revisions"}],"wp:featuredmedia":[{"embeddable":true,"href":"https:\/\/redsemlac.com\/semmexico\/wp-json\/wp\/v2\/media\/57787"}],"wp:attachment":[{"href":"https:\/\/redsemlac.com\/semmexico\/wp-json\/wp\/v2\/media?parent=57786"}],"wp:term":[{"taxonomy":"category","embeddable":true,"href":"https:\/\/redsemlac.com\/semmexico\/wp-json\/wp\/v2\/categories?post=57786"},{"taxonomy":"post_tag","embeddable":true,"href":"https:\/\/redsemlac.com\/semmexico\/wp-json\/wp\/v2\/tags?post=57786"}],"curies":[{"name":"wp","href":"https:\/\/api.w.org\/{rel}","templated":true}]}}