{"id":57763,"date":"2022-10-24T09:34:13","date_gmt":"2022-10-24T15:34:13","guid":{"rendered":"https:\/\/redsemlac.com\/semmexico\/?p=57763"},"modified":"2023-07-21T19:19:35","modified_gmt":"2023-07-22T00:19:35","slug":"iniciativa-para-exentar-del-pago-de-isr-por-venta-de-inmuebles-a-mayores-de-65-anos","status":"publish","type":"post","link":"https:\/\/redsemlac.com\/semmexico\/iniciativa-para-exentar-del-pago-de-isr-por-venta-de-inmuebles-a-mayores-de-65-anos\/","title":{"rendered":"Iniciativa para exentar del pago de ISR por venta de inmuebles a mayores de 65 a\u00f1os"},"content":{"rendered":"\n<ul class=\"wp-block-list\"><li><strong>En el pa\u00eds hay m\u00e1s de 15.1 millones de personas de 60 a\u00f1os y m\u00e1s, lo que significa 12 por ciento del total de la poblaci\u00f3n, por lo que es necesario garantizarles mayores beneficios.<\/strong><\/li><\/ul>\n\n\n\n<p class=\"wp-block-paragraph\"><strong>Micaela M\u00e1rquez<\/strong><\/p>\n\n\n\n<p class=\"wp-block-paragraph\">SemM\u00e9xico, Ciudad de M\u00e9xico, 24 de octubre del 2022.- Ante la situaci\u00f3n compleja para las personas mayores de 65 a\u00f1os, que a pesar de ser una fuerza laboral, por cuestiones de edad cada vez les resulta m\u00e1s dif\u00edcil acceder a un empleo formal, la diputada N\u00e9lida Ivonne Sabrina D\u00edaz Tejeda, del PRI, impulsa una iniciativa para exentar del pago del Impuesto Sobre la Renta a todas las ventas de inmuebles que realicen las personas de 65 a\u00f1os y m\u00e1s, independientemente de la fecha de la \u00faltima enajenaci\u00f3n.<\/p>\n\n\n\n<p class=\"wp-block-paragraph\">La iniciativa que ya fue turnada a la Comisi\u00f3n de Hacienda y Cr\u00e9dito P\u00fablico de la C\u00e1mara de Diputados, plantea adicionar un tercer p\u00e1rrafo al inciso a) de la fracci\u00f3n XIX del art\u00edculo 93 de la Ley del Impuesto Sobre la Renta, con el objetivo de ampliar los beneficios para las personas adultas mayores y, con ello, permitir que reorienten sus recursos para satisfacer sus necesidades.<\/p>\n\n\n\n<p class=\"wp-block-paragraph\">En los argumentos se destaca que en el pa\u00eds hay m\u00e1s de 15.1 millones de adultos de 60 a\u00f1os y m\u00e1s, lo que significa 12 por ciento del total de la poblaci\u00f3n, por lo que es necesario garantizarles mayores beneficios. \u201cEl panorama es complejo para este grupo de poblaci\u00f3n que los obliga a trabajar de manera precaria, informal o mal remunerada, sin seguridad social y dependientes de su familia o de los programas sociales vigentes\u201d, a\u00f1ade.<\/p>\n\n\n\n<p class=\"wp-block-paragraph\">De acuerdo a las estimaciones de la Organizaci\u00f3n para la Cooperaci\u00f3n y el Desarrollo Econ\u00f3micos (OCDE) en 2050 M\u00e9xico tendr\u00e1 10 millones de personas mayores en condiciones de pobreza, de los cuales 63 por ciento no tendr\u00e1 pensi\u00f3n y 55 por ciento padecer\u00e1 enfermedades cr\u00f3nico-degenerativas.<\/p>\n\n\n\n<p class=\"wp-block-paragraph\">Puntualiza que la esperanza de vida en el pa\u00eds ha aumentado de forma casi permanente desde hace cien a\u00f1os, pasando de 34 a\u00f1os en 1930 a 78 para mujeres y 72 para hombres en 2020, y la tendencia es que a medida que esta se incremente, las pol\u00edticas dirigidas a las personas mayores se deber\u00e1n fortalecer y ser una prioridad.<\/p>\n\n\n\n<p class=\"wp-block-paragraph\">SEM\/MG<\/p>\n","protected":false},"excerpt":{"rendered":"<p>En el pa\u00eds hay m\u00e1s de 15.1 millones de adultos de 60 a\u00f1os y m\u00e1s, lo que significa 12 por ciento del total de la poblaci\u00f3n, por lo que es necesario garantizarles mayores beneficios.<\/p>\n","protected":false},"author":3,"featured_media":57764,"comment_status":"open","ping_status":"open","sticky":false,"template":"","format":"standard","meta":{"_monsterinsights_skip_tracking":false,"footnotes":""},"categories":[693,50],"tags":[],"class_list":["post-57763","post","type-post","status-publish","format-standard","has-post-thumbnail","category-693","category-congreso"],"_links":{"self":[{"href":"https:\/\/redsemlac.com\/semmexico\/wp-json\/wp\/v2\/posts\/57763","targetHints":{"allow":["GET"]}}],"collection":[{"href":"https:\/\/redsemlac.com\/semmexico\/wp-json\/wp\/v2\/posts"}],"about":[{"href":"https:\/\/redsemlac.com\/semmexico\/wp-json\/wp\/v2\/types\/post"}],"author":[{"embeddable":true,"href":"https:\/\/redsemlac.com\/semmexico\/wp-json\/wp\/v2\/users\/3"}],"replies":[{"embeddable":true,"href":"https:\/\/redsemlac.com\/semmexico\/wp-json\/wp\/v2\/comments?post=57763"}],"version-history":[{"count":0,"href":"https:\/\/redsemlac.com\/semmexico\/wp-json\/wp\/v2\/posts\/57763\/revisions"}],"wp:featuredmedia":[{"embeddable":true,"href":"https:\/\/redsemlac.com\/semmexico\/wp-json\/wp\/v2\/media\/57764"}],"wp:attachment":[{"href":"https:\/\/redsemlac.com\/semmexico\/wp-json\/wp\/v2\/media?parent=57763"}],"wp:term":[{"taxonomy":"category","embeddable":true,"href":"https:\/\/redsemlac.com\/semmexico\/wp-json\/wp\/v2\/categories?post=57763"},{"taxonomy":"post_tag","embeddable":true,"href":"https:\/\/redsemlac.com\/semmexico\/wp-json\/wp\/v2\/tags?post=57763"}],"curies":[{"name":"wp","href":"https:\/\/api.w.org\/{rel}","templated":true}]}}