{"id":57752,"date":"2022-10-24T09:28:19","date_gmt":"2022-10-24T15:28:19","guid":{"rendered":"https:\/\/redsemlac.com\/semmexico\/?p=57752"},"modified":"2023-07-21T19:19:35","modified_gmt":"2023-07-22T00:19:35","slug":"realizan-encuentro-estatal-somos-tu-red-de-apoyo-en-favor-de-las-mujeres-que-sufren-violencia-en-chiapas","status":"publish","type":"post","link":"https:\/\/redsemlac.com\/semmexico\/realizan-encuentro-estatal-somos-tu-red-de-apoyo-en-favor-de-las-mujeres-que-sufren-violencia-en-chiapas\/","title":{"rendered":"Realizan encuentro estatal \u201cSomos tu Red de Apoyo\u201d en favor de las mujeres que sufren violencia en Chiapas"},"content":{"rendered":"\n<ul class=\"wp-block-list\"><li><strong>De acuerdo a datos de la Fiscal\u00eda de Feminicidios, de enero a septiembre del presente a\u00f1o se han registrado 32 feminicidios.<\/strong><\/li><\/ul>\n\n\n\n<p class=\"wp-block-paragraph\"><strong>Gabriela Couti\u00f1o<\/strong><\/p>\n\n\n\n<p class=\"wp-block-paragraph\">SemM\u00e9xico, Tuxtla Guti\u00e9rrez, Chiapas, 24 de octubre del 2022.- Luego que en el mes de octubre se dispararan los feminicidios, la Comisi\u00f3n Nacional para Prevenir y Erradicar la Violencia contra las Mujeres (CONAVIM), la Secretar\u00eda de Igualdad de G\u00e9nero (SEIGEN) y la Comisi\u00f3n Ejecutiva de Atenci\u00f3n a V\u00edctimas, llevaron a cabo el encuentro estatal \u201cSomos tu Red de Apoyo\u201d para dar seguimiento a los avances en la atenci\u00f3n integral y coordinada a mujeres, adolescentes y ni\u00f1as en situaci\u00f3n de violencia en Chiapas.<\/p>\n\n\n\n<p class=\"wp-block-paragraph\">De acuerdo a datos de la Fiscal\u00eda de Feminicidios, de enero a septiembre del presente a\u00f1o se han registrado 32 feminicidios. En lo que va de octubre, la dependencia ha iniciado 6 indagatorias.<\/p>\n\n\n\n<p class=\"wp-block-paragraph\">Mar\u00eda Mandiola, titular de la SEIGEN, dijo que se fortaleci\u00f3 la red de atenci\u00f3n para las mujeres con un enfoque de perspectiva de g\u00e9nero, para enfrentar las violencias con firmeza y determinaci\u00f3n.<\/p>\n\n\n\n<p class=\"wp-block-paragraph\">\u201cFrente a la violencia machista es necesario mantener la guardia muy en alto, y la mejor manera de hacerlo es en equipo, de manera coordinada, sumando esfuerzos\u201d, manifest\u00f3.<\/p>\n\n\n\n<p class=\"wp-block-paragraph\">Seg\u00fan la dependencia en la jornada de trabajo, se cont\u00f3 con la participaci\u00f3n de servidoras p\u00fablicas, defensoras, abogadas, activistas y luchadoras sociales.<\/p>\n\n\n\n<p class=\"wp-block-paragraph\">Los temas que se abordaron en las mesas de trabajo fueron \u201cServicios de Atenci\u00f3n\u201d, \u201cProcesos de canalizaci\u00f3n y seguimiento\u201d, \u201cModelos y\/o protocolos de atenci\u00f3n a las mujeres en situaci\u00f3n de violencia\u201d, \u201cEvaluaci\u00f3n de riesgo y medidas de protecci\u00f3n\u201d, y \u201cFortalecimiento de vinculaci\u00f3n institucional\u201d.<\/p>\n\n\n\n<figure class=\"wp-block-gallery has-nested-images columns-2 is-cropped wp-block-gallery-1 is-layout-flex wp-block-gallery-is-layout-flex\">\n<figure class=\"wp-block-image size-large\"><a href=\"https:\/\/redsemlac.com\/semmexico\/wp-content\/uploads\/2022\/10\/CHIAPAS-6.jpg\"><img loading=\"lazy\" decoding=\"async\" width=\"1024\" height=\"683\" data-id=\"57758\" src=\"https:\/\/redsemlac.com\/semmexico\/wp-content\/uploads\/2022\/10\/CHIAPAS-6.jpg\" alt=\"\" class=\"wp-image-57758\"\/><\/a><\/figure>\n\n\n\n<figure class=\"wp-block-image size-large\"><a href=\"https:\/\/redsemlac.com\/semmexico\/wp-content\/uploads\/2022\/10\/CHIAPAS-5-2.jpg\"><img loading=\"lazy\" decoding=\"async\" width=\"1024\" height=\"683\" data-id=\"57757\" src=\"https:\/\/redsemlac.com\/semmexico\/wp-content\/uploads\/2022\/10\/CHIAPAS-5-2.jpg\" alt=\"\" class=\"wp-image-57757\"\/><\/a><\/figure>\n\n\n\n<figure class=\"wp-block-image size-large\"><a href=\"https:\/\/redsemlac.com\/semmexico\/wp-content\/uploads\/2022\/10\/CHIAPAS-4-2.jpg\"><img loading=\"lazy\" decoding=\"async\" width=\"1024\" height=\"683\" data-id=\"57756\" src=\"https:\/\/redsemlac.com\/semmexico\/wp-content\/uploads\/2022\/10\/CHIAPAS-4-2.jpg\" alt=\"\" class=\"wp-image-57756\"\/><\/a><\/figure>\n\n\n\n<figure class=\"wp-block-image size-large\"><a href=\"https:\/\/redsemlac.com\/semmexico\/wp-content\/uploads\/2022\/10\/CHIAPAS-3-2.jpg\"><img loading=\"lazy\" decoding=\"async\" width=\"1024\" height=\"683\" data-id=\"57755\" src=\"https:\/\/redsemlac.com\/semmexico\/wp-content\/uploads\/2022\/10\/CHIAPAS-3-2.jpg\" alt=\"\" class=\"wp-image-57755\"\/><\/a><\/figure>\n\n\n\n<figure class=\"wp-block-image size-large\"><a href=\"https:\/\/redsemlac.com\/semmexico\/wp-content\/uploads\/2022\/10\/CHIAPAS-2-3.jpg\"><img loading=\"lazy\" decoding=\"async\" width=\"1024\" height=\"683\" data-id=\"57754\" src=\"https:\/\/redsemlac.com\/semmexico\/wp-content\/uploads\/2022\/10\/CHIAPAS-2-3.jpg\" alt=\"\" class=\"wp-image-57754\"\/><\/a><\/figure>\n\n\n\n<figure class=\"wp-block-image size-large\"><a href=\"https:\/\/redsemlac.com\/semmexico\/wp-content\/uploads\/2022\/10\/CHIAPAS-7.jpg\"><img loading=\"lazy\" decoding=\"async\" width=\"1024\" height=\"682\" data-id=\"57759\" src=\"https:\/\/redsemlac.com\/semmexico\/wp-content\/uploads\/2022\/10\/CHIAPAS-7.jpg\" alt=\"\" class=\"wp-image-57759\"\/><\/a><\/figure>\n<\/figure>\n\n\n\n<p class=\"wp-block-paragraph\">Mediante las mesas de trabajo se potenciaron procesos, reflexiones y la participaci\u00f3n activa, aportando diferentes miradas sobre las tem\u00e1ticas discutidas, intercambiando experiencias, propuestas o soluciones para la formaci\u00f3n de las redes.<\/p>\n\n\n\n<p class=\"wp-block-paragraph\">En el encuentro, las participantes analizaron el modelo de atenci\u00f3n a las violencias hacia las mujeres, adolescentes y ni\u00f1as a fin de proponer cambios que fortalezcan la red de apoyo.<\/p>\n\n\n\n<p class=\"wp-block-paragraph\">Fabiola Alan\u00eds, comisionada Nacional para Prevenir y Erradicar la Violencia contra las Mujeres, declar\u00f3 que \u201clas instituciones se deben adaptar a las necesidades de las mujeres, garantizar que puedan abrazar a sus hijas e hijos.<\/p>\n\n\n\n<p class=\"wp-block-paragraph\">Dijo que se requiere que la Red de apoyo, que se encuentren de manera frecuente para dialogar, establecer redes de apoyo interinstitucionales e intrainstitucionales.<\/p>\n\n\n\n<p class=\"wp-block-paragraph\">\u201cEl mayor desaf\u00edo de la 4\u00b0 Transformaci\u00f3n es avanzar en el acceso a los derechos de todas las mujeres, particularmente el acceso a la justicia\u201d.<\/p>\n\n\n\n<p class=\"wp-block-paragraph\">Agreg\u00f3: \u201cHay que estar a la altura de las circunstancias y a la altura de lo que nos est\u00e1n demandando y exigiendo las mujeres. Porque cada historia de violencia que ocurre en contra de una mujer, desarticula el tejido social\u201d.<\/p>\n\n\n\n<p class=\"wp-block-paragraph\">SEM\/MG<\/p>\n","protected":false},"excerpt":{"rendered":"<p>De acuerdo a datos de la Fiscal\u00eda de Feminicidios, de enero a septiembre del presente a\u00f1o se han registrado 32 feminicidios. En lo que va de octubre, la dependencia ha iniciado 6 indagatorias.<\/p>\n","protected":false},"author":3,"featured_media":57753,"comment_status":"open","ping_status":"open","sticky":false,"template":"","format":"standard","meta":{"_monsterinsights_skip_tracking":false,"footnotes":""},"categories":[693,51],"tags":[],"class_list":["post-57752","post","type-post","status-publish","format-standard","has-post-thumbnail","category-693","category-ejecutivo"],"_links":{"self":[{"href":"https:\/\/redsemlac.com\/semmexico\/wp-json\/wp\/v2\/posts\/57752","targetHints":{"allow":["GET"]}}],"collection":[{"href":"https:\/\/redsemlac.com\/semmexico\/wp-json\/wp\/v2\/posts"}],"about":[{"href":"https:\/\/redsemlac.com\/semmexico\/wp-json\/wp\/v2\/types\/post"}],"author":[{"embeddable":true,"href":"https:\/\/redsemlac.com\/semmexico\/wp-json\/wp\/v2\/users\/3"}],"replies":[{"embeddable":true,"href":"https:\/\/redsemlac.com\/semmexico\/wp-json\/wp\/v2\/comments?post=57752"}],"version-history":[{"count":0,"href":"https:\/\/redsemlac.com\/semmexico\/wp-json\/wp\/v2\/posts\/57752\/revisions"}],"wp:featuredmedia":[{"embeddable":true,"href":"https:\/\/redsemlac.com\/semmexico\/wp-json\/wp\/v2\/media\/57753"}],"wp:attachment":[{"href":"https:\/\/redsemlac.com\/semmexico\/wp-json\/wp\/v2\/media?parent=57752"}],"wp:term":[{"taxonomy":"category","embeddable":true,"href":"https:\/\/redsemlac.com\/semmexico\/wp-json\/wp\/v2\/categories?post=57752"},{"taxonomy":"post_tag","embeddable":true,"href":"https:\/\/redsemlac.com\/semmexico\/wp-json\/wp\/v2\/tags?post=57752"}],"curies":[{"name":"wp","href":"https:\/\/api.w.org\/{rel}","templated":true}]}}