{"id":57732,"date":"2022-10-23T14:23:01","date_gmt":"2022-10-23T20:23:01","guid":{"rendered":"https:\/\/redsemlac.com\/semmexico\/?p=57732"},"modified":"2023-07-21T19:19:36","modified_gmt":"2023-07-22T00:19:36","slug":"realizan-desfile-de-modas-en-la-esmeralda-con-materiales-no-convencionales","status":"publish","type":"post","link":"https:\/\/redsemlac.com\/semmexico\/realizan-desfile-de-modas-en-la-esmeralda-con-materiales-no-convencionales\/","title":{"rendered":"<strong>Realizan desfile de modas en&nbsp;<em>La Esmeralda<\/em>&nbsp;con materiales no convencionales&nbsp;<\/strong>"},"content":{"rendered":"\n<p class=\"wp-block-paragraph\">Participaron 15 estudiantes en la presentaci\u00f3n de ropa industrial, trajes elaborados con uso de vidrio, pl\u00e1stico, metal, cart\u00f3n y papel, entre otros\u00a0<\/p>\n\n\n\n<p class=\"wp-block-paragraph\">Redacci\u00f3n<\/p>\n\n\n\n<p class=\"wp-block-paragraph\">SemM\u00e9xico, Ciudad de M\u00e9xico, 23 de octubre, 2022.- Creatividad, dise\u00f1o e inspiraci\u00f3n se vivi\u00f3 en el desfile&nbsp;<em>\u00bfQu\u00e9 dir\u00eda Jes\u00fas?<\/em>, organizado por la docente Abigail Manch\u00fa Aranda M\u00e1rquez, titular del taller de Producci\u00f3n de moda de la Escuela Nacional de Pintura, Escultura y Grabado&nbsp;<em>La Esmeralda<\/em>.&nbsp;<\/p>\n\n\n\n<p class=\"wp-block-paragraph\">El taller surgi\u00f3 de la asignatura Temas selectos de historia de la moda, el cual oper\u00f3 de 2009 a 2017 y a partir de enero de 2018 la profesora Karla Villegas, directora del plantel, tuvo la visi\u00f3n de hacer crecer esta materia en un taller de moda.&nbsp;&nbsp;<\/p>\n\n\n\n<p class=\"wp-block-paragraph\">Cada semestre se forma una cooperativa de trabajo, en la cual el estudiantado aprende muchas actividades de manera simult\u00e1nea, como dirigir el taller, organizar las tareas del mismo, entre otras cosas. La cooperativa organiza dos desfiles, el primero es con materiales no tradicionales en el campo de la moda, como vidrio, pl\u00e1stico, metal, cart\u00f3n, papel, entre otros. El segundo es al final del semestre, en el que cada dise\u00f1ador realiza una colecci\u00f3n m\u00ednima de cuatro prendas o&nbsp;<em>looks<\/em>&nbsp;completos, pero hay dise\u00f1adores con m\u00e1s pretensiones y presentan hasta 15 prendas y cada colecci\u00f3n tiene su propio t\u00edtulo.&nbsp;&nbsp;<\/p>\n\n\n\n<figure class=\"wp-block-image size-full\"><a href=\"https:\/\/redsemlac.com\/semmexico\/wp-content\/uploads\/2022\/10\/inbal-moda-02.jpg\"><img loading=\"lazy\" decoding=\"async\" width=\"572\" height=\"880\" src=\"https:\/\/redsemlac.com\/semmexico\/wp-content\/uploads\/2022\/10\/inbal-moda-02.jpg\" alt=\"\" class=\"wp-image-57735\"\/><\/a><\/figure>\n\n\n\n<p class=\"wp-block-paragraph\">En este desfile se presentaron 15 estudiantes junto con la profesora Abigail Manch\u00fa. \u201cEl proceso creativo comienza cuando las y los alumnos presentan un proyecto de investigaci\u00f3n sobre su colecci\u00f3n y lo trabajan todo el semestre, junto con una serie de bocetos\u201d.&nbsp;<\/p>\n\n\n\n<p class=\"wp-block-paragraph\">Los conceptos manejados por los estudiantes fueron diversos, desde ropa industrial hasta trajes m\u00e1s elaborados como un&nbsp;<em>baby doll<\/em>&nbsp;de papel. El dise\u00f1o de la titular se inspir\u00f3 en el aspecto \u201cproductivista\u201d en el que se ven inmersas las mujeres y \u201cse espera que hagamos todo, producir leche, cuidar al ni\u00f1o, atender la casa y nos niegan el derecho al placer\u201d, dijo.&nbsp;&nbsp;<\/p>\n\n\n\n<p class=\"wp-block-paragraph\">Se\u00f1al\u00f3 que en este primer desfile se busca el dominio de los materiales no convencionales y, a partir de ello, el trabajo con telas ser\u00e1 m\u00e1s f\u00e1cil e inspirador para todos.&nbsp;&nbsp;<\/p>\n\n\n\n<p class=\"wp-block-paragraph\">La profesora Abigail Manch\u00fa Aranda M\u00e1rquez imparte clases desde hace 24 a\u00f1os en el plantel del Instituto Nacional de Bellas Artes y Literatura (Inbal). Como docente cuenta con 44 a\u00f1os de experiencia y relata que es una labor inspiradora y energizante.&nbsp;<\/p>\n\n\n\n<p class=\"wp-block-paragraph\">\u201cNo doy clases, comparto lo que s\u00e9, que es muy diferente, porque es una filosof\u00eda de vida y de ense\u00f1anza, lo cual me permite aprender tambi\u00e9n de las alumnas, alumnos y alumnas. Es un proceso dial\u00e9ctico donde ellos son mis maestros tambi\u00e9n\u201d, finaliz\u00f3.\u00a0\u00a0<\/p>\n\n\n\n<figure class=\"wp-block-gallery has-nested-images columns-default is-cropped wp-block-gallery-1 is-layout-flex wp-block-gallery-is-layout-flex\">\n<figure class=\"wp-block-image size-large\"><a href=\"https:\/\/redsemlac.com\/semmexico\/wp-content\/uploads\/2022\/10\/inbal-moda-03.jpg\"><img loading=\"lazy\" decoding=\"async\" width=\"463\" height=\"780\" data-id=\"57733\" src=\"https:\/\/redsemlac.com\/semmexico\/wp-content\/uploads\/2022\/10\/inbal-moda-03.jpg\" alt=\"\" class=\"wp-image-57733\"\/><\/a><\/figure>\n\n\n\n<figure class=\"wp-block-image size-large\"><a href=\"https:\/\/redsemlac.com\/semmexico\/wp-content\/uploads\/2022\/10\/inbal-moda-04.jpg\"><img loading=\"lazy\" decoding=\"async\" width=\"428\" height=\"713\" data-id=\"57734\" src=\"https:\/\/redsemlac.com\/semmexico\/wp-content\/uploads\/2022\/10\/inbal-moda-04.jpg\" alt=\"\" class=\"wp-image-57734\"\/><\/a><\/figure>\n<\/figure>\n","protected":false},"excerpt":{"rendered":"<p>Creatividad, dise\u00f1o e inspiraci\u00f3n se vivi\u00f3 en el desfile\u00a0\u00bfQu\u00e9 dir\u00eda Jes\u00fas?, organizado por la docente Abigail Manch\u00fa Aranda M\u00e1rquez, titular del taller de Producci\u00f3n de moda de la Escuela Nacional de Pintura, Escultura y Grabado\u00a0La Esmeralda.\u00a0<\/p>\n","protected":false},"author":3,"featured_media":57736,"comment_status":"open","ping_status":"open","sticky":false,"template":"","format":"standard","meta":{"_monsterinsights_skip_tracking":false,"footnotes":""},"categories":[693,54],"tags":[],"class_list":["post-57732","post","type-post","status-publish","format-standard","has-post-thumbnail","category-693","category-mujeres"],"_links":{"self":[{"href":"https:\/\/redsemlac.com\/semmexico\/wp-json\/wp\/v2\/posts\/57732","targetHints":{"allow":["GET"]}}],"collection":[{"href":"https:\/\/redsemlac.com\/semmexico\/wp-json\/wp\/v2\/posts"}],"about":[{"href":"https:\/\/redsemlac.com\/semmexico\/wp-json\/wp\/v2\/types\/post"}],"author":[{"embeddable":true,"href":"https:\/\/redsemlac.com\/semmexico\/wp-json\/wp\/v2\/users\/3"}],"replies":[{"embeddable":true,"href":"https:\/\/redsemlac.com\/semmexico\/wp-json\/wp\/v2\/comments?post=57732"}],"version-history":[{"count":0,"href":"https:\/\/redsemlac.com\/semmexico\/wp-json\/wp\/v2\/posts\/57732\/revisions"}],"wp:featuredmedia":[{"embeddable":true,"href":"https:\/\/redsemlac.com\/semmexico\/wp-json\/wp\/v2\/media\/57736"}],"wp:attachment":[{"href":"https:\/\/redsemlac.com\/semmexico\/wp-json\/wp\/v2\/media?parent=57732"}],"wp:term":[{"taxonomy":"category","embeddable":true,"href":"https:\/\/redsemlac.com\/semmexico\/wp-json\/wp\/v2\/categories?post=57732"},{"taxonomy":"post_tag","embeddable":true,"href":"https:\/\/redsemlac.com\/semmexico\/wp-json\/wp\/v2\/tags?post=57732"}],"curies":[{"name":"wp","href":"https:\/\/api.w.org\/{rel}","templated":true}]}}