{"id":57730,"date":"2022-10-23T14:19:25","date_gmt":"2022-10-23T20:19:25","guid":{"rendered":"https:\/\/redsemlac.com\/semmexico\/?p=57730"},"modified":"2023-07-21T19:19:36","modified_gmt":"2023-07-22T00:19:36","slug":"desde-la-luna-de-valencia-stopdeliriotrans","status":"publish","type":"post","link":"https:\/\/redsemlac.com\/semmexico\/desde-la-luna-de-valencia-stopdeliriotrans\/","title":{"rendered":"Desde la luna de Valencia| #Stopdeliriotrans"},"content":{"rendered":"\n<p class=\"wp-block-paragraph\">Teresa Moll\u00e1 Castells<\/p>\n\n\n\n<p class=\"wp-block-paragraph\">SemM\u00e9xico, Ontinyent, Valencia, 23 de octubre, l 2022.- Estamos asistiendo en las \u00faltimas semanas a una ofensiva, m\u00e1s violenta si cabe, del patriarcado m\u00e1s rancio, aunque reconvertido en chupiguay y con mucho brilli, brilli. Y lo que es peor, o yo lo vivo peor, de la mano de quienes ven\u00edan a cambiar la pol\u00edtica desde el movimiento 15M.<\/p>\n\n\n\n<p class=\"wp-block-paragraph\">Me acuerdo, con cierta tristeza, de la ilusi\u00f3n que mi amiga Fran, que en aquel momento viv\u00eda en Madrid, me transmit\u00eda de todo aquel movimiento de cambio. Fran, es un poco mayor de edad que yo, pero lo vivi\u00f3 con una ilusi\u00f3n intensa, como una verdadera oportunidad de cambio con sus c\u00edrculos con su contacto permanente con los movimientos de la ciudadan\u00eda, con su juventud y su preparaci\u00f3n, en fin\u2026<\/p>\n\n\n\n<p class=\"wp-block-paragraph\">En ese sentido, siempre fui bastante m\u00e1s distante al movimiento, puesto que nunca advert\u00ed con claridad los dos sesgos que son motores de mi vida: El de la igualdad entre mujeres y hombres y el de la lucha de clases, y eso siempre me mantuvo como alerta.<\/p>\n\n\n\n<p class=\"wp-block-paragraph\">El tiempo, desgraciadamente me ha dado la raz\u00f3n sobre todo en el tema de igualdad entre mujeres y hombres.<\/p>\n\n\n\n<p class=\"wp-block-paragraph\">Porque los posmodernos que salieron de aquel movimiento ciudadano y que hoy se sientan en el consejo de ministros y ministras se han convertido en rehenes del patriarcado m\u00e1s hostil y sofisticado en manos del gran capital.<\/p>\n\n\n\n<p class=\"wp-block-paragraph\">Las mujeres, de nuevo, y si no lo impide el movimiento feminista radical y, de nuevo quiero insistir en que radical viene de ra\u00edz, vamos a ser las grandes perdedoras de esta especie de revuelta del \u201cgaycapitalismo\u201d como lo denominaba Shangai Lily, que pretende convertir sus deseos en derechos y que son quienes est\u00e1n gobern\u00e1ndola agenda del Ministerio de Igualdad, en manos, por supuesto de una de aquellas mujeres salidas de aquel movimiento que iba a cambiarlo todo en pol\u00edtica. Y seguramente lo va a cambiar, pero para peor, al menos para las mujeres y las criaturas.<\/p>\n\n\n\n<p class=\"wp-block-paragraph\">Son la misma gente que quiere regular los vientres de alquiler o la prostituci\u00f3n para mantener las garras del patriarcado m\u00e1s feroz, de la mano del capitalismo, sobre los cuerpos de las mujeres y las criaturas y as\u00ed, poderlos seguir utilizando para sus deseos, sean estos del tipo que sean.<\/p>\n\n\n\n<p class=\"wp-block-paragraph\">El objetivo final sigue siendo el mismo: la supremac\u00eda de los deseos de los hombres convertidos en leyes, aunque sea a pesar del dolor y el sufrimiento de m\u00e1s de la mitad de la poblaci\u00f3n que somos las mujeres.<\/p>\n\n\n\n<p class=\"wp-block-paragraph\">Lo revisten de colores pastel, de simbolog\u00eda novedosa, de mucha purpurina y de brilli, brilli, de una neo lengua que pone la diversidad como algo progresista ene el centro de todo, pero a poco que rascas te das cuenta de que las mujeres y la infancia les importamos menos que un r\u00e1bano. Lo \u00fanico que les importa es que sus deseos, revestidos de mil maneras como formas de sufrimiento u otras parecidas, sean convertidos en leyes.<\/p>\n\n\n\n<p class=\"wp-block-paragraph\">La lesbofobia campa a sus anchan entre esta nueva doctrina que pretende que el \u201cg\u00e9nero fluido\u201d lo inunde todo, olvidando que es el sexo material con el que nacemos el origen de privilegios y opresiones. Privilegios de los hombres y opresiones de las mujeres. El resto, son inventos de una pseudociencia que se pretende imponer por v\u00eda de urgencia en el Parlamento sin escuchar a gente experta para tomar una decisi\u00f3n con la m\u00e1xima informaci\u00f3n posible.<\/p>\n\n\n\n<p class=\"wp-block-paragraph\">El resto es usurpar al Parlamento parte de sus funciones por una urgencia inventada y financiada por grandes empresas multinacionales farmac\u00e9uticas y de cl\u00ednicas privadas que ocultan que, con estas leyes van a conseguir centenares de miles de pacientes cautivos y cr\u00f3nicos de por vida.<\/p>\n\n\n\n<p class=\"wp-block-paragraph\">El resto es linchar a gente que quiere exponer su opini\u00f3n contraria a estos postulados en todas partes e incluso con agresiones f\u00edsicas y cancelaciones en redes sociales.<\/p>\n\n\n\n<p class=\"wp-block-paragraph\">El resto es la imposici\u00f3n de un pensamiento \u00fanico y vigilante con quien no opine como ellas y ellos y acaben siendo v\u00edctimas de un sistema como el que George Orwell ya defin\u00eda en su dist\u00f3pico libro \u201c1984\u201d escrito en el a\u00f1o 1949, reci\u00e9n acabado la Segunda Guerra Mundial.<\/p>\n\n\n\n<p class=\"wp-block-paragraph\">Linchar a grandes fil\u00f3sofas, pol\u00edticas, pensadoras y feministas por no compartir este delirio, nos da una idea de lo que se est\u00e1 cociendo y de quienes est\u00e1n detr\u00e1s.<\/p>\n\n\n\n<p class=\"wp-block-paragraph\">Oprimir todav\u00eda m\u00e1s a m\u00e1s de la mitad de la poblaci\u00f3n que somos las mujeres ni es progresista, ni es de izquierdas, por muy diverso y plural que se quiera disfrazar. Es, directamente, patriarcado capitalista de la mano del posmodernismo chupiguay y con mucho brilli. Que no nos enga\u00f1en.<\/p>\n\n\n\n<p class=\"wp-block-paragraph\">Y como feminista me encantar\u00eda que se volviera a convocar otra gran huelga feminista para poder parar este delirio trans. El problema de fondo es \u00bfQui\u00e9n la va a convocar si, las grandes organizaciones sindicales, al parecer, est\u00e1n apoyando este delirio?<\/p>\n\n\n\n<p class=\"wp-block-paragraph\">Profunda pena y tristeza, pero fortaleza intacta para seguir combatiendo esta nueva forma de opresi\u00f3n a las mujeres y ni\u00f1as. Que nadie se equivoque con eso. Y lo mejor de todo: Somos muchas y con muchas fuerzas todas y cada una de nosotras.<\/p>\n\n\n\n<p class=\"wp-block-paragraph\">tmolla@telefonica.net<\/p>\n","protected":false},"excerpt":{"rendered":"<p>Estamos asistiendo en las \u00faltimas semanas a una ofensiva, m\u00e1s violenta si cabe, del patriarcado m\u00e1s rancio, aunque reconvertido en chupiguay y con mucho brilli, brilli. Y lo que es peor, o yo lo vivo peor, de la mano de quienes ven\u00edan a cambiar la pol\u00edtica desde el movimiento 15M.<\/p>\n","protected":false},"author":3,"featured_media":43083,"comment_status":"open","ping_status":"open","sticky":false,"template":"","format":"standard","meta":{"_monsterinsights_skip_tracking":false,"footnotes":""},"categories":[693,82,110,35],"tags":[],"class_list":["post-57730","post","type-post","status-publish","format-standard","has-post-thumbnail","category-693","category-la-opinion","category-la-opinion-columnas","category-opinion"],"_links":{"self":[{"href":"https:\/\/redsemlac.com\/semmexico\/wp-json\/wp\/v2\/posts\/57730","targetHints":{"allow":["GET"]}}],"collection":[{"href":"https:\/\/redsemlac.com\/semmexico\/wp-json\/wp\/v2\/posts"}],"about":[{"href":"https:\/\/redsemlac.com\/semmexico\/wp-json\/wp\/v2\/types\/post"}],"author":[{"embeddable":true,"href":"https:\/\/redsemlac.com\/semmexico\/wp-json\/wp\/v2\/users\/3"}],"replies":[{"embeddable":true,"href":"https:\/\/redsemlac.com\/semmexico\/wp-json\/wp\/v2\/comments?post=57730"}],"version-history":[{"count":0,"href":"https:\/\/redsemlac.com\/semmexico\/wp-json\/wp\/v2\/posts\/57730\/revisions"}],"wp:featuredmedia":[{"embeddable":true,"href":"https:\/\/redsemlac.com\/semmexico\/wp-json\/wp\/v2\/media\/43083"}],"wp:attachment":[{"href":"https:\/\/redsemlac.com\/semmexico\/wp-json\/wp\/v2\/media?parent=57730"}],"wp:term":[{"taxonomy":"category","embeddable":true,"href":"https:\/\/redsemlac.com\/semmexico\/wp-json\/wp\/v2\/categories?post=57730"},{"taxonomy":"post_tag","embeddable":true,"href":"https:\/\/redsemlac.com\/semmexico\/wp-json\/wp\/v2\/tags?post=57730"}],"curies":[{"name":"wp","href":"https:\/\/api.w.org\/{rel}","templated":true}]}}