{"id":57717,"date":"2022-10-23T14:05:03","date_gmt":"2022-10-23T20:05:03","guid":{"rendered":"https:\/\/redsemlac.com\/semmexico\/?p=57717"},"modified":"2023-07-21T19:19:36","modified_gmt":"2023-07-22T00:19:36","slug":"marchan-catolicos-por-la-defensa-de-la-vida-y-la-familia-en-chiapas","status":"publish","type":"post","link":"https:\/\/redsemlac.com\/semmexico\/marchan-catolicos-por-la-defensa-de-la-vida-y-la-familia-en-chiapas\/","title":{"rendered":"Marchan cat\u00f3licos por la defensa de la vida y la familia en Chiapas"},"content":{"rendered":"\n<p class=\"wp-block-paragraph\">\u201cLas leyes deben estar al servicio de la comunidad, siempre poniendo en el centro, la dignidad de las personas, y por lo tanto la vida y la instituci\u00f3n de la familia\u201d: Arzobispo Fabio Mart\u00ednez Castilla<\/p>\n\n\n\n<p class=\"wp-block-paragraph\">Gabriela Couti\u00f1o<\/p>\n\n\n\n<p class=\"wp-block-paragraph\">SemM\u00e9xico, Tuxtla Guti\u00e9rrez, Chis. 23 de octubre, 2022.- \u00a0Oct.- Cientos de Fieles cat\u00f3licos se sumaron a la Peregrinaci\u00f3n nacional por La Paz, la vida, la dignidad de la mujer y la familia que convoc\u00f3 en Chiapas, la Arquidi\u00f3cesis de Tuxtla.<\/p>\n\n\n\n<p class=\"wp-block-paragraph\">Se trata de una convocatoria que emiti\u00f3 el Episcopado Mexicano para que las Di\u00f3cesis, Arquidi\u00f3cesis y parroquias del pa\u00eds, promuevan la cultura pro vida en toda la ciudadan\u00eda en especial en los j\u00f3venes, buscando que en los estados no se legisle a favor del aborto.<\/p>\n\n\n\n<p class=\"wp-block-paragraph\">La procesi\u00f3n que inici\u00f3 en el parque Bicentenario, llevaba al frente la imagen de la Virgen de Guadalupe y a los santos en estandartes, estuvo encabezada por el Arzobispo Fabio Mart\u00ednez Castilla, por sacerdotes y monjas.<\/p>\n\n\n\n<p class=\"wp-block-paragraph\">\u00a1Que viva la familia!; Por la vida! fueron algunas proclamas de los participantes que vestidos de blanco tambi\u00e9n entonaron c\u00e1nticos religiosos.<\/p>\n\n\n\n<p class=\"wp-block-paragraph\">El arzobispo Fabio Mart\u00ednez Castilla, dijo a la prensa que, con las jornadas por La Paz, la Iglesia busca\u00a0tocar la conciencia de las personas.<\/p>\n\n\n\n<p class=\"wp-block-paragraph\">\u201cLo que queremos es tocar la conciencia y el coraz\u00f3n de las personas, porque el objetivo central es llegar a la familia, si \u00e9sta es madura y crece, la sociedad tambi\u00e9n ser\u00e1\u00a0madura,\u00bby habr\u00e1 paz\u00bb, afirm\u00f3.<\/p>\n\n\n\n<p class=\"wp-block-paragraph\">El prelado se\u00f1al\u00f3 que el mundo y M\u00e9xico lo que necesitan, son personas comprometidas con la familia, la vida y La Paz.<\/p>\n\n\n\n<p class=\"wp-block-paragraph\">En su llamado al gobierno y a las autoridades el Arzobispo manifest\u00f3 que una sociedad no se construye solo por leyes; \u201clas leyes deben estar al servicio de la comunidad, siempre poniendo en el centro la dignidad de las personas, y por lo tanto la dignidad de la vida, de la instituci\u00f3n de la familia, y la necesidad que tenemos todos, autoridades, sociedad y ministros y todos por La Paz\u201d.<\/p>\n\n\n\n<p class=\"wp-block-paragraph\">Mart\u00ednez\u00a0Castilla enfatiz\u00f3 en que se debe escuchar \u00abal pueblo y no hacer leyes que entorpezcan y rompan los ideales y los valores\u00bb sociales.<\/p>\n\n\n\n<p class=\"wp-block-paragraph\">\u201cLas instituciones que deben de cuidar a la familia, la atacan\u201d, subray\u00f3.<\/p>\n\n\n\n<p class=\"wp-block-paragraph\">Las autoridades, recalc\u00f3,\u00a0 no est\u00e1n para realizar leyes que vayan \u00abcontra la naturaleza y la cultura de nuestro\u00a0 pueblo\u00bb, sino que\u00a0 est\u00e1n para fortalecer la din\u00e1mica y la dignidad de las personas y la ciudadan\u00eda.<br><br>Leyes, enmarc\u00f3 el prelado,\u00a0 que tambi\u00e9n deben anteponer\u00a0 la dignidad de la vida,\u00a0 la instituci\u00f3n familiar y la necesidad que se tiene de trabajar, autoridades y sociedad, por la paz.<\/p>\n\n\n\n<p class=\"wp-block-paragraph\">El arzobispo llam\u00f3 a no dejarse vencer por \u00bb la ola negra de la influencia\u201d, ya sea del narco o de la violencia; que nadie nos robe \u00abla belleza del coraz\u00f3n, que es vivir con fraternidad trabajando por la paz\u00bb.<\/p>\n\n\n\n<p class=\"wp-block-paragraph\">Ante la violencia, consider\u00f3 que el reto es fortalecer las buenas relaciones mutuas, empezando desde las familias para robustecer y hacer m\u00e1s solidaria a la\u00a0sociedad.<\/p>\n\n\n\n<p class=\"wp-block-paragraph\">La peregrinaci\u00f3n concluy\u00f3 con un ritual\u00a0de bendici\u00f3n y el rezo del rosario\u00a0a las puertas de la catedral de San Marcos en Tuxtla Guti\u00e9rrez.<\/p>\n","protected":false},"excerpt":{"rendered":"<p>\u201cLas leyes deben estar al servicio de la comunidad, siempre poniendo en el centro, la dignidad de las personas, y por lo tanto la vida y la instituci\u00f3n de la familia\u201d: Arzobispo Fabio Mart\u00ednez Castilla<\/p>\n","protected":false},"author":3,"featured_media":57718,"comment_status":"open","ping_status":"open","sticky":false,"template":"","format":"standard","meta":{"_monsterinsights_skip_tracking":false,"footnotes":""},"categories":[693,54],"tags":[],"class_list":["post-57717","post","type-post","status-publish","format-standard","has-post-thumbnail","category-693","category-mujeres"],"_links":{"self":[{"href":"https:\/\/redsemlac.com\/semmexico\/wp-json\/wp\/v2\/posts\/57717","targetHints":{"allow":["GET"]}}],"collection":[{"href":"https:\/\/redsemlac.com\/semmexico\/wp-json\/wp\/v2\/posts"}],"about":[{"href":"https:\/\/redsemlac.com\/semmexico\/wp-json\/wp\/v2\/types\/post"}],"author":[{"embeddable":true,"href":"https:\/\/redsemlac.com\/semmexico\/wp-json\/wp\/v2\/users\/3"}],"replies":[{"embeddable":true,"href":"https:\/\/redsemlac.com\/semmexico\/wp-json\/wp\/v2\/comments?post=57717"}],"version-history":[{"count":0,"href":"https:\/\/redsemlac.com\/semmexico\/wp-json\/wp\/v2\/posts\/57717\/revisions"}],"wp:featuredmedia":[{"embeddable":true,"href":"https:\/\/redsemlac.com\/semmexico\/wp-json\/wp\/v2\/media\/57718"}],"wp:attachment":[{"href":"https:\/\/redsemlac.com\/semmexico\/wp-json\/wp\/v2\/media?parent=57717"}],"wp:term":[{"taxonomy":"category","embeddable":true,"href":"https:\/\/redsemlac.com\/semmexico\/wp-json\/wp\/v2\/categories?post=57717"},{"taxonomy":"post_tag","embeddable":true,"href":"https:\/\/redsemlac.com\/semmexico\/wp-json\/wp\/v2\/tags?post=57717"}],"curies":[{"name":"wp","href":"https:\/\/api.w.org\/{rel}","templated":true}]}}