{"id":57704,"date":"2022-10-22T11:00:30","date_gmt":"2022-10-22T17:00:30","guid":{"rendered":"https:\/\/redsemlac.com\/semmexico\/?p=57704"},"modified":"2023-07-21T19:19:37","modified_gmt":"2023-07-22T00:19:37","slug":"indigna-fallecimiento-de-estudiante-de-la-normal-rural-de-panotla-por-enfrentamiento-con-policias-en-una-protesta","status":"publish","type":"post","link":"https:\/\/redsemlac.com\/semmexico\/indigna-fallecimiento-de-estudiante-de-la-normal-rural-de-panotla-por-enfrentamiento-con-policias-en-una-protesta\/","title":{"rendered":"Indigna fallecimiento de estudiante de la Normal Rural de Panotla por enfrentamiento con polic\u00edas en una protesta"},"content":{"rendered":"\n<p class=\"wp-block-paragraph\">Micaela M\u00e1rquez<\/p>\n\n\n\n<p class=\"wp-block-paragraph\">SemM\u00e9xico, Ciudad . de M\u00e9xico, 22 de octubre 2022.- El fallecimiento de una alumna de la Normal Rural de Panotla en Tlaxcala, despu\u00e9s de horas de agon\u00eda, tras recibir un golpe en la cabeza durante el enfrentamiento con los elementos de la polic\u00eda estatal, fue reportada en sus redes sociales por el Centro de Derechos de las Victimas de Violencia Minerva Bello.<\/p>\n\n\n\n<p class=\"wp-block-paragraph\">Usuarios exigieron justicia y alto a la represi\u00f3n a las Normales Rurales, tras se\u00f1alar que&nbsp;&nbsp; resulta \u201cindignante el asesinato cometido por polic\u00edas de Tlaxcala contra una joven estudiante normalista rural de Panotla, durante la represi\u00f3n polic\u00edaca a una manifestaci\u00f3n de protesta\u201d.<\/p>\n\n\n\n<p class=\"wp-block-paragraph\">Colectivas feministas se\u00f1alaron que la normalista que falleci\u00f3 fue identificada como Beatriz N., de 21 a\u00f1os de edad y estaba en el grupo que el pasado jueves se enfrent\u00f3 con elementos de la Secretar\u00eda de Seguridad Ciudadana (SSC) que se enfrentaron en la zona de \u201cEl Tr\u00e9bol\u201d, en la ciudad de Tlaxcala, al momento de que las estudiantes arreciaron sus protestas.<\/p>\n\n\n\n<p class=\"wp-block-paragraph\">El colectivo \u201cAntimonumenta Vivas nos Queremos\u201d se\u00f1al\u00f3 en su cuenta de Twitter que se encontraba \u201chospitalizada por las lesiones provocadas por una granada de gas lacrim\u00f3geno en la represi\u00f3n\u201d.<\/p>\n\n\n\n<p class=\"wp-block-paragraph\">Beatriz N., estaba siendo atendida en un hospital del Instituto Mexicano del Seguro Social (<strong>IMSS<\/strong>).<\/p>\n\n\n\n<p class=\"wp-block-paragraph\">Las&nbsp;<strong>protestas<\/strong>&nbsp;de las normalistas se deben a que no han logrado un acuerdo sobre el pliego petitorio anual que entregaron el pasado 12 de septiembre a la Secretar\u00eda de Educaci\u00f3n P\u00fablica del Estado (SEPE), mismo que contiene 87 puntos, entre los que destaca la petici\u00f3n para que se destituya al cuadro directivo de la&nbsp;<strong>normal rural.<\/strong><\/p>\n\n\n\n<p class=\"wp-block-paragraph\">Por la&nbsp;ma\u00f1ana y hasta pasado el mediod\u00eda del viernes 21 de octubre, una comisi\u00f3n de estudiantesarrib\u00f3 a las oficinas de la&nbsp;<a href=\"https:\/\/www.elsoldetlaxcala.com.mx\/republica\/sociedad\/video-normalistas-de-ayotzinapa-arremeten-contra-zona-militar-en-chilpancingo-8884991.html\">Comisi\u00f3n Estatal de Derechos Humanos<\/a>&nbsp;(CEDH)&nbsp;para presentar una queja por las agresiones del jueves, tras la liberaci\u00f3n de dos de sus compa\u00f1eros que fueron presentados ante las autoridades.<\/p>\n\n\n\n<p class=\"wp-block-paragraph\">El organismo aut\u00f3nomo sostuvo una reuni\u00f3n con representantes de&nbsp;las alumnas de la Normal Rural \u201cLic. Benito Ju\u00e1rez\u201d, de Panotla,&nbsp;y con el presb\u00edtero Jos\u00e9 Filiberto&nbsp;Vel\u00e1zquez Florencio,&nbsp;director del&nbsp;<strong>\u201c<\/strong>Centro Minerva Bello A.C.\u201ddel estado de Guerrero, en la que se recibieron diversas peticiones para ser entregadas a las autoridades del<a href=\"https:\/\/www.elsoldetlaxcala.com.mx\/local\/normalistas-olvidaron-su-basura-al-acudir-a-la-sepe-uset-4178325.html\" target=\"_blank\" rel=\"noreferrer noopener\">Gobierno del Estado<\/a>&nbsp;de Tlaxcala.<\/p>\n\n\n\n<p class=\"wp-block-paragraph\">Asimismo, dio a conocer que \u201cEsteOrganismo Aut\u00f3nomo&nbsp;puntualiza que la libertad de expresi\u00f3n es un derecho fundamental en todo&nbsp;<a href=\"https:\/\/www.elsoldetlaxcala.com.mx\/policiaca\/actualizacion-surge-violencia-por-conflicto-educativo-normalistas-y-policias-chocan-en-el-trebol-9069325.html\" target=\"_blank\" rel=\"noreferrer noopener\">Estado democr\u00e1tico<\/a>&nbsp;y su pr\u00e1ctica facilitael ejercicio de derechos&nbsp;como el de reuni\u00f3n y la protesta social, este \u00faltimo como mecanismo de exigencia social que busca visibilizar una problem\u00e1tica que afecta a un colectivo o a un grupo de personas\u201d.<\/p>\n\n\n\n<p class=\"wp-block-paragraph\"><\/p>\n","protected":false},"excerpt":{"rendered":"<p>El fallecimiento de una alumna de la Normal Rural de Panotla en Tlaxcala, despu\u00e9s de horas de agon\u00eda, tras recibir un golpe en la cabeza durante el enfrentamiento con los elementos de la polic\u00eda estatal.<\/p>\n","protected":false},"author":3,"featured_media":57705,"comment_status":"open","ping_status":"open","sticky":false,"template":"","format":"standard","meta":{"_monsterinsights_skip_tracking":false,"footnotes":""},"categories":[693,47],"tags":[],"class_list":["post-57704","post","type-post","status-publish","format-standard","has-post-thumbnail","category-693","category-no-mas-impunidad"],"_links":{"self":[{"href":"https:\/\/redsemlac.com\/semmexico\/wp-json\/wp\/v2\/posts\/57704","targetHints":{"allow":["GET"]}}],"collection":[{"href":"https:\/\/redsemlac.com\/semmexico\/wp-json\/wp\/v2\/posts"}],"about":[{"href":"https:\/\/redsemlac.com\/semmexico\/wp-json\/wp\/v2\/types\/post"}],"author":[{"embeddable":true,"href":"https:\/\/redsemlac.com\/semmexico\/wp-json\/wp\/v2\/users\/3"}],"replies":[{"embeddable":true,"href":"https:\/\/redsemlac.com\/semmexico\/wp-json\/wp\/v2\/comments?post=57704"}],"version-history":[{"count":0,"href":"https:\/\/redsemlac.com\/semmexico\/wp-json\/wp\/v2\/posts\/57704\/revisions"}],"wp:featuredmedia":[{"embeddable":true,"href":"https:\/\/redsemlac.com\/semmexico\/wp-json\/wp\/v2\/media\/57705"}],"wp:attachment":[{"href":"https:\/\/redsemlac.com\/semmexico\/wp-json\/wp\/v2\/media?parent=57704"}],"wp:term":[{"taxonomy":"category","embeddable":true,"href":"https:\/\/redsemlac.com\/semmexico\/wp-json\/wp\/v2\/categories?post=57704"},{"taxonomy":"post_tag","embeddable":true,"href":"https:\/\/redsemlac.com\/semmexico\/wp-json\/wp\/v2\/tags?post=57704"}],"curies":[{"name":"wp","href":"https:\/\/api.w.org\/{rel}","templated":true}]}}