{"id":57700,"date":"2022-10-22T10:55:16","date_gmt":"2022-10-22T16:55:16","guid":{"rendered":"https:\/\/redsemlac.com\/semmexico\/?p=57700"},"modified":"2023-07-21T19:19:37","modified_gmt":"2023-07-22T00:19:37","slug":"las-mujeres-por-la-paz-y-contra-el-militarismo-siguen-proponiendo-soluciones-a-los-conflictos-armados","status":"publish","type":"post","link":"https:\/\/redsemlac.com\/semmexico\/las-mujeres-por-la-paz-y-contra-el-militarismo-siguen-proponiendo-soluciones-a-los-conflictos-armados\/","title":{"rendered":"Las mujeres por la paz y contra el militarismo siguen proponiendo soluciones a los conflictos armados"},"content":{"rendered":"\n<p class=\"wp-block-paragraph\">Urge erosionar la visi\u00f3n patriarcal de los conflictos, y desaparecer la violencia sexual durante la guerra<\/p>\n\n\n\n<p class=\"wp-block-paragraph\">Editorial<\/p>\n\n\n\n<p class=\"wp-block-paragraph\">SemM\u00e9xico, Ciudad de M\u00e9xico, 22 de octubre, 2022.- Las organizaciones de mujeres que trabajan por la paz han abrazado m\u00faltiples causas: el fin de los conflictos armados y la b\u00fasqueda de salidas negociadas a la violencia, el antimilitarismo, la abolici\u00f3n de las armas nucleares, la defensa del medio ambiente, la denuncia de la violencia sexual como arma de guerra, la denuncia de las desigualdades econ\u00f3micas, la discriminaci\u00f3n y las injusticias sociales, entre otras muchas.<\/p>\n\n\n\n<p class=\"wp-block-paragraph\">&nbsp;La paz positiva, la paz cargada de m\u00faltiples significados y no la mera ausencia de violencia directa, unida a un cuestionamiento del patriarcado que la legitima, es el horizonte por el que trabajan.<\/p>\n\n\n\n<p class=\"wp-block-paragraph\">Algunos avances importantes en el \u00e1mbito de la construcci\u00f3n de la paz han estado impulsados por organizaciones de mujeres, que de manera conjunta con otras organizaciones de la sociedad civil han promovido formas alternativas a la violencia para abordar los conflictos.<\/p>\n\n\n\n<p class=\"wp-block-paragraph\">Si bien las mujeres siempre han formado parte del movimiento por la paz internacional, de las organizaciones antimilitaristas y de oposici\u00f3n a la guerra, no es hasta la d\u00e9cada de los noventa que se logra dar visibilidad a relatos diferentes de los conflictos armados en los que la experiencia de los hombres no sea presentada como universal.<\/p>\n\n\n\n<p class=\"wp-block-paragraph\">Es decir, la narrativa masculina de los conflictos armados que invisibiliza a las mujeres comienza a erosionarse gracias a las alianzas que el movimiento internacional de las mujeres por la paz ha tejido, dando visibilidad al impacto espec\u00edfico que las guerras tienen en las mujeres de los pa\u00edses afectados por conflictos armados.<\/p>\n\n\n\n<p class=\"wp-block-paragraph\">Si, por ejemplo, la violencia sexual como arma de guerra ocupa actualmente un lugar importante en la agenda internacional sobre paz y seguridad es gracias al esfuerzo de las mujeres, que tras los terribles conflictos que asolaron los Balcanes y Rwanda durante los a\u00f1os noventa denunciaron internacionalmente como<strong>&nbsp;la violencia sexual hab\u00eda sido utilizada de manera sistem\u00e1tica y generalizada como un arma de guerra<\/strong>&nbsp;en estos contextos, lo que llev\u00f3 a su inclusi\u00f3n en el Estatuto de Roma de la Corte Penal Internacional. Se abri\u00f3 as\u00ed una puerta importante a su persecuci\u00f3n y castigo.<\/p>\n\n\n\n<p class=\"wp-block-paragraph\">La participaci\u00f3n es uno de los ejes fundamentales de la agenda de las mujeres, la paz y la seguridad. Sin la presencia activa y significativa de las mujeres en los espacios de toma de decisiones, se perpet\u00faa la visi\u00f3n estereotipada y nada representativa de la realidad de las mujeres como v\u00edctimas pasivas de la violencia y la acci\u00f3n de los actores armados.<\/p>\n\n\n\n<p class=\"wp-block-paragraph\">&nbsp;Las mujeres no s\u00f3lo han denunciado los efectos de los conflictos armados sobre ellas mismas y sobre la poblaci\u00f3n en general, sino que han puesto sobre la mesa innumerables propuestas para construir una paz sostenible, inclusiva, duradera y transformadora.<\/p>\n\n\n\n<p class=\"wp-block-paragraph\">Sin embargo, siguen continuamente excluidas de las negociaciones de paz formales y de otros esfuerzos de construcci\u00f3n de paz.<\/p>\n\n\n\n<p class=\"wp-block-paragraph\">Las mujeres que a principios del siglo XX alzaron su voz contra la barbarie de la guerra quisieron construir una paz que fuera mucho m\u00e1s que la mera ausencia de violencia, hasta el punto de hacer impensable la guerra. Un siglo despu\u00e9s, con algunos logros importantes en el camino, mujeres de todo el mundo contin\u00faan desafiando el patriarcado para que la guerra y la violencia lleguen efectivamente a serlo y solo formen parte de nuestra memoria.<\/p>\n\n\n\n<p class=\"wp-block-paragraph\"><\/p>\n","protected":false},"excerpt":{"rendered":"<p>Algunos avances importantes en el \u00e1mbito de la construcci\u00f3n de la paz han estado impulsados por organizaciones de mujeres, que de manera conjunta con otras organizaciones de la sociedad civil han promovido formas alternativas a la violencia para abordar los conflictos.<\/p>\n","protected":false},"author":3,"featured_media":57702,"comment_status":"open","ping_status":"open","sticky":false,"template":"","format":"standard","meta":{"_monsterinsights_skip_tracking":false,"footnotes":""},"categories":[693,192],"tags":[],"class_list":["post-57700","post","type-post","status-publish","format-standard","has-post-thumbnail","category-693","category-a-fondo"],"_links":{"self":[{"href":"https:\/\/redsemlac.com\/semmexico\/wp-json\/wp\/v2\/posts\/57700","targetHints":{"allow":["GET"]}}],"collection":[{"href":"https:\/\/redsemlac.com\/semmexico\/wp-json\/wp\/v2\/posts"}],"about":[{"href":"https:\/\/redsemlac.com\/semmexico\/wp-json\/wp\/v2\/types\/post"}],"author":[{"embeddable":true,"href":"https:\/\/redsemlac.com\/semmexico\/wp-json\/wp\/v2\/users\/3"}],"replies":[{"embeddable":true,"href":"https:\/\/redsemlac.com\/semmexico\/wp-json\/wp\/v2\/comments?post=57700"}],"version-history":[{"count":0,"href":"https:\/\/redsemlac.com\/semmexico\/wp-json\/wp\/v2\/posts\/57700\/revisions"}],"wp:featuredmedia":[{"embeddable":true,"href":"https:\/\/redsemlac.com\/semmexico\/wp-json\/wp\/v2\/media\/57702"}],"wp:attachment":[{"href":"https:\/\/redsemlac.com\/semmexico\/wp-json\/wp\/v2\/media?parent=57700"}],"wp:term":[{"taxonomy":"category","embeddable":true,"href":"https:\/\/redsemlac.com\/semmexico\/wp-json\/wp\/v2\/categories?post=57700"},{"taxonomy":"post_tag","embeddable":true,"href":"https:\/\/redsemlac.com\/semmexico\/wp-json\/wp\/v2\/tags?post=57700"}],"curies":[{"name":"wp","href":"https:\/\/api.w.org\/{rel}","templated":true}]}}