{"id":57680,"date":"2022-10-21T14:46:52","date_gmt":"2022-10-21T20:46:52","guid":{"rendered":"https:\/\/redsemlac.com\/semmexico\/?p=57680"},"modified":"2023-07-21T19:19:38","modified_gmt":"2023-07-22T00:19:38","slug":"paloma-recibe-justicia-su-feminicida-es-sentenciado-a-55-anos","status":"publish","type":"post","link":"https:\/\/redsemlac.com\/semmexico\/paloma-recibe-justicia-su-feminicida-es-sentenciado-a-55-anos\/","title":{"rendered":"Paloma recibe justicia, su feminicida es sentenciado a 55 a\u00f1os"},"content":{"rendered":"\n<ul class=\"wp-block-list\"><li><strong>Paloma fue v\u00edctima de feminicidio en febrero del 2021, perpetuado por Aldo quien fuera su pareja, en la comunidad rural de Santiago Tuxtla donde viv\u00edan.<\/strong><\/li><\/ul>\n\n\n\n<p class=\"wp-block-paragraph\"><strong>Ana Alicia Osorio<\/strong><\/p>\n\n\n\n<p class=\"wp-block-paragraph\">SemM\u00e9xico\/Testigo P\u00farpura, Veracruz, 21 de octubre del 2022.- Despu\u00e9s de una larga lucha emprendida por Paula, mam\u00e1 de Paloma, ella recibi\u00f3 justicia pues su feminicida fue sentenciado a 55 a\u00f1os de prisi\u00f3n.<\/p>\n\n\n\n<p class=\"wp-block-paragraph\">En ese momento el feminicida y su mam\u00e1 le dijeron a la familia Paloma que se encontraba desaparecida, pero al momento de iniciar la b\u00fasqueda enseguida se delat\u00f3 al llegar directo a donde estaban las primeras muestras de violencias.<\/p>\n\n\n\n<p class=\"wp-block-paragraph\">Aldo qued\u00f3 detenido de manera inmediata por los elementos de la polic\u00eda que hab\u00edan sido llamados por Paula para que la apoyaran en la b\u00fasqueda, puesto que exist\u00edan muchas contradicciones en la versi\u00f3n que brindaba.<\/p>\n\n\n\n<p class=\"wp-block-paragraph\">A pesar de las pruebas en su contra, las contradicciones que \u00e9l mismo dec\u00eda y dem\u00e1s elementos, los procesos legales tardaron m\u00e1s de un a\u00f1o en concluir.<\/p>\n\n\n\n<p class=\"wp-block-paragraph\">En ese tiempo Paula tuvo que contratar un abogado para intentar que el caso no quedara en la impunidad, como sucede en la mayor parte de los casos de Veracruz pues tan solo en el 14 por ciento se logra una sentencia condenatoria.<\/p>\n\n\n\n<p class=\"wp-block-paragraph\">Sin embargo, en octubre de este a\u00f1o finalmente la Fiscal\u00eda General del Estado inform\u00f3 que este fue un caso que logr\u00f3 justicia.<\/p>\n\n\n\n<p class=\"wp-block-paragraph\">\u201cLa Fiscal\u00eda Especializada en Investigaci\u00f3n de Delitos de Violencia contra la Familia, Mujeres, Ni\u00f1as y Ni\u00f1os y Trata de Personas logr\u00f3 sentencia condenatoria de 55 a\u00f1os de prisi\u00f3n en contra de Aldo Alan \u201cN\u201d por el delito de feminicidio. Aldo Alan \u201cN\u201d es se\u00f1alado de hechos ocurridos en un ca\u00f1al ubicado en el camino que conduce de la localidad de Chalpa a Ixmatlahuacan, perteneciente a este municipio, donde priv\u00f3 de la vida a su novia que respond\u00eda a las iniciales P.V.L\u201d, se\u00f1ala el bolet\u00edn de la FGE.<\/p>\n\n\n\n<p class=\"wp-block-paragraph\">SEM\/MG<\/p>\n","protected":false},"excerpt":{"rendered":"<p>Paloma fue v\u00edctima de feminicidio en febrero del 2021, perpetuado por Aldo quien fuera su pareja, en la comunidad rural de Santiago Tuxtla donde viv\u00edan.<\/p>\n","protected":false},"author":3,"featured_media":19081,"comment_status":"open","ping_status":"open","sticky":false,"template":"","format":"standard","meta":{"_monsterinsights_skip_tracking":false,"footnotes":""},"categories":[693,47,48],"tags":[],"class_list":["post-57680","post","type-post","status-publish","format-standard","has-post-thumbnail","category-693","category-no-mas-impunidad","category-no-mas-impunidad-no-mas-impunidad"],"_links":{"self":[{"href":"https:\/\/redsemlac.com\/semmexico\/wp-json\/wp\/v2\/posts\/57680","targetHints":{"allow":["GET"]}}],"collection":[{"href":"https:\/\/redsemlac.com\/semmexico\/wp-json\/wp\/v2\/posts"}],"about":[{"href":"https:\/\/redsemlac.com\/semmexico\/wp-json\/wp\/v2\/types\/post"}],"author":[{"embeddable":true,"href":"https:\/\/redsemlac.com\/semmexico\/wp-json\/wp\/v2\/users\/3"}],"replies":[{"embeddable":true,"href":"https:\/\/redsemlac.com\/semmexico\/wp-json\/wp\/v2\/comments?post=57680"}],"version-history":[{"count":0,"href":"https:\/\/redsemlac.com\/semmexico\/wp-json\/wp\/v2\/posts\/57680\/revisions"}],"wp:featuredmedia":[{"embeddable":true,"href":"https:\/\/redsemlac.com\/semmexico\/wp-json\/wp\/v2\/media\/19081"}],"wp:attachment":[{"href":"https:\/\/redsemlac.com\/semmexico\/wp-json\/wp\/v2\/media?parent=57680"}],"wp:term":[{"taxonomy":"category","embeddable":true,"href":"https:\/\/redsemlac.com\/semmexico\/wp-json\/wp\/v2\/categories?post=57680"},{"taxonomy":"post_tag","embeddable":true,"href":"https:\/\/redsemlac.com\/semmexico\/wp-json\/wp\/v2\/tags?post=57680"}],"curies":[{"name":"wp","href":"https:\/\/api.w.org\/{rel}","templated":true}]}}