{"id":57672,"date":"2022-10-21T14:43:37","date_gmt":"2022-10-21T20:43:37","guid":{"rendered":"https:\/\/redsemlac.com\/semmexico\/?p=57672"},"modified":"2023-07-21T19:19:38","modified_gmt":"2023-07-22T00:19:38","slug":"yazmin-machaen-musica-mexicana-becada-entre-iberoamericanas-en-el-proyecto-residencia-visionarias","status":"publish","type":"post","link":"https:\/\/redsemlac.com\/semmexico\/yazmin-machaen-musica-mexicana-becada-entre-iberoamericanas-en-el-proyecto-residencia-visionarias\/","title":{"rendered":"Yazm\u00edn Macha\u00e9n, m\u00fasica mexicana becada entre iberoamericanas en el proyecto Residencia Visionarias"},"content":{"rendered":"\n<ul class=\"wp-block-list\"><li><strong>Percusionista, letrista, compositora, rapera, productora y cantante confiesa su visi\u00f3n feminista.<\/strong><\/li><li><strong>Integrante de la banda Saz\u00f3n de Mar\u00eda, dice que la m\u00fasica es su pasi\u00f3n.<\/strong><\/li><\/ul>\n\n\n\n<p class=\"wp-block-paragraph\"><strong>Libertad L\u00f3pez<\/strong><\/p>\n\n\n\n<p class=\"wp-block-paragraph\">SemM\u00e9xico, Ciudad del Carmen, Quintana Roo, 21 de octubre del 2022.- Yazm\u00edn Macha\u00e9n, percusionista, letrista, compositora, rapera, productora y cantante mexicana que integra la banda <strong>Saz\u00f3n de Mar\u00eda<\/strong> fue seleccionada entre 150 postulantes para formar parte de la iniciativa Visionarias para recibir formaci\u00f3n y mentor\u00eda para sus proyectos musicales y art\u00edsticos.<\/p>\n\n\n\n<p class=\"wp-block-paragraph\">Una iniciativa online que busca impulsar los talentos art\u00edsticos desde una perspectiva feminista llamada Residencia Visionarias un encuentro de formaci\u00f3n virtual y gratuito para la profesionalizaci\u00f3n y crecimiento en red de mujeres de la m\u00fasica, entendiendo la problem\u00e1tica que presenta la producci\u00f3n independiente y las dificultades que afrontan por raz\u00f3n de g\u00e9nero.<\/p>\n\n\n\n<p class=\"wp-block-paragraph\">La Residencia Visionarias tiene el objetivo de facilitar el acceso a la formaci\u00f3n sobre identidad, derechos, comunicaci\u00f3n, estrategias digitales y financiamiento de la m\u00fasica, que fortalecen las iniciativas de trabajo colaborativo y colectivo, las experiencias actualizadas, innovadoras vigentes y potentes de profesionales del sector.<\/p>\n\n\n\n<p class=\"wp-block-paragraph\">El proyecto este a\u00f1o eligi\u00f3 a Yazm\u00edn Macha\u00e9n -que vive en Quintana Roo- para recibir herramientas de reflexi\u00f3n y pr\u00e1ctica para fortalecer una escena musical iberoamericana con fuerte liderazgo femenino.<\/p>\n\n\n\n<p class=\"wp-block-paragraph\">Este a\u00f1o el proyecto global seleccionado por Iberm\u00fasica recibi\u00f3 la postulaci\u00f3n de m\u00e1s de 150 mujeres con proyectos musicales, quienes podr\u00e1n de potenciar la presencia de mujeres en la industria musical. De mujeres para mujeres se seleccionaron 72 m\u00fasicas de &nbsp;Argentina, Chile, M\u00e9xico, Uruguay, Per\u00fa, Bolivia, Colombia, quienes recibir\u00e1n formaci\u00f3n con diferentes talleres; como creaci\u00f3n de redes, colaboraciones, invitaciones a festivales art\u00edsticos.<\/p>\n\n\n\n<p class=\"wp-block-paragraph\">Entre ellas compositoras, m\u00fasicas, managers, mentoras, promotoras. Tendr\u00e1n un encuentro presencial en La Rioja, Argentina. Entrevistada Yazm\u00edn Macha\u00e9n, coment\u00f3 que para el crecimiento de las mujeres en la m\u00fasica se necesitan movimientos e iniciativas como \u00e9ste, tomando en cuenta que, en muchos pa\u00edses, entre ellos M\u00e9xico, no hay el impulso suficiente a la cultura y a la formaci\u00f3n desde el Estado.<\/p>\n\n\n\n<p class=\"wp-block-paragraph\">Apenas ayer Er\u00e9ndira Cruzvillegas Fuentes, Jefa de la Unidad de Asuntos Jur\u00eddicos de la Secretar\u00eda de Cultura, al participar en el Parlamento Abierto, sobre el proyecto de presupuesto federal de 2023, present\u00f3 todas las necesidades que existen para empujar a los talentos. Dijo que en el Presupuesto de Egresos de la Federaci\u00f3n (PPEF) 2022, el programa de Est\u00edmulos a la creaci\u00f3n art\u00edstica, reconocimientos a las trayectorias y apoyo al desarrollo de proyectos culturales cont\u00f3 con 110 millones de pesos, esto es menos de 10 millones de pesos mensuales. Necesitamos m\u00e1s, les dijo a las legisladoras.<\/p>\n\n\n<div class=\"wp-block-image\">\n<figure class=\"aligncenter size-full\"><a href=\"https:\/\/redsemlac.com\/semmexico\/wp-content\/uploads\/2022\/10\/yamin-1.jpg\"><img loading=\"lazy\" decoding=\"async\" width=\"502\" height=\"653\" src=\"https:\/\/redsemlac.com\/semmexico\/wp-content\/uploads\/2022\/10\/yamin-1.jpg\" alt=\"\" class=\"wp-image-57677\"\/><\/a><\/figure>\n<\/div>\n\n\n<h2 class=\"wp-block-heading\"><strong>Yazmin Macha\u00e9n y su proyecto Mujeres Latiendo<\/strong><\/h2>\n\n\n\n<p class=\"wp-block-paragraph\">Yazmin Macha\u00e9n desde Ciudad del Carmen impulsa talleres llamados Mujeres Latiendo, donde les pregunta a las participantes \u00bfte gustar\u00eda sentir tu autentico latir, en tu propio tambor? si, un tambor hecho por ti.<\/p>\n\n\n\n<p class=\"wp-block-paragraph\">Ella es, cantante, compositora, percusionista, rapera y productora. Propone a las mujeres vivir la experiencia de construir su propio tambor, adem\u00e1s aprender a tocarlo.<\/p>\n\n\n\n<p class=\"wp-block-paragraph\">Explica en la entrevista que tocar el tambor trae m\u00faltiples beneficios para la vida, estimula la creatividad, la retentiva, la coordinaci\u00f3n, las habilidades motoras y mejora nuestros niveles de autoconfianza.<\/p>\n\n\n<div class=\"wp-block-image\">\n<figure class=\"alignleft size-full\"><a href=\"https:\/\/redsemlac.com\/semmexico\/wp-content\/uploads\/2022\/10\/yamin-3.jpg\"><img loading=\"lazy\" decoding=\"async\" width=\"404\" height=\"426\" src=\"https:\/\/redsemlac.com\/semmexico\/wp-content\/uploads\/2022\/10\/yamin-3.jpg\" alt=\"\" class=\"wp-image-57676\"\/><\/a><\/figure>\n<\/div>\n\n\n<p class=\"wp-block-paragraph\">Adem\u00e1s, es un potente liberador de estr\u00e9s, cuando una mujer lo percute con m\u00e1s personas en un c\u00edrculo de tambor, es liberador.<\/p>\n\n\n\n<p class=\"wp-block-paragraph\">Lo que propone -en taller- es crear un ambiente seguro donde las mujeres sientan la libertad de expresarse y, sobre todo, superar bloqueos descubriendo esta maravillosa herramienta percutiva y musical tan poderosa para nuestro desarrollo humano.<\/p>\n\n\n\n<p class=\"wp-block-paragraph\">En ese c\u00edrculo a las nuevas iniciantes en la percusi\u00f3n las llevar\u00e1 por un camino r\u00edtmico e infinito, rico en sensaciones y sorpresas. Tras estas experiencias sostiene: \u201cno podemos quedarnos sin la maravillosa oportunidad de construir nuestro propio tambor. As\u00ed, es. Construiremos un tambor llamado Caj\u00f3n. El <em>Caj\u00f3n<\/em>, entr\u00f3 a Am\u00e9rica gracias a los esclavos africanos que utilizaban cajas de mercanc\u00eda para percutir y acompa\u00f1ar sus cantos\u201d.<\/p>\n\n\n\n<p class=\"wp-block-paragraph\">La historia que cuenta es que fue en Per\u00fa en el siglo XVII cuando se data la aparici\u00f3n del caj\u00f3n, este tuvo un gran desarrollo en la m\u00fasica popular peruana y despu\u00e9s en el a\u00f1o 1977 en la flamenca. Actualmente el \u201cCaj\u00f3n\u201d es utilizado por percusionistas de todo el mundo.<\/p>\n\n\n\n<p class=\"wp-block-paragraph\">Yazm\u00edn Macha\u00e9n es percusionista, letrista, compositora, rapera, productora y cantante, es cofundadora del grupo musical \u00abSaz\u00f3n de Mar\u00eda\u00bb, junto a Vladimir Emiliano Garnica Lovera, y este d\u00fao ya edit\u00f3 su primer disco con Ediciones Pentagrama.<\/p>\n\n\n\n<h2 class=\"wp-block-heading\"><strong>\u00bfY qui\u00e9n es?<\/strong><\/h2>\n\n\n\n<p class=\"wp-block-paragraph\">Cuenta que proviene de un seno familiar con tradici\u00f3n musical, por lo que desde muy peque\u00f1a se vio envuelta en el folclore mexicano. Y es que fue su abuelo un m\u00fasico multi-instrumentista.<\/p>\n\n\n\n<p class=\"wp-block-paragraph\">Y sobre su capacidad letrista explica que el camino por la escritura lo comenz\u00f3 desde muy peque\u00f1a; \u201cescribo desde la madre, la hija, la mujer, la amante y la activista\u201d.<\/p>\n\n\n\n<p class=\"wp-block-paragraph\">En su historia art\u00edstica cuenta que hizo residencias en Colombia, Cuba, Veracruz, Espa\u00f1a, California y Nueva York, esas residencias, dice la han nutrido directamente, y le han permitido aprender de las culturas musicales, y eso es lo que la inspira, \u201cme inspiran, reflej\u00e1ndolo en mi tambor, mi canto y mi poes\u00eda\u201d.<\/p>\n\n\n\n<p class=\"wp-block-paragraph\">Comenz\u00f3 su camino profesional en la m\u00fasica a los 20 a\u00f1os, y cuenta que ha dado vida a diferentes proyectos musicales dentro del g\u00e9nero del flamenco, jazz, m\u00fasica latinoamericana y proyectos multi-disciplinarios. &nbsp;<\/p>\n\n\n\n<p class=\"wp-block-paragraph\">Curs\u00f3 hasta el quinto semestre, la carrera de M\u00fasica Popular Latinoamericana, impartida por la Universidad Tito Puente. Tambi\u00e9n ha tomado de talleres y seminarios; ha sido alumna de grandes representantes de la poes\u00eda, m\u00fasica, canto, rap y bioneuroemoci\u00f3n, como: Alexis D\u00edaz Pimienta, Martha G\u00f3mez, Enric Corbera, Gema Corredera, Nano Stern, Danger, Iraida Noriega, entre otros\/as.<\/p>\n\n\n\n<p class=\"wp-block-paragraph\">De su pasi\u00f3n por la m\u00fasica ha trascendido a lo visual, prepara en seminarios de creaci\u00f3n multimedia, impartidos por el Conservatorio de M\u00fasica Contempor\u00e1nea. Igualmente, estudia la creaci\u00f3n de vestuario, en la escuela Explayarte. Actualmente estudia v\u00eda online, entrenamiento auditivo impartido por el CIAM y estudios de Mercadotecnia Musical, impartido por El Instituto de Gesti\u00f3n Cultural y Art\u00edstica en M\u00e1laga, Espa\u00f1a.<\/p>\n\n\n<div class=\"wp-block-image\">\n<figure class=\"aligncenter size-full\"><a href=\"https:\/\/redsemlac.com\/semmexico\/wp-content\/uploads\/2022\/10\/yamin-4.jpg\"><img loading=\"lazy\" decoding=\"async\" width=\"656\" height=\"655\" src=\"https:\/\/redsemlac.com\/semmexico\/wp-content\/uploads\/2022\/10\/yamin-4.jpg\" alt=\"\" class=\"wp-image-57675\"\/><\/a><\/figure>\n<\/div>\n\n\n<p class=\"wp-block-paragraph\">Ya fue becada por la maestra Lya Morgana para el Taller de Flamenco que imparte Danza UNAM.<\/p>\n\n\n\n<p class=\"wp-block-paragraph\">Radica en Playa del Carmen, Quintana Roo en M\u00e9xico, ah\u00ed, antes de ser seleccionada por Residencia Visionarias, inform\u00f3 que contin\u00faa produciendo y tocando con mi banda musical \u201cSaz\u00f3n de Mar\u00eda\u201d, que se ha presentado en todo el circuito de la Rivera Maya, as\u00ed como en Festivales culturales.<\/p>\n\n\n\n<p class=\"wp-block-paragraph\">Tambi\u00e9n decidi\u00f3 hace 8 a\u00f1os iniciarse en la docencia&nbsp; hace 8 a\u00f1os, con talleres, para ella es su forma, dijo, de devolver al mundo lo mucho que me ha dado la m\u00fasica; \u201cmi misi\u00f3n es sembrar en la infancia, recuerdos maravillosos acerca de la m\u00fasica, as\u00ed como identificar aptitudes en mis alumnos\/as &nbsp;para entonces canalizarlos a su mejor desarrollo\u201d, imparte &nbsp;talleres de circulo y voz para mujeres, ya que esa es \u201cmi segunda misi\u00f3n que considero de suma importancia, porque &nbsp;apoyar a las mujeres en su continuo empoderamiento a trav\u00e9s del tambor&nbsp; es fundamental\u201d.<\/p>\n\n\n\n<p class=\"wp-block-paragraph\">&nbsp;Contacto: IG: @yazmachaen IG: @sazondemariamusica Mail: yazfloww@gmail.com M\u00f3vil: 984 250 8426<\/p>\n\n\n\n<p class=\"wp-block-paragraph\">SEM\/MG<\/p>\n\n\n\n<figure class=\"wp-block-image size-full\"><a href=\"https:\/\/redsemlac.com\/semmexico\/wp-content\/uploads\/2022\/10\/yamin-5.png\"><img loading=\"lazy\" decoding=\"async\" width=\"530\" height=\"643\" src=\"https:\/\/redsemlac.com\/semmexico\/wp-content\/uploads\/2022\/10\/yamin-5.png\" alt=\"\" class=\"wp-image-57674\"\/><\/a><\/figure>\n\n\n\n<p class=\"wp-block-paragraph\"><strong>IBEROAMERICANA<\/strong><\/p>\n\n\n\n<p class=\"wp-block-paragraph\"><strong>100% VIRTUAL<br>60 BECAS COMPLETAS<br>4 M\u00d3DULOS DE ENTRENAMIENTO INTENSIVO<\/strong><\/p>\n\n\n\n<p class=\"wp-block-paragraph\"><strong>4 WORKSHOPS ABIERTOS A TODO P\u00daBLICO<\/strong><\/p>\n\n\n\n<p class=\"wp-block-paragraph\"><strong>\u00daNICA RESIDENCIA EN SU TIPO<\/strong><\/p>\n\n\n\n<p class=\"wp-block-paragraph\"><strong>CERTIFICACI\u00d3N<\/strong><\/p>\n","protected":false},"excerpt":{"rendered":"<p>Percusionista, letrista, compositora, rapera, productora y cantante confiesa su visi\u00f3n feminista.<\/p>\n","protected":false},"author":3,"featured_media":57678,"comment_status":"open","ping_status":"open","sticky":false,"template":"","format":"standard","meta":{"_monsterinsights_skip_tracking":false,"footnotes":""},"categories":[693,54],"tags":[],"class_list":["post-57672","post","type-post","status-publish","format-standard","has-post-thumbnail","category-693","category-mujeres"],"_links":{"self":[{"href":"https:\/\/redsemlac.com\/semmexico\/wp-json\/wp\/v2\/posts\/57672","targetHints":{"allow":["GET"]}}],"collection":[{"href":"https:\/\/redsemlac.com\/semmexico\/wp-json\/wp\/v2\/posts"}],"about":[{"href":"https:\/\/redsemlac.com\/semmexico\/wp-json\/wp\/v2\/types\/post"}],"author":[{"embeddable":true,"href":"https:\/\/redsemlac.com\/semmexico\/wp-json\/wp\/v2\/users\/3"}],"replies":[{"embeddable":true,"href":"https:\/\/redsemlac.com\/semmexico\/wp-json\/wp\/v2\/comments?post=57672"}],"version-history":[{"count":0,"href":"https:\/\/redsemlac.com\/semmexico\/wp-json\/wp\/v2\/posts\/57672\/revisions"}],"wp:featuredmedia":[{"embeddable":true,"href":"https:\/\/redsemlac.com\/semmexico\/wp-json\/wp\/v2\/media\/57678"}],"wp:attachment":[{"href":"https:\/\/redsemlac.com\/semmexico\/wp-json\/wp\/v2\/media?parent=57672"}],"wp:term":[{"taxonomy":"category","embeddable":true,"href":"https:\/\/redsemlac.com\/semmexico\/wp-json\/wp\/v2\/categories?post=57672"},{"taxonomy":"post_tag","embeddable":true,"href":"https:\/\/redsemlac.com\/semmexico\/wp-json\/wp\/v2\/tags?post=57672"}],"curies":[{"name":"wp","href":"https:\/\/api.w.org\/{rel}","templated":true}]}}