{"id":57656,"date":"2022-10-21T08:02:10","date_gmt":"2022-10-21T14:02:10","guid":{"rendered":"https:\/\/redsemlac.com\/semmexico\/?p=57656"},"modified":"2023-07-21T19:19:38","modified_gmt":"2023-07-22T00:19:38","slug":"la-conavim-ve-avances-en-chiapas-ante-la-violencia-contra-las-mujeres","status":"publish","type":"post","link":"https:\/\/redsemlac.com\/semmexico\/la-conavim-ve-avances-en-chiapas-ante-la-violencia-contra-las-mujeres\/","title":{"rendered":"La CONAVIM ve avances en Chiapas ante la violencia contra las mujeres"},"content":{"rendered":"\n<ul class=\"wp-block-list\"><li><strong>De Enero a agosto del presente a\u00f1o, la CONAVIM y el Secretariado Ejecutivo de Seguridad contabilizan de enero a agosto, 28 feminicidios en Chiapas y 12 muertes dolosas de mujeres.<\/strong><\/li><li><strong>Unas mil mujeres acuden mensualmente a recibir alg\u00fan tipo de apoyo en los refugios, en los centros de justicia, atenci\u00f3n psicol\u00f3gica, atenci\u00f3n jur\u00eddica etc\u00e9tera.<\/strong><\/li><\/ul>\n\n\n\n<p class=\"wp-block-paragraph\"><strong>Gabriela Couti\u00f1o<\/strong><\/p>\n\n\n\n<p class=\"wp-block-paragraph\">SemM\u00e9xico, Tuxtla Guti\u00e9rrez, Chiapas, 21 de octubre del 2022.- La funcionaria titular de la Comisi\u00f3n Nacional para Prevenir y Erradicar la Violencia contra las Mujeres, Fabiola Alan\u00eds S\u00e1mano, visita la entidad para establecer junto con funcionarias y funcionarios de la Fiscal\u00eda General del Estado, de la Secretaria de Igualdad de G\u00e9nero, Salud, entre otras, la reuni\u00f3n: \u201cSomos tu Red de Apoyo\u201d, una estrategia de servicios que se encargar\u00e1n de atender a mujeres que viven violencia.<\/p>\n\n\n\n<p class=\"wp-block-paragraph\">Pese a que en Chiapas se han extendido y multiplicado los servicios para atender a las mujeres v\u00edctimas de violencia, de enero a agosto del presente a\u00f1o, se han presentado 28 feminicidios y 12 homicidios dolosos, inform\u00f3.<\/p>\n\n\n\n<p class=\"wp-block-paragraph\">\u201cTenemos que adaptarnos a las necesidades de las mujeres; el fen\u00f3meno ah\u00ed est\u00e1, la violencia est\u00e1 y lo reconocemos\u201d, manifest\u00f3.<\/p>\n\n\n\n<p class=\"wp-block-paragraph\">Alan\u00eds S\u00e1mano, asegur\u00f3 que en Chiapas hay avances importantes y se cuenta con la infraestructura necesaria, as\u00ed como se han instrumentado pol\u00edticas p\u00fablicas y programas para hacer frente a la violencia contra las mujeres.<\/p>\n\n\n\n<p class=\"wp-block-paragraph\">En conferencia de prensa, acompa\u00f1ada de Mar\u00eda Mandiola, titular de la Secretar\u00eda de Igualdad de G\u00e9nero, asegur\u00f3 que la Fiscal\u00eda General del Estado, ocupa el lugar n\u00famero 4 a nivel nacional entre las Fiscal\u00edas que m\u00e1s registra las muertes violentas de mujeres como feminicidios.<\/p>\n\n\n\n<p class=\"wp-block-paragraph\">\u201cEl 75 por ciento de las muertes violentas de mujeres se est\u00e1n registrando como feminicidios, contrario a eso en la media nacional, la mayor\u00eda de las entidades inician una investigaci\u00f3n de un por ciento, investigan como homicidio doloso\u201d.<\/p>\n\n\n\n<p class=\"wp-block-paragraph\">Dijo que la CONAVIM ha insistido en la importancia de que toda muerte violenta de una mujer se investigue con el protocolo de feminicidio, y por eso han venido trabajando con la Fiscal\u00eda General del estado en la atenci\u00f3n al rezago de carpetas de investigaci\u00f3n.<\/p>\n\n\n\n<p class=\"wp-block-paragraph\">En la atenci\u00f3n al fen\u00f3meno de la violencia, explic\u00f3 que Chiapas antes del 2018, registraba 13 \u00f3rdenes de protecci\u00f3n a igual n\u00famero de mujeres al mes, \u201cen la administraci\u00f3n actual, han transcurrido 45 meses y se emiten 71 \u00f3rdenes de protecci\u00f3n mensualmente\u201d.<\/p>\n\n\n\n<p class=\"wp-block-paragraph\">Fabiola Alan\u00eds, asegur\u00f3 que la cifra no necesariamente tiene que ver con el incremento de la violencia, sino que se trata de la confianza hacia las instituciones. \u201cLo que estanos logrando, es que las mujeres rompan el silencio, y eso no es tan sencillo, y ganar la confianza en las instituciones, siempre es muy complicado\u201d.<\/p>\n\n\n\n<p class=\"wp-block-paragraph\">\u201cLas instituciones siempre estamos cuesta arriba de la confianza con las mujeres, entonces trabajamos d\u00eda a d\u00eda para que se rompa ese cerco\u201d, coment\u00f3.<\/p>\n\n\n\n<p class=\"wp-block-paragraph\">La titular de la CONAVIM, dijo que se busca es incrementar el n\u00famero de registros de protecci\u00f3n; \u201cqueremos que lleguen m\u00e1s mujeres a los centros de justicia, porque es una manera de prevenir las muertes violentas, las lesiones dolosas y los delitos que ocurren, como el embarazo impuesto producto de una violaci\u00f3n, que es una cifra negra\u201d.<\/p>\n\n\n\n<p class=\"wp-block-paragraph\">Sostuvo que el gobierno de Chiapas es de las administraciones que m\u00e1s cumplen en la implementaci\u00f3n de medidas para proteger y garantizar la vida de las mujeres cuando est\u00e1n en riesgo.<\/p>\n\n\n\n<p class=\"wp-block-paragraph\">\u201cAntes de diciembre de 2018, atend\u00edan mensualmente 135 mujeres que recib\u00edan alg\u00fan tipo de apoyo en los refugios, en los centros de justicia, atenci\u00f3n psicol\u00f3gica, atenci\u00f3n jur\u00eddica etc\u00e9tera, y hoy mensualmente acuden mil, entonces hay un crecimiento muy importante de mujeres que acuden a recibir apoyo\u201d.<\/p>\n\n\n\n<p class=\"wp-block-paragraph\">Mar\u00eda Mandiola, titular de la Secretar\u00eda de Igualdad de G\u00e9nero se\u00f1al\u00f3 que se han ampliado la red de servicios a trav\u00e9s de los Centros de Atenci\u00f3n Especializada para Mujeres en Situaci\u00f3n de Violencia; se cuenta adem\u00e1s con tres centros de justicia y est\u00e1 por construirse el pr\u00f3ximo a\u00f1o, otro en el municipio de Palenque.<\/p>\n\n\n\n<p class=\"wp-block-paragraph\">Adem\u00e1s se mantienen unidades fijas en los 7 municipios donde se tiene la Alerta de Violencia de G\u00e9nero. Mientras que en la regi\u00f3n de los Altos, trabajan dos equipos de especialistas tzotziles y Tzeltales que con perspectiva intercultural y de g\u00e9nero recorren los municipios para la prevenci\u00f3n de la violencia intrafamiliar y el embarazado en adolescentes.<\/p>\n\n\n\n<p class=\"wp-block-paragraph\">Finalmente la titular de CONAVIM expuso que hay un aumento de la violencia en general y Chiapas no es la excepci\u00f3n en violencia familiar, pero en lesiones dolosas, est\u00e1n en un estancamiento.<\/p>\n\n\n\n<p class=\"wp-block-paragraph\">SEM\/MG<\/p>\n","protected":false},"excerpt":{"rendered":"<p>De Enero a agosto del presente a\u00f1o, la CONAVIM y el Secretariado Ejecutivo de Seguridad contabilizan de enero a agosto, 28 feminicidios en Chiapas y 12 muertes dolosas de mujeres.<\/p>\n","protected":false},"author":3,"featured_media":57657,"comment_status":"open","ping_status":"open","sticky":false,"template":"","format":"standard","meta":{"_monsterinsights_skip_tracking":false,"footnotes":""},"categories":[693,51],"tags":[],"class_list":["post-57656","post","type-post","status-publish","format-standard","has-post-thumbnail","category-693","category-ejecutivo"],"_links":{"self":[{"href":"https:\/\/redsemlac.com\/semmexico\/wp-json\/wp\/v2\/posts\/57656","targetHints":{"allow":["GET"]}}],"collection":[{"href":"https:\/\/redsemlac.com\/semmexico\/wp-json\/wp\/v2\/posts"}],"about":[{"href":"https:\/\/redsemlac.com\/semmexico\/wp-json\/wp\/v2\/types\/post"}],"author":[{"embeddable":true,"href":"https:\/\/redsemlac.com\/semmexico\/wp-json\/wp\/v2\/users\/3"}],"replies":[{"embeddable":true,"href":"https:\/\/redsemlac.com\/semmexico\/wp-json\/wp\/v2\/comments?post=57656"}],"version-history":[{"count":0,"href":"https:\/\/redsemlac.com\/semmexico\/wp-json\/wp\/v2\/posts\/57656\/revisions"}],"wp:featuredmedia":[{"embeddable":true,"href":"https:\/\/redsemlac.com\/semmexico\/wp-json\/wp\/v2\/media\/57657"}],"wp:attachment":[{"href":"https:\/\/redsemlac.com\/semmexico\/wp-json\/wp\/v2\/media?parent=57656"}],"wp:term":[{"taxonomy":"category","embeddable":true,"href":"https:\/\/redsemlac.com\/semmexico\/wp-json\/wp\/v2\/categories?post=57656"},{"taxonomy":"post_tag","embeddable":true,"href":"https:\/\/redsemlac.com\/semmexico\/wp-json\/wp\/v2\/tags?post=57656"}],"curies":[{"name":"wp","href":"https:\/\/api.w.org\/{rel}","templated":true}]}}