{"id":57451,"date":"2022-10-17T09:53:05","date_gmt":"2022-10-17T15:53:05","guid":{"rendered":"https:\/\/redsemlac.com\/semmexico\/?p=57451"},"modified":"2023-07-21T19:19:06","modified_gmt":"2023-07-22T00:19:06","slug":"a-dos-anos-del-feminicidio-de-una-menor-sin-justicia-activistas-exigen-que-la-fiscalia-haga-su-trabajo","status":"publish","type":"post","link":"https:\/\/redsemlac.com\/semmexico\/a-dos-anos-del-feminicidio-de-una-menor-sin-justicia-activistas-exigen-que-la-fiscalia-haga-su-trabajo\/","title":{"rendered":"A dos a\u00f1os del feminicidio de una menor, sin justicia; activistas exigen \u201cque la fiscal\u00eda haga su trabajo\u201d"},"content":{"rendered":"\n<ul class=\"wp-block-list\"><li><strong>No estuvo presente la mam\u00e1 de la ni\u00f1a, debido a las amenazas de que ha sido objeto, y que la llevaron junto con sus otras hijas a salir huyendo de Tixtla, para evitar ser asesinada.<\/strong><\/li><\/ul>\n\n\n\n<p class=\"wp-block-paragraph\"><strong>Josefina Aguilar Pastor&nbsp;<\/strong><\/p>\n\n\n\n<p class=\"wp-block-paragraph\">SemM\u00e9xico, Chilpancingo, Guerrero, 17 de octubre del 2022.- Este domingo, activista e integrantes del colectivo de desaparecidos\/as de Chilpancingo, llevaron a cabo una marcha que inici\u00f3 en el punto conocido como Los Arcos, en el barrio del Santuario, en Tixtla. \u201cQue la Fiscal\u00eda haga su trabajo\u201d exigieron activistas al cumplirse dos a\u00f1os del feminicidio de la menor de 12 a\u00f1os, Ayelin Iczae Gutierrez Marcelo, asesinada en una de las colonias de Tixtla, hasta el momento no hay castigo a los culpables, incluso uno de los detenidos, estar\u00eda pr\u00f3ximo a ser liberado, acusaron.&nbsp;<\/p>\n\n\n\n<p class=\"wp-block-paragraph\">El contingente estuvo acompa\u00f1ado y apoyado por un grupo de alumnas y alumnos de la Normal Rural de Ayotzinapa, que se uni\u00f3 a la exigencia de justicia para la peque\u00f1a Ayelin.&nbsp;<\/p>\n\n\n\n<p class=\"wp-block-paragraph\">El 16 de octubre de 2020, un grupo de normalistas, tambi\u00e9n apoy\u00f3 a la se\u00f1ora Flora Marcelo Rojas, mam\u00e1 de Ayelin, cuando bloqueaba, junto con apenas un peque\u00f1o grupo de activistas, la carretera federal para exigir la actuaci\u00f3n de la Fiscal\u00eda General del Estado (FGE), en la b\u00fasqueda de su hija.&nbsp;<\/p>\n\n\n\n<p class=\"wp-block-paragraph\">Con consignas como \u201cni una m\u00e1s, ni una m\u00e1s, ni una asesinada m\u00e1s\u201d, \u201cjusticia para Ayelin\u201d, \u201cni una m\u00e1s, ni una asesinada m\u00e1s, ni una menos, vivas nos queremos\u201d, entre otras, el grupo, camin\u00f3 por las principales calles de Tixtla hasta llegar a la plaza \u201cIgnacio Manuel Altamirano\u201d, en el z\u00f3calo de la ciudad.&nbsp;<\/p>\n\n\n\n<p class=\"wp-block-paragraph\">Se instalaron frente al monumento colocado el pasado 10 de febrero de este a\u00f1o en la mencionada plaza tixtleca, donde armaron altar simb\u00f3lico con flores, mientras que normalistas ayudaron a colocar un caballete con la fotograf\u00eda de Ayelin Iczae, y cadenas de cempax\u00fachitl.&nbsp;<\/p>\n\n\n\n<figure class=\"wp-block-gallery has-nested-images columns-2 is-cropped wp-block-gallery-1 is-layout-flex wp-block-gallery-is-layout-flex\">\n<figure class=\"wp-block-image size-large\"><a href=\"https:\/\/redsemlac.com\/semmexico\/wp-content\/uploads\/2022\/10\/CHIAPAS-1-2.jpg\"><img decoding=\"async\" data-id=\"57459\" src=\"https:\/\/redsemlac.com\/semmexico\/wp-content\/uploads\/2022\/10\/CHIAPAS-1-2-1024x768.jpg\" alt=\"\" class=\"wp-image-57459\"\/><\/a><\/figure>\n\n\n\n<figure class=\"wp-block-image size-large\"><a href=\"https:\/\/redsemlac.com\/semmexico\/wp-content\/uploads\/2022\/10\/CHIAPAS-2-2.jpg\"><img decoding=\"async\" data-id=\"57457\" src=\"https:\/\/redsemlac.com\/semmexico\/wp-content\/uploads\/2022\/10\/CHIAPAS-2-2-1024x768.jpg\" alt=\"\" class=\"wp-image-57457\"\/><\/a><\/figure>\n\n\n\n<figure class=\"wp-block-image size-large\"><a href=\"https:\/\/redsemlac.com\/semmexico\/wp-content\/uploads\/2022\/10\/CHIAPAS-3-1.jpg\"><img decoding=\"async\" data-id=\"57458\" src=\"https:\/\/redsemlac.com\/semmexico\/wp-content\/uploads\/2022\/10\/CHIAPAS-3-1-1024x768.jpg\" alt=\"\" class=\"wp-image-57458\"\/><\/a><\/figure>\n\n\n\n<figure class=\"wp-block-image size-large\"><a href=\"https:\/\/redsemlac.com\/semmexico\/wp-content\/uploads\/2022\/10\/CHIAPAS-4-1.jpg\"><img decoding=\"async\" data-id=\"57461\" src=\"https:\/\/redsemlac.com\/semmexico\/wp-content\/uploads\/2022\/10\/CHIAPAS-4-1-1024x768.jpg\" alt=\"\" class=\"wp-image-57461\"\/><\/a><\/figure>\n\n\n\n<figure class=\"wp-block-image size-large\"><a href=\"https:\/\/redsemlac.com\/semmexico\/wp-content\/uploads\/2022\/10\/CHIAPAS-5-1.jpg\"><img decoding=\"async\" data-id=\"57460\" src=\"https:\/\/redsemlac.com\/semmexico\/wp-content\/uploads\/2022\/10\/CHIAPAS-5-1-1024x768.jpg\" alt=\"\" class=\"wp-image-57460\"\/><\/a><\/figure>\n<\/figure>\n\n\n\n<p class=\"wp-block-paragraph\">Una de las oradoras, aclar\u00f3 que la se\u00f1ora Flora Marcelo Rojas, no estaba presente debido a las amenazas de que ha sido objeto, y que la llevaron junto con sus hijas a salir huyendo de Tixtla, para evitar ser asesinada; sin embargo desde donde se encuentran contin\u00faa en la lucha porque el feminicidio de Ayelin no quede impune.&nbsp;<\/p>\n\n\n\n<p class=\"wp-block-paragraph\">Tambi\u00e9n denunci\u00f3 que la se\u00f1ora Flora, lejos de recibir justician, ha sido reprimir\u00e1 y amedrentada, violentada por las propias instancias que deber\u00edan garantizarle seguridad y atenci\u00f3n \u201cse le pide a las diferentes autoridades que hagan su trabajo, que para eso se les paga, que protejan a esa mujer que como muchas otras ha sido violentadas\u201d, exigi\u00f3.&nbsp;<\/p>\n\n\n\n<p class=\"wp-block-paragraph\">Otra de las activistas que hizo uso de la palabra, Gema Ant\u00fanez Flores representante del colectivo Familiares en B\u00fasqueda \u201cMar\u00eda Herrera\u201d, manifest\u00f3 el apoyo de esta organizaci\u00f3n para exigir que todo el peso de la ley ca\u00edda sobre las personas que con tanta sa\u00f1a -dijo-, privaron de la vida a Ayelin Iczae.&nbsp;<\/p>\n\n\n\n<p class=\"wp-block-paragraph\">Tambi\u00e9n exigi\u00f3 avances en las investigaciones para saber que est\u00e1 pasando con las personas que participaron en \u201ceste hecho atroz\u201d, y agreg\u00f3 \u201cse le pide a la gente tixtleca que cuando pase por este lugar y vean esta cruz, no olviden que en este pueblo se cometi\u00f3 este acto cruel y deshumanizado\u201d.&nbsp;<\/p>\n\n\n\n<p class=\"wp-block-paragraph\">Mencion\u00f3 que en lo que va de este a\u00f1o, han contabilizado 38 mujeres asesinadas, 6 en Copanatoyac, 13 en Acapulco, 5 en Chilpancingo, 3 en iguala; 2 en Ayutla; 2 en Xaltianguis; 3 en Taxco; 1 en Metlatonoc, Cochoapa, Xochihuehuetl\u00e1n, y Cuajinicuilapa respectivamente; y 56 desaparecidas, de las cuales, 48 han sido localizadas, y 8 a\u00fan no.<\/p>\n\n\n\n<p class=\"wp-block-paragraph\">Record\u00f3 el llamado que la presidenta de la Comisi\u00f3n de Derechos Humanos del Estado de Guerrero (CDHEG), Cecilia Narciso Gayt\u00e1n, hizo a la Gobernadora Evelyn Salgado Pineda, y a la fiscal, Sandra Luz Valdovinos Salmer\u00f3n, para investigar m\u00e1s profundamente con perspectiva de g\u00e9nero, implementar la estrategia integral del protocolo Violeta.&nbsp;<\/p>\n\n\n\n<p class=\"wp-block-paragraph\">As\u00ed como este mismo llamado dirigido a la poblaci\u00f3n, para trabajar en un cambio de conducta y frenar la violencia, para tener paz y seguridad en la sociedad, en la que impere el Estado de Derecho, \u201cun llamado a que juntas y juntos, incluidas las autoridades, organismos civiles, universidades, y centros educativos,&nbsp; logremos un tejido social (\u2026), que se termine la impunidad, con el no pasa nada, donde por el hecho de ser pobre y ser mujer, recibamos un trato omiso\u201d.&nbsp;&nbsp;<\/p>\n\n\n\n<p class=\"wp-block-paragraph\">En entrevista, Ant\u00fanez Flores reiter\u00f3 que hasta el momento no ha habido avances en el proceso de las cuatro personas detenidas, de las cuales, uno muri\u00f3 este a\u00f1o, de los tres restantes, uno estar\u00eda a punto de ser liberado.<\/p>\n\n\n\n<p class=\"wp-block-paragraph\">Acus\u00f3 que la FGE, no ha tomado en cuenta a la madre de Ayelin en el proceso que llevan los tres detenidos como presuntos feminicidas, no le proporcionan informaci\u00f3n, \u201cno ha habido nada, ni un avance, ni para bien ni para mal, en la conmemoraci\u00f3n del segundo a\u00f1o, estamos molestos porque no ha habido ninguna comunicaci\u00f3n de la autoridad con la madre\u201d, expuso Ant\u00fanez Flores.&nbsp;<\/p>\n\n\n\n<p class=\"wp-block-paragraph\">La representante, llam\u00f3 a la gobernadora Evelin Salgado Pineda, as\u00ed como al propio presidente del Tribunal Superior de Justicia (TSJ), Raymundo Casarrubias V\u00e1zquez, a no permitir que este feminicidio de una ni\u00f1a de 12 a\u00f1os, quede en la impunidad.&nbsp;<\/p>\n\n\n\n<p class=\"wp-block-paragraph\">Por otro lado, denunci\u00f3 la agresi\u00f3n de que fue v\u00edctima la se\u00f1ora Flora Marcelo Rojas, madre de Ayelin, por parte de personal de la Comisi\u00f3n Nacional de Derechos Humanos (CNDH), a donde acudi\u00f3 junto con otras activistas a solicitar su intervenci\u00f3n ante su hom\u00f3loga en el Estado de Guerrero, y en respuesta, fue reprimida, y agredida.&nbsp;&nbsp;<\/p>\n\n\n\n<h2 class=\"wp-block-heading\"><strong>Solo 9 mujeres desaparecidas en Guerrero<\/strong><\/h2>\n\n\n\n<p class=\"wp-block-paragraph\">En tanto Arturo Sol\u00eds Felipe, titular de la Comisi\u00f3n de B\u00fasqueda de Personas del Estado de Guerrero, dio a conocer que el 80 por ciento de los casos de mujeres reportadas como desaparecidas, son localizadas con vida en la primera semana, solo 9 en lo que va del a\u00f1o, contin\u00faan sin ser encontradas.&nbsp;<\/p>\n\n\n\n<p class=\"wp-block-paragraph\">En entrevista al dar acompa\u00f1amiento a la marcha y mitin realizado este domingo en Tixtla, en el marco del segundo aniversario del feminicidio de la menor Ayelin Iczae Gutierrez Marcelo, el funcionario estatal, coment\u00f3 que este caso, no es competencia de la Comisi\u00f3n de B\u00fasqueda, sino de la Fiscal\u00eda General del Estado (FGE), con la que trabaja de manera coordinada.&nbsp;<\/p>\n\n\n\n<p class=\"wp-block-paragraph\">Dio a conocer que de acuerdo al registro nacional de personas desaparecidas, desde 1976 con la llamada Guerra Sucia a la fecha, en Guerrero, hay 2 mil 800, entre mujeres, hombres, ni\u00f1as y ni\u00f1os.<\/p>\n\n\n\n<p class=\"wp-block-paragraph\">En lo que va del a\u00f1o, son alrededor de 180 casos de personas desaparecidas reportados, de los cuales, el 30 por ciento son mujeres, la mayor\u00eda menores de edad, y alrededor del 90, la mayor\u00eda menores de edad, fueron localizadas con vida, en un lapso de entre uno a ocho d\u00edas.<\/p>\n\n\n\n<p class=\"wp-block-paragraph\">Sin embargo, son 9 los casos de igual n\u00famero de mujeres que contin\u00faan activos, debido a que a\u00fan no han sido localizadas.&nbsp;<\/p>\n\n\n\n<p class=\"wp-block-paragraph\">Sol\u00eds Felipe, inform\u00f3 que hace dos meses aproximadamente, realizaron una jornada de registro gen\u00e9tico de familiares de personas desaparecidas, a la cual solo acudieron 60 en el puerto de Acapulco.&nbsp;<\/p>\n\n\n\n<p class=\"wp-block-paragraph\">SEM\/MG<\/p>\n","protected":false},"excerpt":{"rendered":"<p>No estuvo presente la mam\u00e1 de la ni\u00f1a, debido a las amenazas de que ha sido objeto, y que la llevaron junto con sus otras hijas a salir huyendo de Tixtla, para evitar ser asesinada.<\/p>\n","protected":false},"author":3,"featured_media":57453,"comment_status":"open","ping_status":"open","sticky":false,"template":"","format":"standard","meta":{"_monsterinsights_skip_tracking":false,"footnotes":""},"categories":[693,47,48],"tags":[],"class_list":["post-57451","post","type-post","status-publish","format-standard","has-post-thumbnail","category-693","category-no-mas-impunidad","category-no-mas-impunidad-no-mas-impunidad"],"_links":{"self":[{"href":"https:\/\/redsemlac.com\/semmexico\/wp-json\/wp\/v2\/posts\/57451","targetHints":{"allow":["GET"]}}],"collection":[{"href":"https:\/\/redsemlac.com\/semmexico\/wp-json\/wp\/v2\/posts"}],"about":[{"href":"https:\/\/redsemlac.com\/semmexico\/wp-json\/wp\/v2\/types\/post"}],"author":[{"embeddable":true,"href":"https:\/\/redsemlac.com\/semmexico\/wp-json\/wp\/v2\/users\/3"}],"replies":[{"embeddable":true,"href":"https:\/\/redsemlac.com\/semmexico\/wp-json\/wp\/v2\/comments?post=57451"}],"version-history":[{"count":0,"href":"https:\/\/redsemlac.com\/semmexico\/wp-json\/wp\/v2\/posts\/57451\/revisions"}],"wp:featuredmedia":[{"embeddable":true,"href":"https:\/\/redsemlac.com\/semmexico\/wp-json\/wp\/v2\/media\/57453"}],"wp:attachment":[{"href":"https:\/\/redsemlac.com\/semmexico\/wp-json\/wp\/v2\/media?parent=57451"}],"wp:term":[{"taxonomy":"category","embeddable":true,"href":"https:\/\/redsemlac.com\/semmexico\/wp-json\/wp\/v2\/categories?post=57451"},{"taxonomy":"post_tag","embeddable":true,"href":"https:\/\/redsemlac.com\/semmexico\/wp-json\/wp\/v2\/tags?post=57451"}],"curies":[{"name":"wp","href":"https:\/\/api.w.org\/{rel}","templated":true}]}}