{"id":57437,"date":"2022-10-17T06:37:52","date_gmt":"2022-10-17T12:37:52","guid":{"rendered":"https:\/\/redsemlac.com\/semmexico\/?p=57437"},"modified":"2023-07-21T19:19:06","modified_gmt":"2023-07-22T00:19:06","slug":"botella-al-mar-que-se-hace-en-estos-casos","status":"publish","type":"post","link":"https:\/\/redsemlac.com\/semmexico\/botella-al-mar-que-se-hace-en-estos-casos\/","title":{"rendered":"Botella al Mar| \u00bfQu\u00e9 se hace en estos casos?"},"content":{"rendered":"\n<p class=\"wp-block-paragraph\"><strong>Martha Canseco Gonz\u00e1lez<\/strong><\/p>\n\n\n\n<p class=\"wp-block-paragraph\">SemM\u00e9xico, Pachuca, Hidalgo, 17 de octubre del 2022.- La semana pasada, inici\u00e9 nuevamente capacitaci\u00f3n en Educaci\u00f3n Integral en Sexualidad a maestras y maestros de educaci\u00f3n media superior de Hidalgo. Coordinada por la Secretar\u00eda de Salud de la entidad, agradezco siempre la oportunidad de estar con quienes todos los d\u00edas tienen ocasi\u00f3n de convivir con las y los j\u00f3venes.<\/p>\n\n\n\n<p class=\"wp-block-paragraph\">Es una gran responsabilidad que tienen ellas y ellos, \u00a1por supuesto que s\u00ed! De ah\u00ed el inter\u00e9s tanto de la Secretar\u00eda de Educaci\u00f3n P\u00fablica como de la Secretar\u00eda de Salud de que se capaciten en este nuevo concepto, cuya obligatoriedad de difundir qued\u00f3, apenas hace tres a\u00f1os, establecida en la constituci\u00f3n del pa\u00eds.<\/p>\n\n\n\n<p class=\"wp-block-paragraph\">As\u00ed que ac\u00e1 en Hidalgo estamos haciendo lo que corresponde.<\/p>\n\n\n\n<p class=\"wp-block-paragraph\">Sin embargo, creo que es fundamental llevar estos conocimientos a las y los maestros tanto de secundaria y primaria, como de educaci\u00f3n inicial. Mientras m\u00e1s temprano, ni\u00f1as, ni\u00f1os y adolescentes tengan contacto con estos conceptos, muchos problemas nos vamos a evitar.<\/p>\n\n\n\n<p class=\"wp-block-paragraph\">Y estoy asegurando esto \u00faltimo, por el lamentable caso que ocurri\u00f3 en septiembre pasado en una escuela primaria de Tulancingo.<\/p>\n\n\n\n<p class=\"wp-block-paragraph\">Ah\u00ed, dos ni\u00f1os de 9 a\u00f1os de edad abusaron sexualmente de una de sus compa\u00f1eras, uno someti\u00f3 por la fuerza a la ni\u00f1a, mientras el otro la abus\u00f3. La alumna termin\u00f3 en el hospital.<\/p>\n\n\n\n<p class=\"wp-block-paragraph\">Lo terror\u00edfico del caso, es que los ni\u00f1os, son reincidentes. Es decir que ya lo hab\u00edan hecho en otra escuela, pero que en esta ocasi\u00f3n el ataque fue mucho m\u00e1s violento.<\/p>\n\n\n\n<p class=\"wp-block-paragraph\">Y es que, las autoridades escolares, lo \u00fanico que hicieron la primera ocasi\u00f3n fue cambiar a los agresores de escuela, exactamente como lo hace la iglesia cat\u00f3lica con los curas pederastas, no los castigan, s\u00f3lo los cambian de iglesia.<\/p>\n\n\n\n<p class=\"wp-block-paragraph\">Ya s\u00e9 qu\u00e9 por su edad, los ni\u00f1os son inimputables, las leyes los protegen, pero les pregunto queridas lectoras y lectores, \u00bfqu\u00e9 podemos hacer, con dos consumados agresores sexuales de tan s\u00f3lo 9 a\u00f1os?<\/p>\n\n\n\n<p class=\"wp-block-paragraph\">Ser\u00eda muy simplista culpar solo al entorno familiar de los infantes, por supuesto, esto va m\u00e1s all\u00e1, por muchas razones.<\/p>\n\n\n\n<p class=\"wp-block-paragraph\">M\u00e9xico, tiene el vergonzoso, primer lugar mundial en abuso sexual infantil, tambi\u00e9n el primer lugar en el mundo en producci\u00f3n de pornograf\u00eda infantil. Claro que no est\u00e1 desconectado un hecho de otro, est\u00e1n \u00edntimamente ligados.<\/p>\n\n\n\n<p class=\"wp-block-paragraph\">Y habla por supuesto de la enorme cantidad de agresores sexuales adultos que hay en M\u00e9xico violentando los derechos de mujeres, ni\u00f1as, ni\u00f1os y adolescentes. A\u00f1\u00e1dale usted a esto, los datos que revelan qu\u00e9 en nuestra naci\u00f3n, la edad promedio en que los ni\u00f1os tienen acceso a ver pornograf\u00eda son los 7 a\u00f1os.<\/p>\n\n\n\n<p class=\"wp-block-paragraph\">Amigas, amigos, \u00bfqu\u00e9 hacemos con estos ni\u00f1os?, \u00bfcreen ustedes que es posible salvarlos de un presente y un futuro criminal? \u00bfCreen ustedes que se les puede reeducar?<\/p>\n\n\n\n<p class=\"wp-block-paragraph\">Por supuesto no se les puede negar el acceso a la educaci\u00f3n formal ya que es su derecho, pero \u00bfcon qu\u00e9 confianza los integramos a una comunidad estudiantil sabiendo que las ni\u00f1as corren enorme peligro con ellos cerca?<\/p>\n\n\n\n<p class=\"wp-block-paragraph\">Yo, la verdad no s\u00e9 si en Hidalgo hay alguna, alg\u00fan terapeuta especializado en tratar ni\u00f1os que han cometido este tipo de delitos, pero de que hay que hacer algo al respecto, no cabe duda.<\/p>\n\n\n\n<p class=\"wp-block-paragraph\">Les platico que acabo de terminar el diplomado \u201cExperta en Coaching Sexual\u201d. En uno de los m\u00f3dulos me preguntaban sobre s\u00ed considero que en m\u00ed pa\u00eds se vive una sexualidad sana, la contundente respuesta fue \u00a1no!<\/p>\n\n\n\n<p class=\"wp-block-paragraph\">Lo ya descrito en la columna sobre lo que ocurre en M\u00e9xico m\u00e1s los aberrantes hechos en Tulancingo, por desgracia, me dan la raz\u00f3n.<\/p>\n\n\n\n<p class=\"wp-block-paragraph\"><a href=\"mailto:botellalmar2017@gmail.com\">botellalmar2017@gmail.com<\/a><\/p>\n","protected":false},"excerpt":{"rendered":"<p>La semana pasada, inici\u00e9 nuevamente capacitaci\u00f3n en Educaci\u00f3n Integral en Sexualidad a maestras y maestros de educaci\u00f3n media superior de Hidalgo. <\/p>\n","protected":false},"author":3,"featured_media":38582,"comment_status":"open","ping_status":"open","sticky":false,"template":"","format":"standard","meta":{"_monsterinsights_skip_tracking":false,"footnotes":""},"categories":[693,98,84,35],"tags":[459],"class_list":["post-57437","post","type-post","status-publish","format-standard","has-post-thumbnail","category-693","category-botella-al-mar","category-martha-canseco","category-opinion","tag-opinion"],"_links":{"self":[{"href":"https:\/\/redsemlac.com\/semmexico\/wp-json\/wp\/v2\/posts\/57437","targetHints":{"allow":["GET"]}}],"collection":[{"href":"https:\/\/redsemlac.com\/semmexico\/wp-json\/wp\/v2\/posts"}],"about":[{"href":"https:\/\/redsemlac.com\/semmexico\/wp-json\/wp\/v2\/types\/post"}],"author":[{"embeddable":true,"href":"https:\/\/redsemlac.com\/semmexico\/wp-json\/wp\/v2\/users\/3"}],"replies":[{"embeddable":true,"href":"https:\/\/redsemlac.com\/semmexico\/wp-json\/wp\/v2\/comments?post=57437"}],"version-history":[{"count":0,"href":"https:\/\/redsemlac.com\/semmexico\/wp-json\/wp\/v2\/posts\/57437\/revisions"}],"wp:featuredmedia":[{"embeddable":true,"href":"https:\/\/redsemlac.com\/semmexico\/wp-json\/wp\/v2\/media\/38582"}],"wp:attachment":[{"href":"https:\/\/redsemlac.com\/semmexico\/wp-json\/wp\/v2\/media?parent=57437"}],"wp:term":[{"taxonomy":"category","embeddable":true,"href":"https:\/\/redsemlac.com\/semmexico\/wp-json\/wp\/v2\/categories?post=57437"},{"taxonomy":"post_tag","embeddable":true,"href":"https:\/\/redsemlac.com\/semmexico\/wp-json\/wp\/v2\/tags?post=57437"}],"curies":[{"name":"wp","href":"https:\/\/api.w.org\/{rel}","templated":true}]}}