{"id":57427,"date":"2022-10-16T18:33:40","date_gmt":"2022-10-17T00:33:40","guid":{"rendered":"https:\/\/redsemlac.com\/semmexico\/?p=57427"},"modified":"2023-07-21T19:19:07","modified_gmt":"2023-07-22T00:19:07","slug":"69o-aniversario-del-derecho-al-voto","status":"publish","type":"post","link":"https:\/\/redsemlac.com\/semmexico\/69o-aniversario-del-derecho-al-voto\/","title":{"rendered":"<strong>69\u00ba Aniversario del Derecho al Voto<\/strong>"},"content":{"rendered":"\n<p class=\"wp-block-paragraph\"><strong>Hacer valer el voto conquistado por las feministas reclaman las colectivas en el 2022<\/strong><\/p>\n\n\n\n<p class=\"wp-block-paragraph\">Elda Montiel<\/p>\n\n\n\n<p class=\"wp-block-paragraph\">SemM\u00e9xico, Cd. de M\u00e9xico, 17 de octubre 2022.- La Conmemoraci\u00f3n del 69 Aniversario del Sufragio en M\u00e9xico este 17 de octubre se da en la contradicci\u00f3n cuando muchas mas mujeres ocupan sitios de toma de decisiones y de participaci\u00f3n en el poder se vive un enorme retroceso no s\u00f3lo por la violencia sino la desaparici\u00f3n de avances en la salud, lo econ\u00f3mico y social y nuevas formas de control y opresi\u00f3n feminista, como el espionaje y el borrado de las mujeres.<\/p>\n\n\n\n<p class=\"wp-block-paragraph\">La demanda de las mujeres a las que tienen el privilegio de llegar a las posiciones de poder es jalar a las otras mujeres, a las ind\u00edgenas como se\u00f1alo Hermelinda Tiburcio Cayetano defensora mixteca de Guerrero. \u201cInvito a las mujeres que han llegado al poder, que ya no son una y dos, a dejar de alimentar al patriarcado y al machismo sobre todo a nivel comunitario, a los que han y siguen maltratando a las mujeres\u201d.<\/p>\n\n\n\n<figure class=\"wp-block-image size-large\"><a href=\"https:\/\/redsemlac.com\/semmexico\/wp-content\/uploads\/2022\/10\/69-aniv-voto-02.jpg\"><img decoding=\"async\" src=\"https:\/\/redsemlac.com\/semmexico\/wp-content\/uploads\/2022\/10\/69-aniv-voto-02-1024x576.jpg\" alt=\"\" class=\"wp-image-57431\"\/><\/a><\/figure>\n\n\n\n<p class=\"wp-block-paragraph\">O el reclamo de las j\u00f3venes feministas como Arussi Unda de \u201cBrujas del Mar \u201cahora ya sabemos por qui\u00e9n no votar en las pr\u00f3ximas elecciones del 2024, quienes han contravenido los derechos de las mujeres y las ni\u00f1as. Si somos m\u00e1s de la mitad del padr\u00f3n electoral hay que hacer valer lo que nos dieron nuestras antecesoras, la meta principal del feminismo es la liberaci\u00f3n de las mujeres del sistema patriarcal\u201d.<\/p>\n\n\n\n<p class=\"wp-block-paragraph\">Como se\u00f1ala Sara Lovera en estos momentos cr\u00edticos que vive el pa\u00eds urge revisar cr\u00edticamente la agenda feminista, redirigir las acciones y posturas feministas ante un gobierno c\u00edvico-militar, la expresi\u00f3n mas acabada de la supremac\u00eda masculina.<\/p>\n\n\n\n<p class=\"wp-block-paragraph\">La historiadora feminista Patricia Galeana ha afirmado que \u201csin la participaci\u00f3n igualitaria de las mujeres no hay democracia\u201d. Para lograr el empoderamiento de las mujeres en nuestro pa\u00eds, existe la necesidad de hacer un cambio cultural y de educaci\u00f3n con perspectiva de g\u00e9nero desde la infancia. Las mexicanas acudieron por primera vez a las urnas el 17 de octubre de 1955, gracias a la organizaci\u00f3n e intervenci\u00f3n de grupos feministas en foros demandando derechos ciudadanos como votar y ser votadas. Con la reforma al Art\u00edculo 38 de la Constituci\u00f3n que establece el derecho activo y pasivo al voto para ejercer plenamente su ciudadan\u00eda.<\/p>\n\n\n<div class=\"wp-block-image\">\n<figure class=\"alignright size-full is-resized\"><a href=\"https:\/\/redsemlac.com\/semmexico\/wp-content\/uploads\/2022\/10\/69-aniv-voto-04.jpg\"><img loading=\"lazy\" decoding=\"async\" src=\"https:\/\/redsemlac.com\/semmexico\/wp-content\/uploads\/2022\/10\/69-aniv-voto-04.jpg\" alt=\"\" class=\"wp-image-57430\" width=\"462\" height=\"319\"\/><\/a><\/figure>\n<\/div>\n\n\n<figure class=\"wp-block-image size-full is-resized\"><a href=\"https:\/\/redsemlac.com\/semmexico\/wp-content\/uploads\/2022\/10\/69-aniv-voto-03.jpg\"><img loading=\"lazy\" decoding=\"async\" src=\"https:\/\/redsemlac.com\/semmexico\/wp-content\/uploads\/2022\/10\/69-aniv-voto-03.jpg\" alt=\"\" class=\"wp-image-57429\" width=\"296\" height=\"369\"\/><\/a><\/figure>\n\n\n\n<p class=\"wp-block-paragraph\">Ya lo hab\u00edan hecho en las municipales a partir de 1947, pero entonces se consider\u00f3 que no estaban preparadas para participar en la pol\u00edtica nacional.<\/p>\n\n\n\n<p class=\"wp-block-paragraph\">A pesar de este gran avance pasaron a\u00f1os antes de que el sufragio femenino se viera realmente proyectado en la elecci\u00f3n de mujeres candidatas para cargos federales.<\/p>\n\n\n\n<p class=\"wp-block-paragraph\">Las primeras sufragadas fueron Aurora Jim\u00e9nez de Palacios el 4 de julio de 1954, primera diputada federal en la historia de M\u00e9xico, por Baja California. Mar\u00eda Lavalle Urbina por Campeche y Alicia Arellano Tapia por Sonora, fueron las primeras senadoras electas el 4 de julio de 1964. Griselda \u00c1lvarez fue la primera gobernadora de Colima en 1979.<\/p>\n\n\n\n<p class=\"wp-block-paragraph\"><strong>La Inequidad de Genero continua en los espacios de poder<\/strong><\/p>\n\n\n\n<p class=\"wp-block-paragraph\">La conmemoraci\u00f3n del 69 aniversario del Sufragio feminista se da en un contexto relevante, por primera vez en la historia del pa\u00eds, se tienen nueve gobernadoras de las 32 entidades del pa\u00eds, la C\u00e1mara de Diputadas y de Diputados est\u00e1 compuesto incluso por m\u00e1s mujeres que hombres, y el Senado est\u00e1 compuesto por el 50 por ciento.<\/p>\n\n\n\n<p class=\"wp-block-paragraph\">En la actualidad los datos sobre la participaci\u00f3n legislativa de las mujeres en nuestro pa\u00eds reflejan un incremento hacia la paridad en la representaci\u00f3n de las mujeres en las c\u00e1maras legislativa federal y local.<\/p>\n\n\n\n<p class=\"wp-block-paragraph\">Sin embargo, estos espacios son insuficientes para revertir situaciones de desigualdad sistem\u00e1tica que permita que en M\u00e9xico la participaci\u00f3n sea plena e igualitaria entre todas las personas.<\/p>\n\n\n\n<p class=\"wp-block-paragraph\">La inequidad de g\u00e9nero contin\u00faa en los espacios del poder como se\u00f1al\u00f3 Alejandra Montoya Mexia en una reuni\u00f3n del Instituto Nacional Electoral, ya de acuerdo con el \u00cdndice de fuerza pol\u00edtica de las legisladoras elaborado por Buro Parlamentario de la estructura de los 32 congreso locales, el promedio de la fuerza legislativa de las diputadas locales en M\u00e9xico, es de 37 por ciento, \u201cpor lo que es uno de los elementos que debemos trabajar para modificar sustancialmente este ejercicio del poder\u201d.<\/p>\n\n\n\n<p class=\"wp-block-paragraph\">La mayor presencia de las mujeres se da al presidir 22 de las 32 mesas directivas de las c\u00e1maras locales.<\/p>\n\n\n\n<figure class=\"wp-block-image size-full\"><a href=\"https:\/\/redsemlac.com\/semmexico\/wp-content\/uploads\/2022\/10\/69-aniv-voto-05.png\"><img loading=\"lazy\" decoding=\"async\" width=\"597\" height=\"443\" src=\"https:\/\/redsemlac.com\/semmexico\/wp-content\/uploads\/2022\/10\/69-aniv-voto-05.png\" alt=\"\" class=\"wp-image-57428\"\/><\/a><\/figure>\n\n\n\n<p class=\"wp-block-paragraph\">En contraste, opina que es apremiante modificar el resultado a las coordinaciones de los grupos parlamentarias en las que menos del 25 por ciento son mujeres, \u201csabemos les permite, entre otras cuestiones, votar de manera ponderada en las juntas de coordinaci\u00f3n pol\u00edtica y, por tanto, tener un mayor poder de decisi\u00f3n pol\u00edtica\u201d.<\/p>\n\n\n\n<p class=\"wp-block-paragraph\">Las legislaturas de las entidades federativas donde las mujeres legisladoras ejercer una mayor fuerza pol\u00edtica son: Oaxaca, seguido por Zacatecas, Michoac\u00e1n, Jalisco y Coahuila.<\/p>\n\n\n\n<p class=\"wp-block-paragraph\">El 50 por ciento de quienes integran la C\u00e1mara de Diputadas y de Diputados federal son mujeres, sin embargo, se carece de una coordinadora de bancada por lo que las mujeres carecen de liderazgo pol\u00edtico partidista al interior de esta legislatura.<\/p>\n\n\n\n<p class=\"wp-block-paragraph\">Se observa que la mesa directiva de la C\u00e1mara de Diputadas y de Diputados actualmente, pues no est\u00e1 presidida por una mujer e igual ocurre con la mesa directiva de la C\u00e1mara de Senadoras y Senadores, que tampoco est\u00e1 presidida por una mujer.<\/p>\n","protected":false},"excerpt":{"rendered":"<p>Hacer valer el voto conquistado por las feministas reclaman las colectivas en el 2022<\/p>\n","protected":false},"author":3,"featured_media":57432,"comment_status":"open","ping_status":"open","sticky":false,"template":"","format":"standard","meta":{"_monsterinsights_skip_tracking":false,"footnotes":""},"categories":[693,64],"tags":[],"class_list":["post-57427","post","type-post","status-publish","format-standard","has-post-thumbnail","category-693","category-para-saber"],"_links":{"self":[{"href":"https:\/\/redsemlac.com\/semmexico\/wp-json\/wp\/v2\/posts\/57427","targetHints":{"allow":["GET"]}}],"collection":[{"href":"https:\/\/redsemlac.com\/semmexico\/wp-json\/wp\/v2\/posts"}],"about":[{"href":"https:\/\/redsemlac.com\/semmexico\/wp-json\/wp\/v2\/types\/post"}],"author":[{"embeddable":true,"href":"https:\/\/redsemlac.com\/semmexico\/wp-json\/wp\/v2\/users\/3"}],"replies":[{"embeddable":true,"href":"https:\/\/redsemlac.com\/semmexico\/wp-json\/wp\/v2\/comments?post=57427"}],"version-history":[{"count":0,"href":"https:\/\/redsemlac.com\/semmexico\/wp-json\/wp\/v2\/posts\/57427\/revisions"}],"wp:featuredmedia":[{"embeddable":true,"href":"https:\/\/redsemlac.com\/semmexico\/wp-json\/wp\/v2\/media\/57432"}],"wp:attachment":[{"href":"https:\/\/redsemlac.com\/semmexico\/wp-json\/wp\/v2\/media?parent=57427"}],"wp:term":[{"taxonomy":"category","embeddable":true,"href":"https:\/\/redsemlac.com\/semmexico\/wp-json\/wp\/v2\/categories?post=57427"},{"taxonomy":"post_tag","embeddable":true,"href":"https:\/\/redsemlac.com\/semmexico\/wp-json\/wp\/v2\/tags?post=57427"}],"curies":[{"name":"wp","href":"https:\/\/api.w.org\/{rel}","templated":true}]}}