{"id":57402,"date":"2022-10-16T13:56:33","date_gmt":"2022-10-16T19:56:33","guid":{"rendered":"https:\/\/redsemlac.com\/semmexico\/?p=57402"},"modified":"2023-07-21T19:19:07","modified_gmt":"2023-07-22T00:19:07","slug":"servir-con-pasion-sin-simulaciones-exhorto-a-las-nuevas-generaciones-ricardo-monreal","status":"publish","type":"post","link":"https:\/\/redsemlac.com\/semmexico\/servir-con-pasion-sin-simulaciones-exhorto-a-las-nuevas-generaciones-ricardo-monreal\/","title":{"rendered":"<strong>Servir con pasi\u00f3n sin simulaciones exhort\u00f3 a las nuevas generaciones Ricardo Monreal<\/strong>"},"content":{"rendered":"\n<p class=\"wp-block-paragraph\">Micaela M\u00e1rquez &nbsp;&nbsp;&nbsp;&nbsp;&nbsp;&nbsp;&nbsp;&nbsp;&nbsp;&nbsp;&nbsp;<\/p>\n\n\n\n<p class=\"wp-block-paragraph\">SemM\u00e9xico, Cd. de M\u00e9xico, 16 de octubre 2022.-Ricardo Monreal \u00c1vila, el coordinador del Grupo Parlamentario de Morena en el Senado, recomend\u00f3 a las y los j\u00f3venes a alejarse de la soberbia y la arrogancia, pues les advirti\u00f3 que es el camino del distanciamiento social.<\/p>\n\n\n\n<p class=\"wp-block-paragraph\">En el Taller Legislativo \u201c10 x M\u00e9xico\u201d que se realiz\u00f3 en el Senado de la Rep\u00fablica les dijo que, en el ejercicio pol\u00edtico, una actitud de fingimiento, de simulaci\u00f3n destruye. Si quieren ser servidores y servidoras publicas no finjan ni simulen porque eso les traer\u00e1 como consecuencia aislarse de la gente.<\/p>\n\n\n\n<p class=\"wp-block-paragraph\">Los exhort\u00f3 a ser aut\u00e9nticos y autenticas y que no pretendan se lo que no son, deben sentirse orgullosos de lo que son. \u201cNo pretendan escalar a clases a las que no pertenecen\u201d,<\/p>\n\n\n\n<p class=\"wp-block-paragraph\">En la c\u00e1tedra que imparti\u00f3 enfatiz\u00f3 la importancia de prepararse para renovar a los liderazgos y a la clase pol\u00edtica del pa\u00eds. \u201cLas grandes generaciones de pol\u00edticas y pol\u00edticos se hacen as\u00ed, en equipos como este, en encuentros, pl\u00e1ticas y al compartir ideas y principios\u201d.<\/p>\n\n\n\n<p class=\"wp-block-paragraph\">El coordinador del Grupo Parlamentario de Morena en el Senado, Ricardo Monreal \u00c1vila, llam\u00f3 a las y los j\u00f3venes a prepararse para renovar a los liderazgos y a la clase pol\u00edtica de nuestro pa\u00eds.&nbsp;&nbsp;<\/p>\n\n\n\n<p class=\"wp-block-paragraph\">Les expres\u00f3 que, si su vocaci\u00f3n es el servicio p\u00fablico, deben enfocarse en ayudar, pues eso da grandes satisfacciones. Les pidi\u00f3 que no cambien sus h\u00e1bitos cuando tengan una responsabilidad p\u00fablica, que frecuenten a las mismas personas con las que conviven para no alejarse de la gente.&nbsp;<\/p>\n\n\n\n<p class=\"wp-block-paragraph\">En la primera responsabilidad que les toque les aconsej\u00f3 a servir con pasi\u00f3n, que el sentimiento solidario y de respaldo solidario nunca se debe olvidar. &nbsp;&nbsp;<\/p>\n\n\n\n<p class=\"wp-block-paragraph\">Monreal \u00c1vila record\u00f3 que lleva 42 a\u00f1os en el servicio p\u00fablico, en los que ha sido diputado federal, senador y gobernador, en los cuales nunca trat\u00f3 de cambiar, pues esta labor enaltece. Que nunca ha tenido una denuncia de corrupci\u00f3n o de abuso de poder o una denuncia por maltrato. &nbsp;<\/p>\n\n\n\n<figure class=\"wp-block-image size-full\"><a href=\"https:\/\/redsemlac.com\/semmexico\/wp-content\/uploads\/2022\/10\/nota-monreal-02.png\"><img loading=\"lazy\" decoding=\"async\" width=\"1024\" height=\"518\" src=\"https:\/\/redsemlac.com\/semmexico\/wp-content\/uploads\/2022\/10\/nota-monreal-02.png\" alt=\"\" class=\"wp-image-57404\"\/><\/a><\/figure>\n","protected":false},"excerpt":{"rendered":"<p>Ricardo Monreal \u00c1vila, el coordinador del Grupo Parlamentario de Morena en el Senado, recomend\u00f3 a las y los j\u00f3venes a alejarse de la soberbia y la arrogancia, pues les advirti\u00f3 que es el camino del distanciamiento social.<\/p>\n","protected":false},"author":3,"featured_media":57403,"comment_status":"open","ping_status":"open","sticky":false,"template":"","format":"standard","meta":{"_monsterinsights_skip_tracking":false,"footnotes":""},"categories":[693,50],"tags":[],"class_list":["post-57402","post","type-post","status-publish","format-standard","has-post-thumbnail","category-693","category-congreso"],"_links":{"self":[{"href":"https:\/\/redsemlac.com\/semmexico\/wp-json\/wp\/v2\/posts\/57402","targetHints":{"allow":["GET"]}}],"collection":[{"href":"https:\/\/redsemlac.com\/semmexico\/wp-json\/wp\/v2\/posts"}],"about":[{"href":"https:\/\/redsemlac.com\/semmexico\/wp-json\/wp\/v2\/types\/post"}],"author":[{"embeddable":true,"href":"https:\/\/redsemlac.com\/semmexico\/wp-json\/wp\/v2\/users\/3"}],"replies":[{"embeddable":true,"href":"https:\/\/redsemlac.com\/semmexico\/wp-json\/wp\/v2\/comments?post=57402"}],"version-history":[{"count":0,"href":"https:\/\/redsemlac.com\/semmexico\/wp-json\/wp\/v2\/posts\/57402\/revisions"}],"wp:featuredmedia":[{"embeddable":true,"href":"https:\/\/redsemlac.com\/semmexico\/wp-json\/wp\/v2\/media\/57403"}],"wp:attachment":[{"href":"https:\/\/redsemlac.com\/semmexico\/wp-json\/wp\/v2\/media?parent=57402"}],"wp:term":[{"taxonomy":"category","embeddable":true,"href":"https:\/\/redsemlac.com\/semmexico\/wp-json\/wp\/v2\/categories?post=57402"},{"taxonomy":"post_tag","embeddable":true,"href":"https:\/\/redsemlac.com\/semmexico\/wp-json\/wp\/v2\/tags?post=57402"}],"curies":[{"name":"wp","href":"https:\/\/api.w.org\/{rel}","templated":true}]}}