{"id":5740,"date":"2017-07-12T19:31:51","date_gmt":"2017-07-12T19:31:51","guid":{"rendered":"https:\/\/redsemlac.com\/semmexico\/?p=5740"},"modified":"2023-07-21T14:24:40","modified_gmt":"2023-07-21T19:24:40","slug":"abrio-camino-en-politica-a-las-guanajuatenses","status":"publish","type":"post","link":"https:\/\/redsemlac.com\/semmexico\/abrio-camino-en-politica-a-las-guanajuatenses\/","title":{"rendered":"Abri\u00f3 camino en pol\u00edtica a las guanajuatenses"},"content":{"rendered":"\n<p class=\"wp-block-paragraph\"><a href=\"https:\/\/www.semmexico.com\/gallery-post.php?id=2384#\">Redacci\u00f3n<\/a><\/p>\n\n\n\n<p class=\"wp-block-paragraph\">SemM\u00e9xico, Cd. de M\u00e9xico, 12 julio 2017.- El Pleno de la Comisi\u00f3n Permanente guard\u00f3 un minuto de silencio por el fallecimiento, el pasado viernes 7 de julio, de la diputada Mayra Ang\u00e9lica Enr\u00edquez Vanderkam.<br><br>En la sesi\u00f3n de este mi\u00e9rcoles, diputados y diputadas de todas las fracciones parlamentarias externaron sus condolencias, adem\u00e1s de aludir al trabajo de la legisladora en pro de los derechos pol\u00edticos de las guanajuatenses.<br><br>La diputada Gloria Himelda F\u00e9lix Niebla, presidenta en funciones de la Comisi\u00f3n Permanente, expres\u00f3 sus condolencias a sus amigos y familiares, \u201cfue una pol\u00edtica muy respetada, apreciada y reconocida por la sociedad en Guanajuato y todos los integrantes de la LXIII Legislatura lamentamos el sensible fallecimiento\u201d.<br><br>Asimismo, la senadora Dolores Padierna Luna, coordinadora en el Senado de la Rep\u00fablica del grupo parlamentario del PRD, refiri\u00f3 que la diputada fue una pionera para abrir el Ayuntamiento de Le\u00f3n a la participaci\u00f3n de las mujeres, ya que ella fue la primera secretaria y ocup\u00f3 los cargos de representaci\u00f3n m\u00e1s importantes a nivel local, estatal y nacional.<br><br>El diputado panista Miguel \u00c1ngel Salim Alle se\u00f1al\u00f3 que su compa\u00f1era de bancada fue una luchadora incansable de los derechos e igualdad de la mujer, \u201csiempre se le va extra\u00f1ar en Guanajuato y en la C\u00e1mara de Diputados\u201d.<br><br>En tanto, la diputada del PRD, Maricela Contreras Juli\u00e1n, manifest\u00f3 que es urgente que se le ponga mayor atenci\u00f3n al problema que representa el c\u00e1ncer de mama, \u201cya que s\u00f3lo la prevenci\u00f3n y la atenci\u00f3n permitir\u00e1n que las mujeres tengamos una vida mucho m\u00e1s larga\u201d.<br><br>El diputado de MORENA, Vidal Llerenas Morales, asegur\u00f3 que siempre fue una diputada muy comprometida con los temas de transparencia, \u201ces una p\u00e9rdida importante para la C\u00e1mara de Diputados y muy sentida para muchos de nosotros\u201d.<br><br>La diputada Alma Carolina Viggiano Austria, del PRI, expres\u00f3 que su fallecimiento representa una gran p\u00e9rdida en la C\u00e1mara de Diputados, \u201cella siempre actu\u00f3 de manera solidaria, con humildad y siempre trabaj\u00f3, pese a sus condiciones de salud\u201d.<br><br><br><br><\/p>\n","protected":false},"excerpt":{"rendered":"<p>Redacci\u00f3n SemM\u00e9xico, Cd. de M\u00e9xico, 12 julio 2017.- El Pleno de la Comisi\u00f3n Permanente guard\u00f3 un minuto de silencio por el fallecimiento, el pasado viernes 7 de julio, de la diputada Mayra Ang\u00e9lica Enr\u00edquez Vanderkam. En la sesi\u00f3n de este mi\u00e9rcoles, diputados y diputadas de todas las fracciones parlamentarias externaron sus condolencias, adem\u00e1s de aludir [&hellip;]<\/p>\n","protected":false},"author":3,"featured_media":5741,"comment_status":"open","ping_status":"open","sticky":false,"template":"","format":"standard","meta":{"_monsterinsights_skip_tracking":false,"footnotes":""},"categories":[687,50],"tags":[],"class_list":["post-5740","post","type-post","status-publish","format-standard","has-post-thumbnail","category-687","category-congreso"],"_links":{"self":[{"href":"https:\/\/redsemlac.com\/semmexico\/wp-json\/wp\/v2\/posts\/5740","targetHints":{"allow":["GET"]}}],"collection":[{"href":"https:\/\/redsemlac.com\/semmexico\/wp-json\/wp\/v2\/posts"}],"about":[{"href":"https:\/\/redsemlac.com\/semmexico\/wp-json\/wp\/v2\/types\/post"}],"author":[{"embeddable":true,"href":"https:\/\/redsemlac.com\/semmexico\/wp-json\/wp\/v2\/users\/3"}],"replies":[{"embeddable":true,"href":"https:\/\/redsemlac.com\/semmexico\/wp-json\/wp\/v2\/comments?post=5740"}],"version-history":[{"count":0,"href":"https:\/\/redsemlac.com\/semmexico\/wp-json\/wp\/v2\/posts\/5740\/revisions"}],"wp:featuredmedia":[{"embeddable":true,"href":"https:\/\/redsemlac.com\/semmexico\/wp-json\/wp\/v2\/media\/5741"}],"wp:attachment":[{"href":"https:\/\/redsemlac.com\/semmexico\/wp-json\/wp\/v2\/media?parent=5740"}],"wp:term":[{"taxonomy":"category","embeddable":true,"href":"https:\/\/redsemlac.com\/semmexico\/wp-json\/wp\/v2\/categories?post=5740"},{"taxonomy":"post_tag","embeddable":true,"href":"https:\/\/redsemlac.com\/semmexico\/wp-json\/wp\/v2\/tags?post=5740"}],"curies":[{"name":"wp","href":"https:\/\/api.w.org\/{rel}","templated":true}]}}