{"id":57396,"date":"2022-10-16T10:37:33","date_gmt":"2022-10-16T16:37:33","guid":{"rendered":"https:\/\/redsemlac.com\/semmexico\/?p=57396"},"modified":"2023-07-21T19:19:07","modified_gmt":"2023-07-22T00:19:07","slug":"la-criminalizacion-de-mujeres-por-abortos-sigue-sin-freno-en-america-central","status":"publish","type":"post","link":"https:\/\/redsemlac.com\/semmexico\/la-criminalizacion-de-mujeres-por-abortos-sigue-sin-freno-en-america-central\/","title":{"rendered":"La criminalizaci\u00f3n de mujeres por abortos sigue sin freno en Am\u00e9rica Central"},"content":{"rendered":"\n<p class=\"has-small-font-size wp-block-paragraph\" style=\"font-style:normal;font-weight:100\">Zuleyna Beltr\u00e1n, ya en libertad, forma parte de la organizaci\u00f3n Mujeres Libres, que brinda atenci\u00f3n sicosocial y apoyo a mujeres que han sido criminalizadas por esa causa. Foto: Edgardo Ayala \/ IPS<\/p>\n\n\n\n<p class=\"wp-block-paragraph\">Zuleyma Beltr\u00e1n y Marlene Ponce sufrieron emergencias obst\u00e9tricas y fueron acusadas por el sistema de justicia de El Salvador de practicarse un aborto<\/p>\n\n\n\n<p class=\"wp-block-paragraph\">El Salvador uno de los tres pa\u00edses centroamericanos con prohibici\u00f3n absoluta de ese derecho reproductivo.<\/p>\n\n\n\n<p class=\"wp-block-paragraph\">Redacci\u00f3n<\/p>\n\n\n\n<p class=\"wp-block-paragraph\">SemM\u00e9xico\/IPS, San Salvador, 16 de octubre, 2022.- Pese a la lucha de colectivos feministas y a los llamados y resoluciones de organizaciones de derechos humanos para que se despenalicen las muy severas leyes antiaborto, la mayor parte de Am\u00e9rica Central contin\u00faa criminalizando a las mujeres por la interrupci\u00f3n del embarazo.<\/p>\n\n\n\n<p class=\"wp-block-paragraph\">Y entre ellos, El Salvador mantiene su posici\u00f3n extrema, la de encarcelas por largas condenas y arruinar sus vidas.<\/p>\n\n\n\n<p class=\"wp-block-paragraph\">Los casos m\u00e1s recientes son, en este pa\u00eds, los de Lesly Ram\u00edrez, una joven de 21 a\u00f1os condenada el 29 de junio a 50 a\u00f1os de c\u00e1rcel, tras ser acusada de homicidio agravado. Ello pese a que ella insisti\u00f3 en que sufri\u00f3 una emergencia obst\u00e9trica que desemboc\u00f3 en un aborto espont\u00e1neo, sufrido 2020.<\/p>\n\n\n\n<p class=\"wp-block-paragraph\">Esa es la pena m\u00e1s severa impuesta hasta ahora a una mujer por ese tipo de casos.<\/p>\n\n\n\n<p class=\"wp-block-paragraph\">Adem\u00e1s, el 9 de mayo, fue condenada a 30 a\u00f1os \u201cEsme\u201d, como se conoce a la joven que tambi\u00e9n experiment\u00f3 una interrupci\u00f3n involuntaria de su gestaci\u00f3n en 2019. Fue a buscar ayuda m\u00e9dica y ah\u00ed fue denunciada por el personal hospitalario.<\/p>\n\n\n\n<p class=\"wp-block-paragraph\">\u201cYo despert\u00e9 en la cama del hospital esposada, para m\u00ed fue bien duro, creo que fui la tercera persona que entraba a la c\u00e1rcel por esa situaci\u00f3n\u201d, cont\u00f3 a IPS la salvadore\u00f1a Zuleyma Beltr\u00e1n, ahora de 40 a\u00f1os, en lo que retrata la pesadilla que soportan las mujeres salvadore\u00f1as cuando buscan atenci\u00f3n m\u00e9dica por una emergencia obst\u00e9trica.<\/p>\n\n\n\n<p class=\"wp-block-paragraph\">Ella ten\u00eda 17 a\u00f1os cuando fue detenida y encarcelada, en agosto de 1999.<\/p>\n\n\n\n<p class=\"wp-block-paragraph\"><strong><em>\u201cYo despert\u00e9 en la cama del hospital esposada, para m\u00ed fue bien duro, creo que fui la tercera persona que entraba a la c\u00e1rcel por esa situaci\u00f3n\u201d: Zuleyma Beltr\u00e1n.<\/em><\/strong><strong><\/strong><\/p>\n\n\n\n<p class=\"wp-block-paragraph\">Fue sentenciada en febrero de 2000 a 26 a\u00f1os de c\u00e1rcel, pero por su buen comportamiento sali\u00f3 libre el 10 de noviembre de 2010.<\/p>\n\n\n\n<p class=\"wp-block-paragraph\">Beltr\u00e1n cont\u00f3 que sufri\u00f3 un aborto espont\u00e1neo y su hermano llam\u00f3 al n\u00famero de emergencia 911, pero en lugar de un equipo m\u00e9dico lleg\u00f3 la polic\u00eda. Viv\u00eda entonces en la zona rural del departamento de Santa Ana, en el este del pa\u00eds.<\/p>\n\n\n\n<figure class=\"wp-block-image size-full\"><a href=\"https:\/\/redsemlac.com\/semmexico\/wp-content\/uploads\/2022\/10\/criminalizacion-mujeres-02.jpg\"><img loading=\"lazy\" decoding=\"async\" width=\"720\" height=\"540\" src=\"https:\/\/redsemlac.com\/semmexico\/wp-content\/uploads\/2022\/10\/criminalizacion-mujeres-02.jpg\" alt=\"\" class=\"wp-image-57398\"\/><\/a><\/figure>\n\n\n\n<p class=\"wp-block-paragraph\">Como parte de los programas de apoyo a mujeres que han sido criminalizadas por la justicia salvadore\u00f1a, que aplica en forma draconiana las normas antiaborto, la organizaci\u00f3n Mujeres Libres les provee de chequeos m\u00e9dicos regularmente. Tambi\u00e9n les brinda talleres de capacitaci\u00f3n y para sus hijos se imparten clases de m\u00fasica y otras ramas del arte. Foto: Cortes\u00eda de Mujeres Libres<\/p>\n\n\n\n<p class=\"wp-block-paragraph\">Am\u00e9rica Central a contracorriente<\/p>\n\n\n\n<p class=\"wp-block-paragraph\">Nicaragua, Honduras y El Salvador son de las pocas naciones en el mundo que mantienen una prohibici\u00f3n total a los abortos, independientemente de las causas, incluso en el caso de violaciones. En esa categor\u00eda se encuentra tambi\u00e9n Rep\u00fablica Dominicana, en el Caribe.<\/p>\n\n\n\n<p class=\"wp-block-paragraph\">Guatemala tambi\u00e9n lo proh\u00edbe, pero permite una excepci\u00f3n: cuando la vida de la mujer corre peligro si continua la gestaci\u00f3n.<\/p>\n\n\n\n<p class=\"wp-block-paragraph\">Sin embargo, es poco frecuente que la justicia en Guatemala avale casos de esas caracter\u00edsticas.<\/p>\n\n\n\n<p class=\"wp-block-paragraph\">\u201cLo que se sabe y ha sido comprobado con los datos es que son muy pocas las mujeres que logran hacer una interrupci\u00f3n del embarazo por el riesgo para la vida\u201d, se\u00f1al\u00f3 a IPS, desde Bogot\u00e1, Carmen Mart\u00ednez, al frente del programa para Am\u00e9rica Latina y el Caribe del&nbsp;Centro de Derechos Reproductivos, una organizaci\u00f3n internacional de abogados y juristas que promueven esos derechos en el mudo.<\/p>\n\n\n\n<p class=\"wp-block-paragraph\">Mart\u00ednez dijo que el Estado guatemalteco no incluye a las sobrevivientes de violencia sexual en esa excepci\u00f3n.<\/p>\n\n\n\n<p class=\"wp-block-paragraph\">\u201cEso es condenar a cientos de mujeres y ni\u00f1as a que lleven embarazos forzados y muchas veces maternidades forzadas\u201d, subray\u00f3.<\/p>\n\n\n\n<p class=\"wp-block-paragraph\">La experta dijo que Am\u00e9rica Central va a contracorriente de otras naciones de Am\u00e9rica Latina, que han dado pasos significativos hacia una mayor apertura en los derechos reproductivos de las mujeres.<\/p>\n\n\n\n<p class=\"wp-block-paragraph\">Cit\u00f3 los casos de Colombia, Uruguay y Argentina, as\u00ed como varios estados de M\u00e9xico, que han despenalizado el aborto hasta determinado l\u00edmite de semanas de gestaci\u00f3n; Colombia, por ejemplo, hasta la semana 24, desde febrero de este a\u00f1o. Ellos se suman a Cuba, un pa\u00eds donde el derecho a la interrupci\u00f3n voluntaria del embarazo est\u00e1 garantizado hace d\u00e9cadas.<\/p>\n\n\n\n<p class=\"wp-block-paragraph\">Tambi\u00e9n hay un grupo de naciones que ha abierto parcialmente sus legislaciones, permitiendo excepciones a la prohibici\u00f3n del aborto, bajo algunos supuestos, como el riesgo de la salud de la embarazada, la malformaci\u00f3n fetal o la violaci\u00f3n, explic\u00f3 Mart\u00ednez.<\/p>\n\n\n\n<p class=\"wp-block-paragraph\">\u201cY luego est\u00e1n otros pa\u00edses con contextos h\u00edperrestrictivos, como Honduras, Nicaragua, El Salvador, Rep\u00fablica Dominicana, incluso pondr\u00eda en esa lista a Guatemala\u201d, destac\u00f3 Mart\u00ednez.<\/p>\n\n\n\n<p class=\"wp-block-paragraph\">El Salvador es el que m\u00e1s cr\u00edticas ha recibido, local e internacionalmente, por la agresividad con que persigue a mujeres en esas circunstancias, desde que penaliz\u00f3 el aborto, en 1998.<\/p>\n\n\n\n<p class=\"wp-block-paragraph\">M\u00e1s de 60 mujeres que han ido a prisi\u00f3n por esas circunstancias han recuperado su libertad gracias al apoyo legal provisto por organizaciones como la salvadore\u00f1a&nbsp;Agrupaci\u00f3n Ciudadana por la Despenalizaci\u00f3n del Aborto.<\/p>\n\n\n\n<p class=\"wp-block-paragraph\">En esos pa\u00edses con leyes antiaborto draconianas, el personal de salud, temeroso de ser acusado de c\u00f3mplice, y condenado a penas de c\u00e1rcel por ello, ha sido por a\u00f1os el primer eslab\u00f3n en la criminalizaci\u00f3n de las mujeres.<\/p>\n\n\n\n<p class=\"wp-block-paragraph\">Sin embargo, en una sentencia hist\u00f3rica, la&nbsp;Corte Interamericana de Derechos Humanos&nbsp;dictamin\u00f3, en noviembre de 2021, que el personal de salud en Am\u00e9rica Latina y el Caribe debe de abstenerse de denunciar presuntos casos de aborto.<\/p>\n\n\n\n<p class=\"wp-block-paragraph\">Las sentencias de este tribunal interamericano son inapelables, de obligado cumplimiento y act\u00faan como antecedentes jur\u00eddicos para toda Am\u00e9rica Latina, pero su aplicaci\u00f3n depende de cada Estado.<\/p>\n\n\n\n<p class=\"wp-block-paragraph\">El dictamen qued\u00f3 establecido en el fallo de la Corte&nbsp;(Corte IDH) que conden\u00f3 al Estado salvadore\u00f1o por la muerte de Manuela, como se conoci\u00f3 a la mujer que falleci\u00f3 en 2010 luego de ser detenida en 2008 y enviada a prisi\u00f3n por presuntamente practicarse un aborto.<\/p>\n\n\n\n<p class=\"wp-block-paragraph\">La Corte sentenci\u00f3 en caso de Manuela y Otros versus El Salvador&nbsp;que en esos casos debe prevalecer la inviolabilidad del secreto profesional entre el personal m\u00e9dico, sin revelarse el historial cl\u00ednico de las pacientes.<\/p>\n\n\n\n<p class=\"wp-block-paragraph\">Ni siquiera la p\u00edldora del d\u00eda despu\u00e9s<\/p>\n\n\n\n<p class=\"wp-block-paragraph\">Honduras es el \u00fanico pa\u00eds latinoamericano que proh\u00edbe la llamada p\u00edldora del d\u00eda despu\u00e9s, una pastilla anticonceptiva posterior a sostener relaciones sexuales que se consigue sin problemas en cualquier farmacia en el resto de pa\u00edses, incluso en El Salvador.<\/p>\n\n\n\n<p class=\"wp-block-paragraph\">Ese f\u00e1rmaco, vigente en Honduras desde la primera d\u00e9cada del siglo, fue satanizado en 2009 por grupos conservadores y el Congreso de ese pa\u00eds prohibi\u00f3 no solo su uso, sino la venta, compra y la promoci\u00f3n, explic\u00f3 a IPS Neesa Medina, de la organizaci\u00f3n hondure\u00f1a&nbsp;Somos Muchas.<\/p>\n\n\n\n<p class=\"wp-block-paragraph\">La p\u00edldora anticonceptiva fue parte de una pol\u00edtica de prevenci\u00f3n de violencia sexual en Honduras, \u201cy desde que entr\u00f3 fue un punto de batalla muy fuerte\u201d, dijo Medina, en entrevista desde Tegucigalpa.<\/p>\n\n\n\n<p class=\"wp-block-paragraph\">La prohibici\u00f3n aprobada por el legislativo&nbsp;Congreso Nacional&nbsp;fue vetada por el entonces presidente Manuel Zelaya, quien fue sacado del poder en junio 2009, por medio de un golpe de Estado.<\/p>\n\n\n\n<p class=\"wp-block-paragraph\">Despu\u00e9s del golpe, fue responsabilidad de la Secretar\u00eda de Salud mantener la prohibici\u00f3n de la p\u00edldora, por medio de un acuerdo ministerial.<\/p>\n\n\n\n<p class=\"wp-block-paragraph\">\u201cY con ese acuerdo, la p\u00edldora se saca del paquete de atenci\u00f3n b\u00e1sica de sobrevivientes de violencia sexual\u201d, subray\u00f3 Medina.<\/p>\n\n\n\n<p class=\"wp-block-paragraph\">Agreg\u00f3: \u201cLo \u00fanico que se requiere (para anular la prohibici\u00f3n) es que se haga otro acuerdo ministerial, que depende de la Secretar\u00eda de Salud, y no lo han hecho\u201d.<\/p>\n\n\n\n<p class=\"wp-block-paragraph\">Cuatro a\u00f1os&nbsp;despu\u00e9s Honduras se ubica como el segundo pa\u00eds con la tasa de embarazo adolescente m\u00e1s alta en Am\u00e9rica Latina, se afirma en el estudio&nbsp;Criminalizaci\u00f3n de Mujeres por el Delito de Aborto en Honduras.<\/p>\n\n\n\n<figure class=\"wp-block-image size-full\"><a href=\"https:\/\/redsemlac.com\/semmexico\/wp-content\/uploads\/2022\/10\/criminalizacion-mujeres-03.jpg\"><img loading=\"lazy\" decoding=\"async\" width=\"720\" height=\"720\" src=\"https:\/\/redsemlac.com\/semmexico\/wp-content\/uploads\/2022\/10\/criminalizacion-mujeres-03.jpg\" alt=\"\" class=\"wp-image-57397\"\/><\/a><\/figure>\n\n\n\n<p class=\"wp-block-paragraph\">Un grupo de mujeres salvadore\u00f1as, v\u00edctimas de la criminalizaci\u00f3n del aborto bajo cualquier circunstancia, incluida en ocasiones la emergencia obst\u00e9trica, durante uno de sus encuentros en la organizaci\u00f3n Mujeres Libres, donde buscan apoyarse en lo familiar, social y econ\u00f3mico, con talleres de capacitaci\u00f3n para iniciar emprendimientos. Foto: Cortes\u00eda de Mujeres Libres<\/p>\n\n\n\n<p class=\"wp-block-paragraph\">Sanando las heridas<\/p>\n\n\n\n<p class=\"wp-block-paragraph\">Mientras, muchas mujeres una vez fuera de la c\u00e1rcel por una condena referida a sus derechos reproductivos, buscan forjarse un mejor destino para ellas y sus familias.<\/p>\n\n\n\n<p class=\"wp-block-paragraph\">\u201cEs duro lo que vivimos aqu\u00ed en El Salvador, no es f\u00e1cil\u201d, acot\u00f3 la salvadore\u00f1a Beltr\u00e1n. Y agreg\u00f3: \u201cAhora me doy cuenta de que entre uno m\u00e1s lo expresa, menos se siente ese dolor\u201d.<\/p>\n\n\n\n<p class=\"wp-block-paragraph\">Ella forma parte del colectivo Mujeres Libres, de reciente formaci\u00f3n, que aglutina a unas 25 mujeres que han purgado penas en la c\u00e1rcel tras ser acusadas de realizarse abortos. Esa organizaci\u00f3n mantiene abierto, en San Salvador, un espacio llamado la \u201ccasa de encuentro\u201d, que ofrece albergue a las mujeres que lo necesitan.<\/p>\n\n\n\n<p class=\"wp-block-paragraph\">Ah\u00ed ellas comparten sus experiencias y se ayudan mutuamente. Buscan sobrellevar la carga emocional vivida, con apoyo sicosocial brindado por la organizaci\u00f3n, y tambi\u00e9n las apoya en la reinserci\u00f3n social y laboral, capacit\u00e1ndolas como emprendedoras.<\/p>\n\n\n\n<p class=\"wp-block-paragraph\">\u201cLa idea es sanar todo lo que hemos pasado, queremos sanar nuestras heridas sin dolor, sino que levantando nuestra mirada bien en alto\u201d, sentenci\u00f3 Beltr\u00e1n.<\/p>\n\n\n\n<p class=\"wp-block-paragraph\">Ahora ella tiene un negocio de comidas y otro de venta de perfumes.<\/p>\n\n\n\n<p class=\"wp-block-paragraph\">Con la misma fortaleza enfrenta la vida Marlene Ponce, de 31 a\u00f1os, oriunda del cant\u00f3n Caba\u00f1itas, del municipio de Ciudad Delgado, en el departamento de San Salvador.<\/p>\n\n\n\n<p class=\"wp-block-paragraph\">Ponce tambi\u00e9n sufri\u00f3 una emergencia obst\u00e9trica, en 2009, cuando ella ten\u00eda 18 a\u00f1os. Fue un sangrado intenso que la llev\u00f3 al hospital y a la salida fue detenida. Los fiscales ped\u00edan 50 a\u00f1os de c\u00e1rcel para ella.<\/p>\n\n\n\n<p class=\"wp-block-paragraph\">Pas\u00f3 un a\u00f1o en prisi\u00f3n preventiva, en la primera parte del proceso, pero al carecer los fiscales de evidencia, fue dejada libre en enero de 2010.<\/p>\n\n\n\n<p class=\"wp-block-paragraph\">A su salida de la c\u00e1rcel ingres\u00f3 a la universidad y se gradu\u00f3 en 2014 de profesora de parvulario, pero que no ejerce su profesional en la actualidad, sino que tambi\u00e9n le apuesta por el emprendimiento.<\/p>\n\n\n\n<p class=\"wp-block-paragraph\">Ponce forma parte de Mujeres Libres, y al igual que Beltr\u00e1n, ha encontrado albergue en la casa de la organizaci\u00f3n.<\/p>\n\n\n\n<p class=\"wp-block-paragraph\">\u201cEl Estado salvadore\u00f1o nos debe mucho, fuimos juzgadas y condenadas sin haber pruebas\u201d, sostuvo.<\/p>\n\n\n\n<p class=\"wp-block-paragraph\"><em>ED: EG<\/em><\/p>\n","protected":false},"excerpt":{"rendered":"<p>El Salvador uno de los tres pa\u00edses centroamericanos con prohibici\u00f3n absoluta de ese derecho reproductivo.<\/p>\n","protected":false},"author":3,"featured_media":57399,"comment_status":"open","ping_status":"open","sticky":false,"template":"","format":"standard","meta":{"_monsterinsights_skip_tracking":false,"footnotes":""},"categories":[693,53],"tags":[],"class_list":["post-57396","post","type-post","status-publish","format-standard","has-post-thumbnail","category-693","category-internacional"],"_links":{"self":[{"href":"https:\/\/redsemlac.com\/semmexico\/wp-json\/wp\/v2\/posts\/57396","targetHints":{"allow":["GET"]}}],"collection":[{"href":"https:\/\/redsemlac.com\/semmexico\/wp-json\/wp\/v2\/posts"}],"about":[{"href":"https:\/\/redsemlac.com\/semmexico\/wp-json\/wp\/v2\/types\/post"}],"author":[{"embeddable":true,"href":"https:\/\/redsemlac.com\/semmexico\/wp-json\/wp\/v2\/users\/3"}],"replies":[{"embeddable":true,"href":"https:\/\/redsemlac.com\/semmexico\/wp-json\/wp\/v2\/comments?post=57396"}],"version-history":[{"count":0,"href":"https:\/\/redsemlac.com\/semmexico\/wp-json\/wp\/v2\/posts\/57396\/revisions"}],"wp:featuredmedia":[{"embeddable":true,"href":"https:\/\/redsemlac.com\/semmexico\/wp-json\/wp\/v2\/media\/57399"}],"wp:attachment":[{"href":"https:\/\/redsemlac.com\/semmexico\/wp-json\/wp\/v2\/media?parent=57396"}],"wp:term":[{"taxonomy":"category","embeddable":true,"href":"https:\/\/redsemlac.com\/semmexico\/wp-json\/wp\/v2\/categories?post=57396"},{"taxonomy":"post_tag","embeddable":true,"href":"https:\/\/redsemlac.com\/semmexico\/wp-json\/wp\/v2\/tags?post=57396"}],"curies":[{"name":"wp","href":"https:\/\/api.w.org\/{rel}","templated":true}]}}