{"id":57388,"date":"2022-10-16T10:26:07","date_gmt":"2022-10-16T16:26:07","guid":{"rendered":"https:\/\/redsemlac.com\/semmexico\/?p=57388"},"modified":"2023-07-21T19:19:07","modified_gmt":"2023-07-22T00:19:07","slug":"campesinas-peruanas-lideran-emprendimientos-para-la-seguridad-alimentaria","status":"publish","type":"post","link":"https:\/\/redsemlac.com\/semmexico\/campesinas-peruanas-lideran-emprendimientos-para-la-seguridad-alimentaria\/","title":{"rendered":"Campesinas peruanas lideran emprendimientos para la seguridad alimentaria"},"content":{"rendered":"\n<p class=\"has-small-font-size wp-block-paragraph\" style=\"font-style:normal;font-weight:100\">La agricultora Lourdes Barreto al interior de su fitotoldo, un huerto tipo invernadero, en el poblado rural de Huasao, en el municipio de Oropesa, en las elevadas altitudes del departamento de Cusco, en el sur de Per\u00fa. Ella muestra orgullosa sus lechugas moradas, producidas con abonos naturales y t\u00e9cnicas agroecol\u00f3gicas. Foto: Mariela Jara \/ IPS<\/p>\n\n\n\n<p class=\"wp-block-paragraph\">Este art\u00edculo integra la cobertura sobre el D\u00eda Internacional de las Mujeres Rurales<\/p>\n\n\n\n<p class=\"wp-block-paragraph\">Redacci\u00f3n<\/p>\n\n\n\n<p class=\"wp-block-paragraph\">SemM\u00e9xico\/IPS, Cusco, Per\u00fa, 16 de octubre, 2022.- Lourdes Barreto tiene 47 a\u00f1os y el convencimiento de que como mujer rural agroecol\u00f3gica ha mejorado su vida y la de la&nbsp;<em>pachamama<\/em>. \u201cMe quiero a mi misma como a la madre tierra y he aprendido a valorarnos a nosotras dos\u201d, dice en su campo de cultivo en el poblado de Huasao, en el departamento de Cusco, en el sur de Per\u00fa.<\/p>\n\n\n\n<p class=\"wp-block-paragraph\">Cuando se conmemora el&nbsp;D\u00eda Internacional de las Mujeres Rurales, el 15 de octubre,&nbsp;destinado a reconocer su aporte al desarrollo rural, la erradicaci\u00f3n de la pobreza y la seguridad alimentaria, la historia de Barreto evidencia las dificultades que son parte del d\u00eda a d\u00eda de este sector de la poblaci\u00f3n, y su capacidad de lucha para enfrentarlas.<\/p>\n\n\n\n<p class=\"wp-block-paragraph\">\u201cYo me qued\u00e9 hu\u00e9rfana a los seis a\u00f1os y me adoptaron unos se\u00f1ores que no me han criado como familia, no me han educado y solo me hac\u00edan pastar su vaca. A los 18 a\u00f1os tuve mis hijos y mala vida llev\u00e9 con mi esposo, me pegaba, me celaba. Dec\u00eda que solo \u00e9l trabajaba y no me daba dinero para la casa\u201d, record\u00f3 en su huerto con fitotoldo (tipo invernadero) en Huasao, con unas 200 familias, durante la visita de IPS a la comunidad.<\/p>\n\n\n\n<p class=\"wp-block-paragraph\">Incursionar en capacitaciones sobre el manejo agroecol\u00f3gico hace cuatro a\u00f1os por insistencia de su hermana que le cedi\u00f3 un terreno, fue un punto de inflexi\u00f3n para los cambios sustanciales en su vida.<\/p>\n\n\n\n<p class=\"wp-block-paragraph\">De las casi 700 000 mujeres productoras rurales que se estima que hay en Per\u00fa, seg\u00fan el \u00faltimo Censo Nacional Agropecuario 2012, menos de 6 por ciento ha logrado acceder a la capacitaci\u00f3n y asistencia t\u00e9cnica.<\/p>\n\n\n\n<p class=\"wp-block-paragraph\">\u201cHe aprendido a valorarme y quererme como persona, a organizar mi familia para no tener tanta carga de trabajo. Y otra cosa ha sido cuando empec\u00e9 a cultivar en el terrenito, me daba para comer de la chacra (terreno de cultivo) a la olla como se dice, y para tener mi platita\u201d, relat\u00f3 esta madre de tres hijos de 27, 21 y 19 a\u00f1os.<\/p>\n\n\n\n<p class=\"wp-block-paragraph\">Algo que valora mucho es haber conseguido \u201cconciencia agroecol\u00f3gica\u201d como llama a su convicci\u00f3n de que la producci\u00f3n agr\u00edcola debe erradicar el empleo de insumos qu\u00edmicos porque \u201cla&nbsp;<em>pachamama<\/em>, la madre tierra, est\u00e1 cansada de tanto que le matamos sus microorganismos\u201d.<\/p>\n\n\n\n<p class=\"wp-block-paragraph\">\u201cMi&nbsp;<em>bocashi&nbsp;<\/em>(abono natural) lo preparo yo misma con el esti\u00e9rcol de mi ganado. Y fumigo tambi\u00e9n sin qu\u00edmicos\u201d, afirm\u00f3 con orgullo. Y continu\u00f3: \u201chago una mezcla con ceniza, con rocoto (aj\u00ed peruano), con cinco cabezas de ajos y cinco de cebolla, m\u00e1s un poco de jab\u00f3n de ropa\u201d.<\/p>\n\n\n\n<p class=\"wp-block-paragraph\">\u201cAntes lo mol\u00eda con el bat\u00e1n (m\u00e9todo preinca que emplea piedras para triturar alimentos) pero ahora lo meto todo a la licuadora para ganar tiempo, lleno dos litros en la mochila y salgo a fumigar de forma natural\u201d, detall\u00f3 sobre su fabricaci\u00f3n y uso de la ecofumigaci\u00f3n.<\/p>\n\n\n\n<p class=\"wp-block-paragraph\">Los a\u00f1os 2020 y 2021 en que la pandemia de covid impuls\u00f3 a muchos gobiernos municipales de zonas rurales a organizar ferias de alimentos, que se convirtieron una oportunidad para Barreto y otras campesinas para dar a conocer su producci\u00f3n agroecol\u00f3gica.<\/p>\n\n\n\n<figure class=\"wp-block-image size-full\"><a href=\"https:\/\/redsemlac.com\/semmexico\/wp-content\/uploads\/2022\/10\/campesinas-peruanas-02.jpg\"><img loading=\"lazy\" decoding=\"async\" width=\"720\" height=\"420\" src=\"https:\/\/redsemlac.com\/semmexico\/wp-content\/uploads\/2022\/10\/campesinas-peruanas-02.jpg\" alt=\"\" class=\"wp-image-57392\"\/><\/a><\/figure>\n\n\n\n<p class=\"wp-block-paragraph\">Lourdes Barreto se inici\u00f3 como productora agroecol\u00f3gica hace cuatro a\u00f1os, lo que mejor\u00f3 su vida, en muchos aspectos, incluido el familiar. En la imagen (I), en la feria sabatina al aire libre de Huancaro, en la ciudad de Cusco, con el mandil verde que la identifica como socia de la Asociaci\u00f3n Provincial de Productoras Agroecol\u00f3gicas de Quispicanchi. Foto: Cortes\u00eda de Nadia Quispe<\/p>\n\n\n\n<p class=\"wp-block-paragraph\">\u201cVend\u00ed vainitas, zapallito italiano, lechugas de tres variedades, br\u00f3coli, coliflor, zanahoria, cebollita china, culantro, perejil\u2026\u201d enumer\u00f3 haciendo un alto para tomar aire y mirar a su alrededor por si se le olvidaba alguna de sus hortalizas que comercia en la ciudad de Cusco, a hora y media de distancia de su comunidad, y en Oropesa, su cabecera municipal.<\/p>\n\n\n\n<p class=\"wp-block-paragraph\">Otro beneficio menos tangible de su actividad agroecol\u00f3gica es la mejora de la relaci\u00f3n con su esposo, cuenta, porque ella gan\u00f3 seguridad con la venta de sus cultivos, en que la han apoyado sus hijos. Ahora su esposo tambi\u00e9n la ayuda en el huerto y el ambiente familiar es bueno.<\/p>\n\n\n\n<p class=\"wp-block-paragraph\">Barreto, junto con 40 productoras de seis municipios, es parte de la Asociaci\u00f3n Provincial de Productoras Ecol\u00f3gicas de Quispicanchi, conocida como APPEQ por su sigla. Se trata de una organizaci\u00f3n productiva y de promoci\u00f3n de sus derechos formada en el 2012.<\/p>\n\n\n\n<p class=\"wp-block-paragraph\">Los seis municipios participantes son Andahuaylillas, Cusipata, Huaro, Oropesa, Quiquijana y Urcos, todos situados en las zonas de las alturas de los Andes del departamento de Cusco, entre los 3100 y los 3500 metros sobre el nivel del mar, y con una poblaci\u00f3n quechua y campesina que vive de la agricultura familiar.<\/p>\n\n\n<div class=\"wp-block-image\">\n<figure class=\"aligncenter size-full\"><a href=\"https:\/\/redsemlac.com\/semmexico\/wp-content\/uploads\/2022\/10\/campesinas-peruanas-03.jpg\"><img loading=\"lazy\" decoding=\"async\" width=\"720\" height=\"540\" src=\"https:\/\/redsemlac.com\/semmexico\/wp-content\/uploads\/2022\/10\/campesinas-peruanas-03.jpg\" alt=\"\" class=\"wp-image-57391\"\/><\/a><figcaption>La capacitaci\u00f3n para fortalecerse como organizaci\u00f3n es parte de las actividades de la Asociaci\u00f3n Provincial de Productoras Ecol\u00f3gicas de Quispicanchi. Maribel Palomino, su presidenta, la segunda de la derecha con una vincha en la cabeza, interactuando con sus compa\u00f1eras en el taller realizado el 28 de setiembre de 2022. Foto: Mariela Jara \/ IPS<\/figcaption><\/figure>\n<\/div>\n\n\n<p class=\"wp-block-paragraph\">Contagiar la agroecolog\u00eda<\/p>\n\n\n\n<p class=\"wp-block-paragraph\">La presidenta de la organizaci\u00f3n APPEQ, Maribel Palomino, de 41 a\u00f1os, tambi\u00e9n es productora.<\/p>\n\n\n\n<p class=\"wp-block-paragraph\">Vive en el poblado de Mu\u00f1apata, parte de Urcos, donde ha podido sembrar y cosechar en \u00e1reas cedidas por su padre. Madre de Jared, de nueve a\u00f1os, su meta es que la organizaci\u00f3n y sus productos que las campesinas comercian bajo la marca colectiva Pacharuru (frutos de la tierra, en quechua) sean conocidos en todo Cusco.<\/p>\n\n\n\n<p class=\"wp-block-paragraph\">\u201cYo reconozco y agradezco la capacitaci\u00f3n que recibimos de la instituci\u00f3n Flora Trist\u00e1n para hacer este camino propio como mujeres productoras agroecol\u00f3gicas que es bien distinto del que tuvieron nuestras madres y abuelas\u201d, declar\u00f3 a IPS en el intermedio de un taller de capacitaci\u00f3n de la asociaci\u00f3n que preside realizado en la ciudad de Cusco.<\/p>\n\n\n\n<p class=\"wp-block-paragraph\">El&nbsp;Centro de la Mujer Peruana Flora Trist\u00e1n&nbsp;disemina pr\u00e1cticas ecol\u00f3gicas en la producci\u00f3n agr\u00edcola en combinaci\u00f3n con el empoderamiento de las mujeres en comunidades campesinas, en \u00e1reas rurales remotas y postergadas de este pa\u00eds de 33 millones de habitantes,&nbsp;donde 18 por ciento es rural seg\u00fan el Censo Nacional de Poblaci\u00f3n 2017.<\/p>\n\n\n\n<p class=\"wp-block-paragraph\">Ahora, agreg\u00f3 Palomino, \u201cnosotras somos parte de una generaci\u00f3n que est\u00e1 liderando cambios que no solo son para la mejor\u00eda de nuestros hijos o de la familia, sino de nosotras mismas como personas y mujeres productoras\u201d.<\/p>\n\n\n\n<p class=\"wp-block-paragraph\">Palomino se refiri\u00f3 a las desigualdades que todav\u00eda hoy, en pleno siglo XXI, limitan el desarrollo de las mujeres del campo peruano.<\/p>\n\n\n\n<p class=\"wp-block-paragraph\">\u201cSin educaci\u00f3n, siendo mam\u00e1s en la adolescencia, sin tierras a su nombre sino del esposo, sin oportunidad de salir a aprender y capacitarse es muy dif\u00edcil ser ciudadana con derechos\u201d, cuestion\u00f3.<\/p>\n\n\n\n<p class=\"wp-block-paragraph\">El Censo Nacional Agropecuario indica que ocho de cada 10 productoras conduce predios menores a tres hect\u00e1reas y que seis de cada 10 no percibe ingresos econ\u00f3micos por su labor productiva. A ello suman una carga total de trabajo mayor que los hombres y el estar subrepresentadas en los espacios donde se toman decisiones.<\/p>\n\n\n\n<p class=\"wp-block-paragraph\">Adem\u00e1s,&nbsp;las mujeres de zonas rurales son las que experimentan m\u00e1s violencia por raz\u00f3n de g\u00e9nero <a href=\"https:\/\/observatorioviolencia.pe\/mujeres-violencia-zonas-rurales\/\"><\/a>&nbsp;entre los 33 a 59 a\u00f1os, seg\u00fan el&nbsp; Observatorio Nacional de Violencia contra las Mujeres..<\/p>\n\n\n<div class=\"wp-block-image\">\n<figure class=\"aligncenter size-full\"><a href=\"https:\/\/redsemlac.com\/semmexico\/wp-content\/uploads\/2022\/10\/campesinas-peruanas-04.jpg\"><img loading=\"lazy\" decoding=\"async\" width=\"720\" height=\"405\" src=\"https:\/\/redsemlac.com\/semmexico\/wp-content\/uploads\/2022\/10\/campesinas-peruanas-04.jpg\" alt=\"\" class=\"wp-image-57390\"\/><\/a><figcaption>Maribel Palomino (I) es presidenta de la Asociaci\u00f3n Provincial de Productoras Ecol\u00f3gicas de Quispicanchi. En la imagen, en la feria agroecol\u00f3gica del barrio urbano de Marcavalle en la ciudad de Cusco, donde semanalmente oferta las hortalizas que produce libre de qu\u00edmicos. Foto: Cortes\u00eda de Maribel Palomino<\/figcaption><\/figure>\n<\/div>\n\n\n<p class=\"wp-block-paragraph\">En ese contexto de desigualdad y discriminaci\u00f3n, Palomino representa los nuevos tipos de liderazgo femenino rural.<\/p>\n\n\n\n<p class=\"wp-block-paragraph\">\u201cYo soy mam\u00e1 soltera, mi hijo tiene nueve a\u00f1os y con mi trabajo le doy educaci\u00f3n, alimentaci\u00f3n saludable, un hogar con afecto y cuidado. Y \u00e9l ve en m\u00ed una mujer luchadora, orgullosa de trabajar en el campo, que defiende sus derechos y de sus compa\u00f1eras con la APPEQ\u201d, afirm\u00f3.<\/p>\n\n\n\n<p class=\"wp-block-paragraph\">Para ella es crucial contribuir \u201ca cambiar el chip\u201d de las personas mayores y de mucha gente joven que si pudiera asomarse a una ventana de oportunidad podr\u00eda mejorar su vida y su entorno.<\/p>\n\n\n\n<p class=\"wp-block-paragraph\">\u201cCon la APPEQ hacemos r\u00e9plicas para compartir nuestros aprendizajes y que m\u00e1s mujeres puedan amanecer con alegr\u00eda ante el futuro\u201d, sostuvo.<\/p>\n\n\n<div class=\"wp-block-image\">\n<figure class=\"aligncenter size-full\"><a href=\"https:\/\/redsemlac.com\/semmexico\/wp-content\/uploads\/2022\/10\/campesinas-peruanas-05.jpg\"><img loading=\"lazy\" decoding=\"async\" width=\"720\" height=\"540\" src=\"https:\/\/redsemlac.com\/semmexico\/wp-content\/uploads\/2022\/10\/campesinas-peruanas-05.jpg\" alt=\"\" class=\"wp-image-57389\"\/><\/a><figcaption>Mar\u00eda Antonieta Tito, agricultora del poblado altoandino de Secsencalla, en el departamento de Cusco, en el sur de Per\u00fa, muestra sus alm\u00e1cigos (semilleros) de lechugas y apio. En marzo de 2022 se inici\u00f3 en la pr\u00e1ctica agroecol\u00f3gica y est\u00e1 contenta con los resultados que le permiten mejorar la calidad de la alimentaci\u00f3n familiar y generarse ingresos propios con la venta de sus hortalizas en el mercado local. Foto: Mariela Jara \/ IPS<\/figcaption><\/figure>\n<\/div>\n\n\n<p class=\"wp-block-paragraph\">Es el caso de Mar\u00eda Antonieta Tito, de 32 a\u00f1os, del municipio de Andahuaylillas, quien por primera vez en su vida como productora rural est\u00e1 realizando pr\u00e1cticas agroecol\u00f3gicas y a quien IPS visit\u00f3 en su huerto en la comunidad de Secsencalla, dentro de su recorrido por varias comunidades con campesinas de la asociaci\u00f3n.<\/p>\n\n\n\n<p class=\"wp-block-paragraph\">\u201cYo soy alumna de las lideresas de la APPEQ que nos dan r\u00e9plicas, ellas nos dicen c\u00f3mo trabajar de forma correcta la tierra, a voltearla hasta cuarenta cent\u00edmetros para que est\u00e9 blandita, sin piedras ni ra\u00edces de nada. Tambi\u00e9n a almacigar las semillas para despu\u00e9s sembrarlas\u201d, dice con orgullo<\/p>\n\n\n\n<p class=\"wp-block-paragraph\">Luego dice, se\u00f1alando con el dedo a sus alm\u00e1cigos, como se conoce localmente a los semilleros o las partes del terreno miniparceladas para la germinaci\u00f3n de los vegetales, \u201cyo tengo aqu\u00ed, mire, lechuga, repollo morado y apio, todav\u00eda falta que brote, as\u00ed chiquito empieza\u201d.<\/p>\n\n\n\n<p class=\"wp-block-paragraph\">Tito se define como \u201calumna nueva\u201d en la agroecolog\u00eda, inici\u00f3 en el mes de marzo de este a\u00f1o, pero ha logrado claros avances. No solo ha podido cosechar y probar sus propias hortalizas, sino que cada mi\u00e9rcoles va al mercado local a vender sus excedentes.<\/p>\n\n\n\n<p class=\"wp-block-paragraph\">\u201cYa hemos comido lechuga, tomate, pepino, acelgas, les ha gustado en mi casa, lo he preparado en ensalada y como torrejitas (peque\u00f1as tortas de verduras) con huevo. \u00a1Yo estoy ayudando en la nutrici\u00f3n de mi familia!, y tambi\u00e9n de las personas que me compran\u201d, refiri\u00f3 contenta.<\/p>\n\n\n\n<p class=\"wp-block-paragraph\">Cada martes cosecha al final de la tarde, lava las hortalizas con cuidado y a las seis de la ma\u00f1ana del d\u00eda siguiente ya est\u00e1 en un puesto del mercado al aire de Andahuaylillas, la cabecera municipal, ayudada por su hijo adolescente.<\/p>\n\n\n\n<p class=\"wp-block-paragraph\">\u201cLa clientela nos est\u00e1 aprendiendo a conocer, dicen que el sabor de mis hortalizas es distinto de los otros puestos, tengo tres meses vendiendo y ya me han hecho pedidos\u201d, a\u00f1adi\u00f3.<\/p>\n\n\n\n<p class=\"wp-block-paragraph\">Pero el camino para el ejercicio pleno de los derechos de las mujeres rurales es muy empinado.<\/p>\n\n\n\n<p class=\"wp-block-paragraph\">Como dice Palomino, la presidenta de la APPEQ, \u201chemos conseguido logros importantes, pero falta mucho para decir que somos ciudadanas en igualdad de derechos, y en eso la responsabilidad principal es de los gobiernos que todav\u00eda no nos han puesto como una prioridad\u201d.<\/p>\n\n\n\n<p class=\"wp-block-paragraph\"><em>ED: EG<\/em><\/p>\n","protected":false},"excerpt":{"rendered":"<p>Este art\u00edculo integra la cobertura sobre el D\u00eda Internacional de las Mujeres Rurales<\/p>\n","protected":false},"author":3,"featured_media":57393,"comment_status":"open","ping_status":"open","sticky":false,"template":"","format":"standard","meta":{"_monsterinsights_skip_tracking":false,"footnotes":""},"categories":[693,53],"tags":[],"class_list":["post-57388","post","type-post","status-publish","format-standard","has-post-thumbnail","category-693","category-internacional"],"_links":{"self":[{"href":"https:\/\/redsemlac.com\/semmexico\/wp-json\/wp\/v2\/posts\/57388","targetHints":{"allow":["GET"]}}],"collection":[{"href":"https:\/\/redsemlac.com\/semmexico\/wp-json\/wp\/v2\/posts"}],"about":[{"href":"https:\/\/redsemlac.com\/semmexico\/wp-json\/wp\/v2\/types\/post"}],"author":[{"embeddable":true,"href":"https:\/\/redsemlac.com\/semmexico\/wp-json\/wp\/v2\/users\/3"}],"replies":[{"embeddable":true,"href":"https:\/\/redsemlac.com\/semmexico\/wp-json\/wp\/v2\/comments?post=57388"}],"version-history":[{"count":0,"href":"https:\/\/redsemlac.com\/semmexico\/wp-json\/wp\/v2\/posts\/57388\/revisions"}],"wp:featuredmedia":[{"embeddable":true,"href":"https:\/\/redsemlac.com\/semmexico\/wp-json\/wp\/v2\/media\/57393"}],"wp:attachment":[{"href":"https:\/\/redsemlac.com\/semmexico\/wp-json\/wp\/v2\/media?parent=57388"}],"wp:term":[{"taxonomy":"category","embeddable":true,"href":"https:\/\/redsemlac.com\/semmexico\/wp-json\/wp\/v2\/categories?post=57388"},{"taxonomy":"post_tag","embeddable":true,"href":"https:\/\/redsemlac.com\/semmexico\/wp-json\/wp\/v2\/tags?post=57388"}],"curies":[{"name":"wp","href":"https:\/\/api.w.org\/{rel}","templated":true}]}}