{"id":57380,"date":"2022-10-16T09:43:07","date_gmt":"2022-10-16T15:43:07","guid":{"rendered":"https:\/\/redsemlac.com\/semmexico\/?p=57380"},"modified":"2023-07-21T19:19:07","modified_gmt":"2023-07-22T00:19:07","slug":"una-clinica-movil-posibilitara-el-aborto-en-eeuu-a-las-mujeres-que-vivan-cerca-de-las-fronteras-de-varios-estados-republicanos","status":"publish","type":"post","link":"https:\/\/redsemlac.com\/semmexico\/una-clinica-movil-posibilitara-el-aborto-en-eeuu-a-las-mujeres-que-vivan-cerca-de-las-fronteras-de-varios-estados-republicanos\/","title":{"rendered":"Una cl\u00ednica m\u00f3vil posibilitar\u00e1 el aborto en EEUU a las mujeres que vivan cerca de las fronteras de varios estados republicanos"},"content":{"rendered":"\n<p class=\"has-small-font-size wp-block-paragraph\" style=\"font-style:normal;font-weight:100\">Un grupo de mujeres participa en la Marcha y Manifestaci\u00f3n de Mujeres por la Justicia del Aborto frente al Capitolio Estatal en Austin, Texas.\u00a0<em>\u2014<\/em>\u00a0<em>Sergio FLORES \/ AFP<\/em><\/p>\n\n\n\n<p class=\"wp-block-paragraph\">La asociaci\u00f3n Planned Parenthood lanzar\u00e1 a finales de a\u00f1o la primera unidad m\u00f3vil para permitir el acceso de las mujeres a este derecho.<\/p>\n\n\n\n<p class=\"wp-block-paragraph\">Se ubicar\u00e1 en la frontera de Illinois con Misuri.<\/p>\n\n\n\n<p class=\"wp-block-paragraph\">Manuel Ruiz Rico<\/p>\n\n\n\n<p class=\"wp-block-paragraph\">SemM\u00e9xico\/P\u00fablico, Washington, 16 de octubre, 2022.- La ofensiva conservadora contra el aborto en Estados Unidos&nbsp;est\u00e1 provocando una respuesta en defensa de este derecho no s\u00f3lo en el \u00e1mbito pol\u00edtico o jur\u00eddico de los estados m\u00e1s progresistas, sino tambi\u00e9n mediante acciones de colectivos sociales.<\/p>\n\n\n\n<p class=\"wp-block-paragraph\">&nbsp;La asociaci\u00f3n&nbsp;<strong>Planned Parenthood<\/strong>&nbsp;(en ingl\u00e9s, Planificaci\u00f3n Familiar) va a poner en marcha antes de que acabe el a\u00f1o una&nbsp;unidad m\u00f3vil para abortar&nbsp;que se desplazar\u00e1 a la frontera de los estados que hayan legislado en contra de este derecho. Ser\u00e1 la primera unidad de este tipo que exista en&nbsp;<strong>Estados Unidos<\/strong>.<\/p>\n\n\n\n<p class=\"wp-block-paragraph\">Planned Parenthood&nbsp;pondr\u00e1 en marcha este servicio en el sur del estado dem\u00f3crata de&nbsp;<strong>Illinois<\/strong>, que hace frontera, entre otros territorios, con&nbsp;<strong>Wisconsin, Misuri y Kentucky<\/strong>, zonas que han aprobado legislaciones ultrarrestrictivas sobre el aborto. De este modo, las mujeres que habiten en ellas solo tendr\u00e1n que cruzar la frontera hacia Illinois para ser atendidas. Arkansas y Tennessee tampoco est\u00e1n lejos del sur de Illinois, por lo que sus mujeres podr\u00e1n beneficiarse tambi\u00e9n por la presencia de la&nbsp;<strong>cl\u00ednica m\u00f3vil<\/strong>.<\/p>\n\n\n\n<p class=\"wp-block-paragraph\">La asociaci\u00f3n ha justificado su lanzamiento en este dato: en los 100 d\u00edas transcurridos desde la sentencia del Supremo, el centro de salud de Planned Parenthood en la localidad de Fairview Heights, a unos 32 kil\u00f3metros de la frontera entre Illinois y Misuri, \u00abha experimentado un\u00a0<strong>aumento del 30% en cuanto a las visitas de mujeres para abortar<\/strong>, los tiempos de espera para las citas de aborto pasaron de cuatro d\u00edas a dos semanas y media, y las pacientes procedentes de fuera de esa zona biestatal entre Misuri e Illinois aumentaron en m\u00e1s de un 340%\u00bb, asegur\u00f3 su presidenta, Yamelsie Rodr\u00edguez, en el acto de presentaci\u00f3n de la unidad m\u00f3vil el pasado 3 de octubre.<\/p>\n\n\n\n<figure class=\"wp-block-image size-full\"><a href=\"https:\/\/redsemlac.com\/semmexico\/wp-content\/uploads\/2022\/10\/clinica-aborto-eeuu-02.jpg\"><img loading=\"lazy\" decoding=\"async\" width=\"300\" height=\"180\" src=\"https:\/\/redsemlac.com\/semmexico\/wp-content\/uploads\/2022\/10\/clinica-aborto-eeuu-02.jpg\" alt=\"\" class=\"wp-image-57383\"\/><\/a><\/figure>\n\n\n\n<p class=\"wp-block-paragraph\">\u00abEste incremento ha sido tan r\u00e1pido y pronunciado que ha sorprendido hasta a la propia organizaci\u00f3n y a esto nos referimos cuando decimos que eliminar el aborto no va a eliminar la necesidad de un aborto\u00bb, a\u00f1adi\u00f3.<\/p>\n\n\n\n<p class=\"wp-block-paragraph\">La instalaci\u00f3n m\u00f3vil&nbsp;<strong>incluir\u00e1 una peque\u00f1a sala de espera, un laboratorio y dos salas de examen<\/strong>. En un primer momento, ofrecer\u00e1 abortos con medicamentos hasta las 11 semanas de gestaci\u00f3n para, en una segunda fase, ofrecer ya abortos quir\u00fargicos, probablemente a partir del pr\u00f3ximo a\u00f1o, seg\u00fan la asociaci\u00f3n.<\/p>\n\n\n\n<p class=\"wp-block-paragraph\"><strong>La legislaci\u00f3n antiabortista est\u00e1 vigente en 15 estados<\/strong><\/p>\n\n\n\n<p class=\"wp-block-paragraph\">Tras la sentencia de junio del Tribunal Supremo&nbsp;en la que se derog\u00f3 este derecho en el \u00e1mbito federal (un derecho que la propia corte hab\u00eda establecido en 1973 en un fallo sobre la cuesti\u00f3n), 15 estados del pa\u00eds se han apresurado a aprobar normativas para restringir o vetar en la pr\u00e1ctica el acceso al aborto.<\/p>\n\n\n\n<figure class=\"wp-block-image size-full\"><a href=\"https:\/\/redsemlac.com\/semmexico\/wp-content\/uploads\/2022\/10\/clinica-aborto-eeuu-03.jpg\"><img loading=\"lazy\" decoding=\"async\" width=\"300\" height=\"180\" src=\"https:\/\/redsemlac.com\/semmexico\/wp-content\/uploads\/2022\/10\/clinica-aborto-eeuu-03.jpg\" alt=\"\" class=\"wp-image-57382\"\/><\/a><\/figure>\n\n\n\n<p class=\"wp-block-paragraph\">En enfoque general en esos estados ha sido el de prohibir ese derecho y s\u00f3lo despenalizarlo si&nbsp;<em>a posteriori<\/em>&nbsp;los profesionales sanitarios demuestran que el aborto practicado era necesario para salvar la vida de la mujer o que \u00e9sta hab\u00eda sido violada o v\u00edctima de un incesto.<\/p>\n\n\n\n<p class=\"wp-block-paragraph\">Estas leyes han dividido al pa\u00eds en dos entre los estados donde esta pr\u00e1ctica es legal y los que no. Esto ha convertido a&nbsp;<strong>Illinois en un estado refugio para el aborto<\/strong>&nbsp;puesto que est\u00e1 rodeado o se encuentra cerca de varios estados con legislaciones antiaborto.<\/p>\n\n\n\n<p class=\"wp-block-paragraph\">\u00abNos situamos en la brecha creada por los pol\u00edticos y garantizamos que todas las personas puedan acceder a la atenci\u00f3n sanitaria que merecen, independientemente de su lugar de residencia\u00bb, asegura Rodr\u00edguez.<\/p>\n\n\n\n<figure class=\"wp-block-image size-full\"><a href=\"https:\/\/redsemlac.com\/semmexico\/wp-content\/uploads\/2022\/10\/clinica-aborto-eeuu-04.jpg\"><img loading=\"lazy\" decoding=\"async\" width=\"300\" height=\"180\" src=\"https:\/\/redsemlac.com\/semmexico\/wp-content\/uploads\/2022\/10\/clinica-aborto-eeuu-04.jpg\" alt=\"\" class=\"wp-image-57381\"\/><\/a><\/figure>\n\n\n\n<p class=\"wp-block-paragraph\">Planned Parenthood asegura que&nbsp;<strong>no descarta ampliar el n\u00famero de unidades m\u00f3viles en el futuro<\/strong>, aunque eso depender\u00e1 del \u00e9xito de esta primera. En la extensi\u00f3n de esta estrategia baraja colaborar con otros colectivos. De hecho, otra organizaci\u00f3n, Just the Pill (S\u00f3lo la p\u00edldora), ha anunciado tambi\u00e9n su intenci\u00f3n de ofrecer servicios de aborto con medicamentos en cl\u00ednicas m\u00f3viles a pacientes de los estados ubicados en el llamado medio oeste de EEUU, precisamente la zona donde se ubicar\u00e1 la cl\u00ednica m\u00f3vil de Planned Parenthood.<\/p>\n\n\n\n<p class=\"wp-block-paragraph\">\u00abEstamos tratando de trabajar juntos para hacer frente al aumento exponencial del n\u00famero de pacientes que viajan desde estados prohibidos a lo que llamamos estados refugio para recibir atenci\u00f3n al aborto\u00bb, asegur\u00f3 la semana pasada Yamelsie Rodr\u00edguez en una entrevista esta semana con la&nbsp;radio p\u00fablica NPR. \u00abEn un momento as\u00ed todos tenemos que ponernos manos a la obra\u00bb, a\u00f1adi\u00f3.<\/p>\n\n\n\n<p class=\"wp-block-paragraph\"><a href=\"https:\/\/twitter.com\/ManuelRuizRico\" target=\"_blank\" rel=\"noreferrer noopener\">@MANUELRUIZRICO<\/a><strong><\/strong><\/p>\n","protected":false},"excerpt":{"rendered":"<p>La asociaci\u00f3n\u00a0Planned Parenthood va a poner en marcha antes de que acabe el a\u00f1o una\u00a0unidad m\u00f3vil para abortar\u00a0que se desplazar\u00e1 a la frontera de los estados que hayan legislado en contra de este derecho. Ser\u00e1 la primera unidad de este tipo que exista en\u00a0Estados Unidos.<\/p>\n","protected":false},"author":3,"featured_media":57384,"comment_status":"open","ping_status":"open","sticky":false,"template":"","format":"standard","meta":{"_monsterinsights_skip_tracking":false,"footnotes":""},"categories":[693,53],"tags":[],"class_list":["post-57380","post","type-post","status-publish","format-standard","has-post-thumbnail","category-693","category-internacional"],"_links":{"self":[{"href":"https:\/\/redsemlac.com\/semmexico\/wp-json\/wp\/v2\/posts\/57380","targetHints":{"allow":["GET"]}}],"collection":[{"href":"https:\/\/redsemlac.com\/semmexico\/wp-json\/wp\/v2\/posts"}],"about":[{"href":"https:\/\/redsemlac.com\/semmexico\/wp-json\/wp\/v2\/types\/post"}],"author":[{"embeddable":true,"href":"https:\/\/redsemlac.com\/semmexico\/wp-json\/wp\/v2\/users\/3"}],"replies":[{"embeddable":true,"href":"https:\/\/redsemlac.com\/semmexico\/wp-json\/wp\/v2\/comments?post=57380"}],"version-history":[{"count":0,"href":"https:\/\/redsemlac.com\/semmexico\/wp-json\/wp\/v2\/posts\/57380\/revisions"}],"wp:featuredmedia":[{"embeddable":true,"href":"https:\/\/redsemlac.com\/semmexico\/wp-json\/wp\/v2\/media\/57384"}],"wp:attachment":[{"href":"https:\/\/redsemlac.com\/semmexico\/wp-json\/wp\/v2\/media?parent=57380"}],"wp:term":[{"taxonomy":"category","embeddable":true,"href":"https:\/\/redsemlac.com\/semmexico\/wp-json\/wp\/v2\/categories?post=57380"},{"taxonomy":"post_tag","embeddable":true,"href":"https:\/\/redsemlac.com\/semmexico\/wp-json\/wp\/v2\/tags?post=57380"}],"curies":[{"name":"wp","href":"https:\/\/api.w.org\/{rel}","templated":true}]}}