{"id":57377,"date":"2022-10-16T08:14:48","date_gmt":"2022-10-16T14:14:48","guid":{"rendered":"https:\/\/redsemlac.com\/semmexico\/?p=57377"},"modified":"2023-07-21T19:19:07","modified_gmt":"2023-07-22T00:19:07","slug":"cancer-de-mama-factores-de-riesgo-y-tratamiento","status":"publish","type":"post","link":"https:\/\/redsemlac.com\/semmexico\/cancer-de-mama-factores-de-riesgo-y-tratamiento\/","title":{"rendered":"<strong>C\u00e1ncer de mama: factores de riesgo y tratamiento<\/strong>"},"content":{"rendered":"\n<p class=\"wp-block-paragraph\">19 de octubre,&nbsp;<strong>D\u00eda<\/strong>&nbsp;Internacional de lucha contra el&nbsp;<strong>c\u00e1ncer de mama<\/strong><\/p>\n\n\n\n<p class=\"wp-block-paragraph\">Martha Palma Montes*<\/p>\n\n\n\n<p class=\"wp-block-paragraph\">SemM\u00e9xico, Ciudad de M\u00e9xico, 16 de octubre, 2022.- El c\u00e1ncer de mama es uno de los tumores m\u00e1s frecuentes entre las mujeres. El Centro Internacional de Investigaciones sobre el C\u00e1ncer (IARC, por sus siglas en ingl\u00e9s), organismo intergubernamental de la Organizaci\u00f3n Mundial de la Salud (OMS), se\u00f1ala que la incidencia de la enfermedad es, en promedio, de 2.3 millones de nuevos casos al a\u00f1o en todo el mundo.<\/p>\n\n\n\n<p class=\"wp-block-paragraph\">Seg\u00fan la Organizaci\u00f3n Panamericana de la Salud (OPS), hubo m\u00e1s de 210 mil nuevos diagn\u00f3sticos en Am\u00e9rica Latina y el Caribe en 2020. Dicha organizaci\u00f3n se\u00f1ala adem\u00e1s que el c\u00e1ncer de mama es la causa m\u00e1s com\u00fan de muerte por c\u00e1ncer en las mujeres y la quinta causa m\u00e1s com\u00fan de muerte por c\u00e1ncer en general.<\/p>\n\n\n\n<p class=\"wp-block-paragraph\">Durante el mes de octubre, la OMS fomenta programas integrales de lucha contra el c\u00e1ncer de mama, dando prioridad a estrategias de prevenci\u00f3n y detecci\u00f3n oportuna con base en la autoexploraci\u00f3n y mastograf\u00eda.<\/p>\n\n\n\n<p class=\"wp-block-paragraph\">El c\u00e1ncer de mama es un tumor maligno que se origina en las c\u00e9lulas de la mama, entendiendo por tumor maligno un grupo de c\u00e9lulas que crecen de manera desordenada e independiente, que tiende a invadir los tejidos que lo rodean, as\u00ed como \u00f3rganos distantes (met\u00e1stasis).<\/p>\n\n\n\n<p class=\"wp-block-paragraph\"><strong>Desarrollo y factores de riesgo<\/strong><\/p>\n\n\n\n<ul class=\"wp-block-list\"><li>Antecedentes de un familiar con c\u00e1ncer de mama.<\/li><li>Tener 40 a\u00f1os o m\u00e1s.<\/li><li>Tener la primera menstruaci\u00f3n antes de los 12 a\u00f1os.<\/li><li>Usar anticonceptivos hormonales por m\u00e1s de 5 a\u00f1os.<\/li><li>Tener el primer hijo despu\u00e9s de los 30 a\u00f1os.<\/li><li>No haber tenido hijos.<\/li><li>Tener la \u00faltima menstruaci\u00f3n despu\u00e9s de los 52 a\u00f1os.<\/li><li>Tomar hormonas para la menopausia.<\/li><li>&nbsp;<\/li><\/ul>\n\n\n\n<p class=\"wp-block-paragraph\"><strong>Otros factores de riesgo relacionados con estilos de vida son<\/strong>:<\/p>\n\n\n\n<ul class=\"wp-block-list\"><li>Alimentaci\u00f3n rica en carbohidratos y baja en fibra.<\/li><li>Dieta rica en grasas tanto animales como \u00e1cidos grasos trans.<\/li><li>Obesidad, principalmente en la postmenopausia.<\/li><li>&nbsp;<\/li><li>Consumo de alcohol mayor a 15 gramos al d\u00eda.<\/li><li>&nbsp;<\/li><\/ul>\n\n\n\n<p class=\"wp-block-paragraph\"><strong>Detecci\u00f3n y diagn\u00f3stico<\/strong><\/p>\n\n\n\n<p class=\"wp-block-paragraph\">Cuando en la unidad m\u00e9dica se detecta alguna anomal\u00eda al momento de la exploraci\u00f3n f\u00edsica (cl\u00ednica), o con la mastograf\u00eda de detecci\u00f3n, es necesario analizarla con m\u00e1s estudios y la opini\u00f3n de m\u00e9dicos especialistas para asegurar el diagn\u00f3stico. En algunos casos puede ser necesario tomar una biopsia, una muestra de tejido mamario, y enviarla a examinar con el pat\u00f3logo, para su an\u00e1lisis. En caso de resultar c\u00e1ncer o un tumor maligno ser\u00e1 necesario recibir tratamiento.<\/p>\n\n\n\n<p class=\"wp-block-paragraph\">Para la detecci\u00f3n oportuna se recomienda que todas las mujeres mayores de 25 a\u00f1os, toquen sus mamas despu\u00e9s de menstruar, tratando de encontrar alguna bolita. Si encuentras algo que consideras extra\u00f1o, deber\u00e1s ir con tu m\u00e9dico para que te explore y de ser necesario, te solicite otros estudios como el ultrasonido y la mastograf\u00eda.<\/p>\n\n\n\n<p class=\"wp-block-paragraph\">La mastograf\u00eda es un estudio radiol\u00f3gico capaz de detectar principios de c\u00e1ncer cuando a\u00fan no se logra palpar un tumor.<\/p>\n\n\n\n<p class=\"wp-block-paragraph\"><strong>Debes realizarte la mastograf\u00eda si:<\/strong><\/p>\n\n\n\n<ul class=\"wp-block-list\"><li>Eres mayor de 50 a\u00f1os.<\/li><li>Eres menor de 50 a\u00f1os con sospecha de tener un c\u00e1ncer.<\/li><\/ul>\n\n\n\n<p class=\"wp-block-paragraph\"><strong>Para diagnosticar c\u00e1ncer de mama es necesario:<\/strong><\/p>\n\n\n\n<ul class=\"wp-block-list\"><li>La autoexploraci\u00f3n.<\/li><li>La mastograf\u00eda.<\/li><\/ul>\n\n\n\n<p class=\"wp-block-paragraph\"><strong>Tipos de tratamiento<\/strong><\/p>\n\n\n\n<ul class=\"wp-block-list\"><li>M\u00e9dico.<\/li><li>Quir\u00fargico.<\/li><li>Radioterapia, es un tratamiento con rayos o part\u00edculas de alta energ\u00eda que destruyen las c\u00e9lulas cancerosas.<\/li><li>Quimioterapia, es un tratamiento con medicamentos contra el c\u00e1ncer que se puede administrar por v\u00eda intravenosa (inyectados por la vena) o v\u00eda oral.<\/li><li>Paliativo, tiene la finalidad de aliviar los s\u00edntomas de los pacientes en los cuales no se espera que cure la enfermedad, o que existe una respuesta parcial al tratamiento.<\/li><\/ul>\n\n\n\n<p class=\"wp-block-paragraph\">A\u00fan despu\u00e9s de finalizar el tratamiento, los m\u00e9dicos podr\u00e1n citar a revisiones de seguimiento.<\/p>\n\n\n\n<p class=\"wp-block-paragraph\"><strong>Los tratamientos pueden clasificarse en grupos, con base en su funcionamiento:<\/strong><\/p>\n\n\n\n<ul class=\"wp-block-list\"><li>Terapia local o sist\u00e9mica: La terapia local tiene la intenci\u00f3n de tratar al tumor en donde se localiza, sin afectar el resto del cuerpo. La radioterapia y la cirug\u00eda son ejemplos.<\/li><\/ul>\n\n\n\n<p class=\"wp-block-paragraph\">La terapia sist\u00e9mica se refiere a los f\u00e1rmacos que pueden ser recibidos v\u00eda oral o por v\u00eda intravenosa. Por ejemplo: quimioterapia, terapia hormonal y terapia dirigida.<\/p>\n\n\n\n<ul class=\"wp-block-list\"><li>Terapia Adyuvante o Neo-adyuvante: A las pacientes a quienes no se detecta c\u00e1ncer despu\u00e9s de haber sido operadas, con frecuencia se les ofrece un tratamiento adicional, para asegurarse que el c\u00e1ncer no volver\u00e1, esto se llama terapia adyuvante. La terapia sist\u00e9mica y la radiaci\u00f3n pueden ser utilizadas.<\/li><\/ul>\n\n\n\n<p class=\"wp-block-paragraph\">Algunas pacientes reciben tratamiento como quimioterapia o terapia hormonal antes de la cirug\u00eda. El objetivo es reducir el tama\u00f1o del tumor con la intenci\u00f3n de que se realice una cirug\u00eda menos extensa, a esto se le conoce como terapia neo-adyuvante.<\/p>\n\n\n\n<p class=\"wp-block-paragraph\">*Publicado originalmente en MayaComunicaci\u00f3n<a href=\"https:\/\/mayacomunicacion.com.mx\/premio-ortega-y-gasset-de-fotografia-2022-el-crudo-reflejo-de-la-mastectomia-bilateral\/?relatedposts_hit=1&amp;relatedposts_origin=22900&amp;relatedposts_position=0\"><br><\/a><\/p>\n","protected":false},"excerpt":{"rendered":"<p>19 de octubre,\u00a0D\u00eda\u00a0Internacional de lucha contra el\u00a0c\u00e1ncer de mama<\/p>\n","protected":false},"author":3,"featured_media":57379,"comment_status":"open","ping_status":"open","sticky":false,"template":"","format":"standard","meta":{"_monsterinsights_skip_tracking":false,"footnotes":""},"categories":[693,54],"tags":[],"class_list":["post-57377","post","type-post","status-publish","format-standard","has-post-thumbnail","category-693","category-mujeres"],"_links":{"self":[{"href":"https:\/\/redsemlac.com\/semmexico\/wp-json\/wp\/v2\/posts\/57377","targetHints":{"allow":["GET"]}}],"collection":[{"href":"https:\/\/redsemlac.com\/semmexico\/wp-json\/wp\/v2\/posts"}],"about":[{"href":"https:\/\/redsemlac.com\/semmexico\/wp-json\/wp\/v2\/types\/post"}],"author":[{"embeddable":true,"href":"https:\/\/redsemlac.com\/semmexico\/wp-json\/wp\/v2\/users\/3"}],"replies":[{"embeddable":true,"href":"https:\/\/redsemlac.com\/semmexico\/wp-json\/wp\/v2\/comments?post=57377"}],"version-history":[{"count":0,"href":"https:\/\/redsemlac.com\/semmexico\/wp-json\/wp\/v2\/posts\/57377\/revisions"}],"wp:featuredmedia":[{"embeddable":true,"href":"https:\/\/redsemlac.com\/semmexico\/wp-json\/wp\/v2\/media\/57379"}],"wp:attachment":[{"href":"https:\/\/redsemlac.com\/semmexico\/wp-json\/wp\/v2\/media?parent=57377"}],"wp:term":[{"taxonomy":"category","embeddable":true,"href":"https:\/\/redsemlac.com\/semmexico\/wp-json\/wp\/v2\/categories?post=57377"},{"taxonomy":"post_tag","embeddable":true,"href":"https:\/\/redsemlac.com\/semmexico\/wp-json\/wp\/v2\/tags?post=57377"}],"curies":[{"name":"wp","href":"https:\/\/api.w.org\/{rel}","templated":true}]}}