{"id":57369,"date":"2022-10-15T15:54:02","date_gmt":"2022-10-15T21:54:02","guid":{"rendered":"https:\/\/redsemlac.com\/semmexico\/?p=57369"},"modified":"2023-07-21T19:19:08","modified_gmt":"2023-07-22T00:19:08","slug":"liberan-a-mujer-indigena-tsotsil-con-criterio-de-perspectiva-de-genero","status":"publish","type":"post","link":"https:\/\/redsemlac.com\/semmexico\/liberan-a-mujer-indigena-tsotsil-con-criterio-de-perspectiva-de-genero\/","title":{"rendered":"Liberan a mujer ind\u00edgena tsotsil, con criterio de perspectiva de g\u00e9nero"},"content":{"rendered":"\n<p class=\"wp-block-paragraph\"><br>Antonia de 36 a\u00f1os es madre de 8 menores de edad<\/p>\n\n\n\n<p class=\"wp-block-paragraph\">Gabriela Couti\u00f1o<\/p>\n\n\n\n<p class=\"wp-block-paragraph\">SemM\u00e9xico, Tuxtla Guti\u00e9rrez, Chis. 15 de octubre, 2022.- \u00a0Un juez del Poder Judicial del Estado de Chiapas determin\u00f3 la inmediata liberaci\u00f3n de Antonia \u201cN\u201d, mujer ind\u00edgena de 36 a\u00f1os, madre de ocho hijos, todos menores de edad, por lo que enfrentar\u00e1 su proceso en libertad.<\/p>\n\n\n\n<p class=\"wp-block-paragraph\">Antonia pas\u00f3 tres a\u00f1os privada de su libertad, la mayor parte en el penal de San Crist\u00f3bal de las Casas, acusada del delito de robo agravado.<\/p>\n\n\n\n<p class=\"wp-block-paragraph\">Se sabe que Antonia pertenec\u00eda a una organizaci\u00f3n ind\u00edgena campesina que, en 2019, bloque\u00f3 carreteras y quem\u00f3 varios veh\u00edculos.<\/p>\n\n\n\n<p class=\"wp-block-paragraph\">En un comunicado, el Poder Judicial de Chiapas, inform\u00f3 que la autoridad jurisdiccional estatal analiz\u00f3 el procedimiento privilegiando la perspectiva de g\u00e9nero y supremac\u00eda de los ni\u00f1os y ni\u00f1as, con respecto a la presunta responsabilidad de la mujer en el delito de Robo con Agravantes.<\/p>\n\n\n\n<p class=\"wp-block-paragraph\">Por lo que se determin\u00f3 el Cambio de Medida Cautelar, la cual la ten\u00eda privada de su libertad, ordenando la Firma Peri\u00f3dica que permita a la mujer enfrentar su proceso judicial en libertad.<\/p>\n\n\n\n<p class=\"wp-block-paragraph\">El Poder Judicial se\u00f1al\u00f3 que estas acciones son ejercidas con estricto apego a Derecho y respeto a los Derechos Humanos, lo que sit\u00faan al Gobierno del Estado como garante en la impartici\u00f3n de justicia con perspectiva de g\u00e9nero.<\/p>\n\n\n\n<p class=\"wp-block-paragraph\">De acuerdo a la dependencia,\u00a0 \u201cse recibi\u00f3 el reconocimiento de la Subsecretar\u00eda de Derechos Humanos, de la Secretar\u00eda de Gobernaci\u00f3n, al considerar la perspectiva intercultural y de Derechos Humanos\u201d.<\/p>\n\n\n\n<p class=\"wp-block-paragraph\">Explic\u00f3 que la revisi\u00f3n de los expedientes se lleva a cabo desde la Mesa de Seguridad que coordina desde la respetuosa independencia de poderes, el gobernador Rutilio Escand\u00f3n Cadenas.<\/p>\n\n\n\n<p class=\"wp-block-paragraph\">Agreg\u00f3 que la liberaci\u00f3n de Antonia\u00a0es el resultado de hacer realidad la plena vigencia del estado de derecho aplicando los criterios de g\u00e9nero.<\/p>\n","protected":false},"excerpt":{"rendered":"<p>Un juez del Poder Judicial del Estado de Chiapas determin\u00f3 la inmediata liberaci\u00f3n de Antonia \u201cN\u201d, mujer ind\u00edgena de 36 a\u00f1os, madre de ocho hijos, todos menores de edad, por lo que enfrentar\u00e1 su proceso en libertad.<\/p>\n","protected":false},"author":3,"featured_media":57370,"comment_status":"open","ping_status":"open","sticky":false,"template":"","format":"standard","meta":{"_monsterinsights_skip_tracking":false,"footnotes":""},"categories":[693,54],"tags":[],"class_list":["post-57369","post","type-post","status-publish","format-standard","has-post-thumbnail","category-693","category-mujeres"],"_links":{"self":[{"href":"https:\/\/redsemlac.com\/semmexico\/wp-json\/wp\/v2\/posts\/57369","targetHints":{"allow":["GET"]}}],"collection":[{"href":"https:\/\/redsemlac.com\/semmexico\/wp-json\/wp\/v2\/posts"}],"about":[{"href":"https:\/\/redsemlac.com\/semmexico\/wp-json\/wp\/v2\/types\/post"}],"author":[{"embeddable":true,"href":"https:\/\/redsemlac.com\/semmexico\/wp-json\/wp\/v2\/users\/3"}],"replies":[{"embeddable":true,"href":"https:\/\/redsemlac.com\/semmexico\/wp-json\/wp\/v2\/comments?post=57369"}],"version-history":[{"count":0,"href":"https:\/\/redsemlac.com\/semmexico\/wp-json\/wp\/v2\/posts\/57369\/revisions"}],"wp:featuredmedia":[{"embeddable":true,"href":"https:\/\/redsemlac.com\/semmexico\/wp-json\/wp\/v2\/media\/57370"}],"wp:attachment":[{"href":"https:\/\/redsemlac.com\/semmexico\/wp-json\/wp\/v2\/media?parent=57369"}],"wp:term":[{"taxonomy":"category","embeddable":true,"href":"https:\/\/redsemlac.com\/semmexico\/wp-json\/wp\/v2\/categories?post=57369"},{"taxonomy":"post_tag","embeddable":true,"href":"https:\/\/redsemlac.com\/semmexico\/wp-json\/wp\/v2\/tags?post=57369"}],"curies":[{"name":"wp","href":"https:\/\/api.w.org\/{rel}","templated":true}]}}