{"id":57357,"date":"2022-10-15T14:07:43","date_gmt":"2022-10-15T20:07:43","guid":{"rendered":"https:\/\/redsemlac.com\/semmexico\/?p=57357"},"modified":"2023-07-21T19:19:08","modified_gmt":"2023-07-22T00:19:08","slug":"se-construira-una-nueva-villa-de-las-ninas-con-una-inversion-de-20-millones-de-pesos","status":"publish","type":"post","link":"https:\/\/redsemlac.com\/semmexico\/se-construira-una-nueva-villa-de-las-ninas-con-una-inversion-de-20-millones-de-pesos\/","title":{"rendered":"Se construir\u00e1 una nueva Villa de las Ni\u00f1as con una inversi\u00f3n de 20 millones de pesos"},"content":{"rendered":"\n<p class=\"wp-block-paragraph\">As\u00ed lo anunci\u00f3 Abelina L\u00f3pez Rodr\u00edguez, presidenta municipal de Acapulco<\/p>\n\n\n\n<p class=\"wp-block-paragraph\">Lourdes Cobos Bautista<\/p>\n\n\n\n<p class=\"wp-block-paragraph\">SemM\u00e9xico, Acapulco, Gro., 15 de octubre 2022.- Abelina L\u00f3pez Rodr\u00edguez, presidenta municipal de Acapulco, anunci\u00f3 que la Villa de las Ni\u00f1as ser\u00e1 un espacio digno para albergar a las menores, lo que representar\u00e1 una inversi\u00f3n de 20 millones de pesos.<\/p>\n\n\n\n<p class=\"wp-block-paragraph\">Por su parte, la presidenta del DIF Acapulco, Mara Iris Saguil\u00e1n Bibiano, apunt\u00f3 sobre el tema que el proyecto lo lleva la alcaldesa L\u00f3pez Rodr\u00edguez, pero confirm\u00f3 que la estructura del inmueble est\u00e1 da\u00f1ada por lo que hay que derribarlo y \u201cvolverlo a levantar\u201d.<\/p>\n\n\n\n<p class=\"wp-block-paragraph\">Este viernes en la Sala de Cabildos \u201cJuan R. Escudero\u201d, Saguil\u00e1n Bibiano present\u00f3 su informe de labores al frente de la dependencia de asistencia social y luego, en entrevista, subray\u00f3 que el caso de las fugas de la Villa de las Ni\u00f1as, ocurridas hace algunos meses, dijo que se aplic\u00f3 un estricto protocolo de atenci\u00f3n y vigilancia las 24 horas, as\u00ed como atenci\u00f3n psicol\u00f3gica integral, entre otros.<br>De las investigaciones, asegur\u00f3 que esos casos est\u00e1 en manos de la Fiscal\u00eda General del Estado y que llevan un procedimiento legal.<br>Asimismo, que tanto en los casos de los ni\u00f1os como las ni\u00f1as de las respectivas casas de atenci\u00f3n, algunos van a la escuela y otros tienen regularizaci\u00f3n escolar.<\/p>\n","protected":false},"excerpt":{"rendered":"<p>Abelina L\u00f3pez Rodr\u00edguez, presidenta municipal de Acapulco, anunci\u00f3 que la Villa de las Ni\u00f1as ser\u00e1 un espacio digno para albergar a las menores, lo que representar\u00e1 una inversi\u00f3n de 20 millones de pesos.<\/p>\n","protected":false},"author":3,"featured_media":57358,"comment_status":"open","ping_status":"open","sticky":false,"template":"","format":"standard","meta":{"_monsterinsights_skip_tracking":false,"footnotes":""},"categories":[693,54],"tags":[],"class_list":["post-57357","post","type-post","status-publish","format-standard","has-post-thumbnail","category-693","category-mujeres"],"_links":{"self":[{"href":"https:\/\/redsemlac.com\/semmexico\/wp-json\/wp\/v2\/posts\/57357","targetHints":{"allow":["GET"]}}],"collection":[{"href":"https:\/\/redsemlac.com\/semmexico\/wp-json\/wp\/v2\/posts"}],"about":[{"href":"https:\/\/redsemlac.com\/semmexico\/wp-json\/wp\/v2\/types\/post"}],"author":[{"embeddable":true,"href":"https:\/\/redsemlac.com\/semmexico\/wp-json\/wp\/v2\/users\/3"}],"replies":[{"embeddable":true,"href":"https:\/\/redsemlac.com\/semmexico\/wp-json\/wp\/v2\/comments?post=57357"}],"version-history":[{"count":0,"href":"https:\/\/redsemlac.com\/semmexico\/wp-json\/wp\/v2\/posts\/57357\/revisions"}],"wp:featuredmedia":[{"embeddable":true,"href":"https:\/\/redsemlac.com\/semmexico\/wp-json\/wp\/v2\/media\/57358"}],"wp:attachment":[{"href":"https:\/\/redsemlac.com\/semmexico\/wp-json\/wp\/v2\/media?parent=57357"}],"wp:term":[{"taxonomy":"category","embeddable":true,"href":"https:\/\/redsemlac.com\/semmexico\/wp-json\/wp\/v2\/categories?post=57357"},{"taxonomy":"post_tag","embeddable":true,"href":"https:\/\/redsemlac.com\/semmexico\/wp-json\/wp\/v2\/tags?post=57357"}],"curies":[{"name":"wp","href":"https:\/\/api.w.org\/{rel}","templated":true}]}}