{"id":57354,"date":"2022-10-15T13:28:24","date_gmt":"2022-10-15T19:28:24","guid":{"rendered":"https:\/\/redsemlac.com\/semmexico\/?p=57354"},"modified":"2023-07-21T19:19:08","modified_gmt":"2023-07-22T00:19:08","slug":"inauguran-el-foro-el-papel-de-las-mujeres-indigenas-en-la-preservacion-del-conocimiento-tradicional","status":"publish","type":"post","link":"https:\/\/redsemlac.com\/semmexico\/inauguran-el-foro-el-papel-de-las-mujeres-indigenas-en-la-preservacion-del-conocimiento-tradicional\/","title":{"rendered":"<strong>Inauguran el foro \u201cEl papel de las mujeres ind\u00edgenas en la preservaci\u00f3n del conocimiento tradicional\u201d<\/strong>"},"content":{"rendered":"\n<p class=\"wp-block-paragraph\"><strong>Fue convocado por el CEDIP; participaron especialistas y representantes de pueblos originarios<\/strong><\/p>\n\n\n\n<ul class=\"wp-block-list\"><li><strong>Su objetivo, fortalecer los sistemas normativos en la materia<\/strong><\/li><\/ul>\n\n\n\n<p class=\"wp-block-paragraph\">&nbsp;Redacci\u00f3n<\/p>\n\n\n\n<p class=\"wp-block-paragraph\">SemM\u00e9xico, Ciudad de M\u00e9xico, 15 de octubre, 2022.- El Director General del Centro de Estudios de Derecho e Investigaciones Parlamentarias (CEDIP), Juan Carlos Cervantes G\u00f3mez, inaugur\u00f3 el conversatorio \u201cEl papel de las mujeres ind\u00edgenas en la preservaci\u00f3n y transmisi\u00f3n del conocimiento tradicional\u201d.<\/p>\n\n\n\n<p class=\"wp-block-paragraph\">A\u00f1adi\u00f3 que el objetivo es tener una visi\u00f3n panor\u00e1mica del papel de las mujeres ind\u00edgenas en la transmisi\u00f3n del conocimiento tradicional, a partir del conocimiento de la vida de los pueblos ind\u00edgenas para visibilizar que los acervos culturales destacan una parte fundamental de la diversidad del mundo.<\/p>\n\n\n\n<p class=\"wp-block-paragraph\">Expres\u00f3 que la transmisi\u00f3n de los conocimientos tradicionales es esencial para promover y proteger esas culturas, sus medios de subsistencia, resiliencia y fomentar su desarrollo econ\u00f3mico.<\/p>\n\n\n\n<p class=\"wp-block-paragraph\">Agreg\u00f3 que esta actividad permitir\u00e1 reflexionar sobre los problemas que han enfrentado los pueblos originarios y los retos de igualdad de las mujeres ind\u00edgenas como guardianas de conocimientos tradicionales.<\/p>\n\n\n\n<p class=\"wp-block-paragraph\">La directora de Estudios Legislativos del CEDIP, Adriana Buenrostro Espinoza, dijo que el conversatorio brindar\u00e1 elementos de an\u00e1lisis al trabajo legislativo en materia de derechos de los pueblos ind\u00edgenas, para garantizar la generaci\u00f3n, transmisi\u00f3n, conservaci\u00f3n y fortalecimiento de conocimientos tradicionales.<\/p>\n\n\n\n<p class=\"wp-block-paragraph\">La maestra Margarita Cort\u00e9s Cid, directora general del Sistema Nacional para la Igualdad entre Mujeres y Hombres del Instituto Nacional de las Mujeres, plante\u00f3 fortalecer marcos normativos para cerrar las brechas de desigualdad subsistentes.<\/p>\n\n\n\n<p class=\"wp-block-paragraph\">Guadalupe Que Dzul, subdirectora de Fortalecimiento de la Identidad Cultural del Instituto Nacional de los Pueblos Ind\u00edgenas, se refiri\u00f3 a las perspectivas del reconocimiento jur\u00eddico de los conocimientos tradicionales, cuyas principales transmisoras son las mujeres.<\/p>\n\n\n\n<p class=\"wp-block-paragraph\">La directora de Asuntos Ind\u00edgenas de la Comisi\u00f3n Nacional para el Desarrollo Integral de los Pueblos Ind\u00edgenas, Ismerai Betanzos, asegur\u00f3 que el tema de los conocimientos tradicionales no debe limitarse a pueblos ind\u00edgenas y debe abarcar a comunidades locales que no son identificadas como originarias.<\/p>\n\n\n\n<p class=\"wp-block-paragraph\">La presidenta de \u201cMujeres de los Pueblos Originarios de Nayarit\u201d, Marina Carrillo D\u00edaz, destac\u00f3 la importancia del empoderamiento de la mujer ind\u00edgena y de preservar las lenguas y alfabetos originarios, adem\u00e1s de difundir ese conocimiento a trav\u00e9s de los libros.<\/p>\n\n\n\n<p class=\"wp-block-paragraph\">De la Directora de Estudios Legislativos del CEDIP, la maestra Arely Celeste Fonseca S\u00e1nchez, afirm\u00f3 que estas aportaciones permitir\u00e1n dise\u00f1ar una amplia agenda que abarque independencia econ\u00f3mica, libre determinaci\u00f3n y todo lo que implica la protecci\u00f3n del patrimonio cultural y biocultural.<\/p>\n","protected":false},"excerpt":{"rendered":"<p>El Director General del Centro de Estudios de Derecho e Investigaciones Parlamentarias (CEDIP), Juan Carlos Cervantes G\u00f3mez, inaugur\u00f3 el conversatorio \u201cEl papel de las mujeres ind\u00edgenas en la preservaci\u00f3n y transmisi\u00f3n del conocimiento tradicional\u201d.<\/p>\n","protected":false},"author":3,"featured_media":57355,"comment_status":"open","ping_status":"open","sticky":false,"template":"","format":"standard","meta":{"_monsterinsights_skip_tracking":false,"footnotes":""},"categories":[693,51],"tags":[],"class_list":["post-57354","post","type-post","status-publish","format-standard","has-post-thumbnail","category-693","category-ejecutivo"],"_links":{"self":[{"href":"https:\/\/redsemlac.com\/semmexico\/wp-json\/wp\/v2\/posts\/57354","targetHints":{"allow":["GET"]}}],"collection":[{"href":"https:\/\/redsemlac.com\/semmexico\/wp-json\/wp\/v2\/posts"}],"about":[{"href":"https:\/\/redsemlac.com\/semmexico\/wp-json\/wp\/v2\/types\/post"}],"author":[{"embeddable":true,"href":"https:\/\/redsemlac.com\/semmexico\/wp-json\/wp\/v2\/users\/3"}],"replies":[{"embeddable":true,"href":"https:\/\/redsemlac.com\/semmexico\/wp-json\/wp\/v2\/comments?post=57354"}],"version-history":[{"count":0,"href":"https:\/\/redsemlac.com\/semmexico\/wp-json\/wp\/v2\/posts\/57354\/revisions"}],"wp:featuredmedia":[{"embeddable":true,"href":"https:\/\/redsemlac.com\/semmexico\/wp-json\/wp\/v2\/media\/57355"}],"wp:attachment":[{"href":"https:\/\/redsemlac.com\/semmexico\/wp-json\/wp\/v2\/media?parent=57354"}],"wp:term":[{"taxonomy":"category","embeddable":true,"href":"https:\/\/redsemlac.com\/semmexico\/wp-json\/wp\/v2\/categories?post=57354"},{"taxonomy":"post_tag","embeddable":true,"href":"https:\/\/redsemlac.com\/semmexico\/wp-json\/wp\/v2\/tags?post=57354"}],"curies":[{"name":"wp","href":"https:\/\/api.w.org\/{rel}","templated":true}]}}