{"id":57351,"date":"2022-10-15T13:09:10","date_gmt":"2022-10-15T19:09:10","guid":{"rendered":"https:\/\/redsemlac.com\/semmexico\/?p=57351"},"modified":"2023-07-21T19:19:08","modified_gmt":"2023-07-22T00:19:08","slug":"dia-de-las-rebeldias-lesbicas","status":"publish","type":"post","link":"https:\/\/redsemlac.com\/semmexico\/dia-de-las-rebeldias-lesbicas\/","title":{"rendered":"<strong>D\u00eda de las Rebeld\u00edas L\u00e9sbicas<\/strong>"},"content":{"rendered":"\n<p class=\"wp-block-paragraph\"><strong>Aurora Natalia Rojas Ramos*<\/strong><\/p>\n\n\n\n<p class=\"wp-block-paragraph\">SemM\u00e9xico, Guadalajara, Jalisco, 15 de octubre, 2022.-Cada 13 de octubre se celebra en toda Am\u00e9rica Latina y el Caribe una jornada por el D\u00eda de las Rebeld\u00edas L\u00e9sbicas.<\/p>\n\n\n\n<p class=\"wp-block-paragraph\">Dicha fecha nace en el VII Encuentro L\u00e9sbico Feminista de Latino Am\u00e9rica y el Caribe, realizado en Chile en 2007. En donde cientos de mujeres lesbianas aut\u00f3nomas, activistas y organizaciones acordaron conmemorar \u201cel 13 de octubre como el D\u00eda de las Rebeld\u00edas Lesbianas Feministas de Latinoam\u00e9rica y el Caribe como expresi\u00f3n de visibilidad ligado a espacios de reflexi\u00f3n para no convertir al acto pol\u00edtico en un simple carnaval comercial. Fecha elegida en conmemoraci\u00f3n al 1er Encuentro L\u00e9sbico-Feminista en 1987 en M\u00e9xico.\u201d seg\u00fan establece en sus investigaciones la Dra. Norma Mogrovejo.<\/p>\n\n\n\n<p class=\"wp-block-paragraph\">Este d\u00eda se estableci\u00f3 con la finalidad de nombrar, celebrar y visibilizar la existencia lesbiana de millones de mujeres en la regi\u00f3n. Mujeres lesbianas que resisten a la heterosexualidad obligatoria no como una orientaci\u00f3n sexual, sino como r\u00e9gimen pol\u00edtico patriarcal que subordina, explota y oprime a las mujeres para uso sexual masculino, e invisibiliza y violenta a las lesbianas.<\/p>\n\n\n\n<p class=\"wp-block-paragraph\">As\u00ed, la rebeld\u00eda lesbiana no pasa inadvertida en el sistema patriarcal, sino que las lesbianas son perseguidas mediante el uso de la violencia como dispositivo de control que intenta disciplinarlas por no adherirse al modelo sexual masculino y salirse de las normas socialmente impuestas. Es decir, son castigadas por vivirse en libertad amando y priorizando a otras mujeres.<\/p>\n\n\n\n<p class=\"wp-block-paragraph\">De esta forma, en M\u00e9xico en el \u00faltimo a\u00f1o hemos visto el aumento de la violencia lesbo-odiante. El s\u00e1bado pasado 9 de octubre de 2022, en la colonia Libertad en Tijuana, Karen y Berenice pareja de mujeres lesbianas fueron atacadas brutalmente en su propia casa por dos hombres, perpetrando los delitos de feminicidio y feminicidio en grado de tentativa. Igualmente, en enero del 2022 el doble feminicidio de Tania y Nohem\u00ed en Chihuahua visibiliz\u00f3 que dicho estado es el segundo lugar en cr\u00edmenes de odio.<\/p>\n\n\n\n<p class=\"wp-block-paragraph\">En Nayarit, el pasado 25 de septiembre, Leslie fue aprendida mediante el uso de la fuerza y de manera arbitraria por realizar demostraciones de afecto con su novia en una playa de Chacala, lo cual constituyo un claro acto de discriminaci\u00f3n y violencia lesbo-odiante.<\/p>\n\n\n\n<p class=\"wp-block-paragraph\">Igualmente, Jalisco ocupa el cuarto lugar en cuanto a n\u00fameros de cr\u00edmenes de odio. La discriminaci\u00f3n es sistem\u00e1tica e impera en todas las instituciones del estado constituyendo una barrera imperante en el acceso efectivo de derechos. Da cuenta de ello la negaci\u00f3n del Registro Civil 1 de Guadalajara, en mayo del 2021, al no reconocer la co-maternidad de las mujeres lesbianas y el nulo reconocimiento a las familias lesbomaternales. Igualmente, en el \u00faltimo a\u00f1o en Jalisco, ha habido al menos dos casos p\u00fablicos de secuestro de mujeres lesbianas para ser internadas en las llamadas \u201cterapias de conversi\u00f3n\u201d. Estas pr\u00e1cticas aparte de constituir violaciones graves a los derechos humanos, ocasionan graves consecuencias emocionales y en la salud de las mujeres, ni\u00f1as y adolescentes lesbianas.<\/p>\n\n\n\n<p class=\"wp-block-paragraph\">En medio del contexto agravado de violencia lesbo-odiante, es necesario insistir en el pleno reconocimiento de todos los derechos humanos de las mujeres lesbianas, sobre todo el derecho a vivir vidas libres de violencia y cualquier tipo de discriminaci\u00f3n.<\/p>\n\n\n\n<p class=\"wp-block-paragraph\">En el marco del D\u00eda de las Rebeld\u00edas L\u00e9sbicas, las lesbianas alzamos la voz por las lesbianas que no est\u00e1n, las que estamos y la que vendr\u00e1n, exigiendo que todas podamos vivir nuestra existencia lesbiana libres, seguras y dignas.<\/p>\n\n\n\n<p class=\"wp-block-paragraph\">Hoy y todos los d\u00edas las lesbianas afirmamos que la amora entre mujeres es la tierra f\u00e9rtil en donde nacen y se fortalecen nuestras ra\u00edces.<\/p>\n\n\n\n<p class=\"wp-block-paragraph\">*Maestra en Derechos Humanos y Ciencias Pol\u00edticas<\/p>\n\n\n\n<p class=\"wp-block-paragraph\">Co-Coordinadora estatal CLADEM Jalisco<\/p>\n","protected":false},"excerpt":{"rendered":"<p>Cada 13 de octubre se celebra en toda Am\u00e9rica Latina y el Caribe una jornada por el D\u00eda de las Rebeld\u00edas L\u00e9sbicas.<\/p>\n","protected":false},"author":3,"featured_media":57352,"comment_status":"open","ping_status":"open","sticky":false,"template":"","format":"standard","meta":{"_monsterinsights_skip_tracking":false,"footnotes":""},"categories":[693,54],"tags":[],"class_list":["post-57351","post","type-post","status-publish","format-standard","has-post-thumbnail","category-693","category-mujeres"],"_links":{"self":[{"href":"https:\/\/redsemlac.com\/semmexico\/wp-json\/wp\/v2\/posts\/57351","targetHints":{"allow":["GET"]}}],"collection":[{"href":"https:\/\/redsemlac.com\/semmexico\/wp-json\/wp\/v2\/posts"}],"about":[{"href":"https:\/\/redsemlac.com\/semmexico\/wp-json\/wp\/v2\/types\/post"}],"author":[{"embeddable":true,"href":"https:\/\/redsemlac.com\/semmexico\/wp-json\/wp\/v2\/users\/3"}],"replies":[{"embeddable":true,"href":"https:\/\/redsemlac.com\/semmexico\/wp-json\/wp\/v2\/comments?post=57351"}],"version-history":[{"count":0,"href":"https:\/\/redsemlac.com\/semmexico\/wp-json\/wp\/v2\/posts\/57351\/revisions"}],"wp:featuredmedia":[{"embeddable":true,"href":"https:\/\/redsemlac.com\/semmexico\/wp-json\/wp\/v2\/media\/57352"}],"wp:attachment":[{"href":"https:\/\/redsemlac.com\/semmexico\/wp-json\/wp\/v2\/media?parent=57351"}],"wp:term":[{"taxonomy":"category","embeddable":true,"href":"https:\/\/redsemlac.com\/semmexico\/wp-json\/wp\/v2\/categories?post=57351"},{"taxonomy":"post_tag","embeddable":true,"href":"https:\/\/redsemlac.com\/semmexico\/wp-json\/wp\/v2\/tags?post=57351"}],"curies":[{"name":"wp","href":"https:\/\/api.w.org\/{rel}","templated":true}]}}