{"id":57335,"date":"2022-10-15T13:03:31","date_gmt":"2022-10-15T19:03:31","guid":{"rendered":"https:\/\/redsemlac.com\/semmexico\/?p=57335"},"modified":"2023-07-21T19:19:08","modified_gmt":"2023-07-22T00:19:08","slug":"dia-internacional-de-las-mujeres-rurales-crecio-su-pobreza-en-los-ultimos-4-anos","status":"publish","type":"post","link":"https:\/\/redsemlac.com\/semmexico\/dia-internacional-de-las-mujeres-rurales-crecio-su-pobreza-en-los-ultimos-4-anos\/","title":{"rendered":"<strong>D\u00eda Internacional de las Mujeres Rurales, creci\u00f3 su pobreza en los \u00faltimos 4 a\u00f1os<\/strong>"},"content":{"rendered":"\n<p class=\"wp-block-paragraph\"><strong>Foto Reportaje<\/strong><\/p>\n\n\n\n<p class=\"wp-block-paragraph\">Actualmente, las mujeres rurales constituyen una cuarta parte de la poblaci\u00f3n mundial. En M\u00e9xico, de los 66.4 millones de mujeres, 21.1 por ciento habitan en localidades rurales. Representan el 34 por ciento de la fuerza laboral, por lo que esta poblaci\u00f3n es responsable de m\u00e1s del 50 por ciento de la producci\u00f3n de alimentos en M\u00e9xico. En 2023 se anuncia una segunda Reforma Agraria, pero<strong> l<em>as proyecciones oficiales de presupuesto para 2023 tienen preocupados a los especialistas en mercados agr\u00edcolas, ya que se privilegian los programas insignia del presidente, pero descobija el financiamiento, los seguros y la cobertura de precios, en un contexto de incremento de la pobreza rural, desprotecci\u00f3n del campo ante el cambio clim\u00e1tico y las consecuencias de la guerra ruso-ucraniana.<\/em><\/strong><\/p>\n\n\n\n<figure class=\"wp-block-gallery has-nested-images columns-default is-cropped wp-block-gallery-1 is-layout-flex wp-block-gallery-is-layout-flex\">\n<figure class=\"wp-block-image size-large\"><a href=\"https:\/\/redsemlac.com\/semmexico\/wp-content\/uploads\/2022\/10\/dia-mujeres-22-02.jpg\"><img loading=\"lazy\" decoding=\"async\" width=\"960\" height=\"640\" data-id=\"57340\" src=\"https:\/\/redsemlac.com\/semmexico\/wp-content\/uploads\/2022\/10\/dia-mujeres-22-02.jpg\" alt=\"\" class=\"wp-image-57340\"\/><\/a><\/figure>\n\n\n\n<figure class=\"wp-block-image size-large\"><a href=\"https:\/\/redsemlac.com\/semmexico\/wp-content\/uploads\/2022\/10\/dia-mujeres-22-03.jpg\"><img loading=\"lazy\" decoding=\"async\" width=\"763\" height=\"505\" data-id=\"57338\" src=\"https:\/\/redsemlac.com\/semmexico\/wp-content\/uploads\/2022\/10\/dia-mujeres-22-03.jpg\" alt=\"\" class=\"wp-image-57338\"\/><\/a><\/figure>\n\n\n\n<figure class=\"wp-block-image size-large\"><a href=\"https:\/\/redsemlac.com\/semmexico\/wp-content\/uploads\/2022\/10\/dia-mujeres-22-04.jpg\"><img loading=\"lazy\" decoding=\"async\" width=\"760\" height=\"507\" data-id=\"57341\" src=\"https:\/\/redsemlac.com\/semmexico\/wp-content\/uploads\/2022\/10\/dia-mujeres-22-04.jpg\" alt=\"\" class=\"wp-image-57341\"\/><\/a><\/figure>\n\n\n\n<figure class=\"wp-block-image size-large\"><a href=\"https:\/\/redsemlac.com\/semmexico\/wp-content\/uploads\/2022\/10\/dia-mujeres-22-05.jpg\"><img loading=\"lazy\" decoding=\"async\" width=\"716\" height=\"478\" data-id=\"57339\" src=\"https:\/\/redsemlac.com\/semmexico\/wp-content\/uploads\/2022\/10\/dia-mujeres-22-05.jpg\" alt=\"\" class=\"wp-image-57339\"\/><\/a><\/figure>\n\n\n\n<figure class=\"wp-block-image size-large\"><a href=\"https:\/\/redsemlac.com\/semmexico\/wp-content\/uploads\/2022\/10\/dia-mujeres-22-06.jpg\"><img loading=\"lazy\" decoding=\"async\" width=\"640\" height=\"360\" data-id=\"57337\" src=\"https:\/\/redsemlac.com\/semmexico\/wp-content\/uploads\/2022\/10\/dia-mujeres-22-06.jpg\" alt=\"\" class=\"wp-image-57337\"\/><\/a><\/figure>\n<\/figure>\n\n\n\n<figure class=\"wp-block-gallery has-nested-images columns-default is-cropped wp-block-gallery-2 is-layout-flex wp-block-gallery-is-layout-flex\">\n<figure class=\"wp-block-image size-large\"><a href=\"https:\/\/redsemlac.com\/semmexico\/wp-content\/uploads\/2022\/10\/dia-mujeres-22-07.jpg\"><img loading=\"lazy\" decoding=\"async\" width=\"670\" height=\"391\" data-id=\"57342\" src=\"https:\/\/redsemlac.com\/semmexico\/wp-content\/uploads\/2022\/10\/dia-mujeres-22-07.jpg\" alt=\"\" class=\"wp-image-57342\"\/><\/a><\/figure>\n\n\n\n<figure class=\"wp-block-image size-large\"><a href=\"https:\/\/redsemlac.com\/semmexico\/wp-content\/uploads\/2022\/10\/dia-mujeres-22-08.jpg\"><img decoding=\"async\" data-id=\"57345\" src=\"https:\/\/redsemlac.com\/semmexico\/wp-content\/uploads\/2022\/10\/dia-mujeres-22-08-1024x682.jpg\" alt=\"\" class=\"wp-image-57345\"\/><\/a><\/figure>\n\n\n\n<figure class=\"wp-block-image size-large\"><a href=\"https:\/\/redsemlac.com\/semmexico\/wp-content\/uploads\/2022\/10\/dia-mujeres-22-09.jpg\"><img loading=\"lazy\" decoding=\"async\" width=\"800\" height=\"531\" data-id=\"57344\" src=\"https:\/\/redsemlac.com\/semmexico\/wp-content\/uploads\/2022\/10\/dia-mujeres-22-09.jpg\" alt=\"\" class=\"wp-image-57344\"\/><\/a><\/figure>\n\n\n\n<figure class=\"wp-block-image size-large\"><a href=\"https:\/\/redsemlac.com\/semmexico\/wp-content\/uploads\/2022\/10\/dia-mujeres-22-10.jpg\"><img decoding=\"async\" data-id=\"57346\" src=\"https:\/\/redsemlac.com\/semmexico\/wp-content\/uploads\/2022\/10\/dia-mujeres-22-10-1024x686.jpg\" alt=\"\" class=\"wp-image-57346\"\/><\/a><\/figure>\n\n\n\n<figure class=\"wp-block-image size-large\"><a href=\"https:\/\/redsemlac.com\/semmexico\/wp-content\/uploads\/2022\/10\/dia-mujeres-22-11.jpg\"><img loading=\"lazy\" decoding=\"async\" width=\"650\" height=\"364\" data-id=\"57343\" src=\"https:\/\/redsemlac.com\/semmexico\/wp-content\/uploads\/2022\/10\/dia-mujeres-22-11.jpg\" alt=\"\" class=\"wp-image-57343\"\/><\/a><\/figure>\n<\/figure>\n\n\n\n<figure class=\"wp-block-gallery has-nested-images columns-default is-cropped wp-block-gallery-3 is-layout-flex wp-block-gallery-is-layout-flex\">\n<figure class=\"wp-block-image size-large\"><a href=\"https:\/\/redsemlac.com\/semmexico\/wp-content\/uploads\/2022\/10\/dia-mujeres-22-12.jpg\"><img loading=\"lazy\" decoding=\"async\" width=\"900\" height=\"600\" data-id=\"57348\" src=\"https:\/\/redsemlac.com\/semmexico\/wp-content\/uploads\/2022\/10\/dia-mujeres-22-12.jpg\" alt=\"\" class=\"wp-image-57348\"\/><\/a><\/figure>\n\n\n\n<figure class=\"wp-block-image size-large\"><a href=\"https:\/\/redsemlac.com\/semmexico\/wp-content\/uploads\/2022\/10\/dia-mujeres-22-13.jpg\"><img loading=\"lazy\" decoding=\"async\" width=\"960\" height=\"640\" data-id=\"57349\" src=\"https:\/\/redsemlac.com\/semmexico\/wp-content\/uploads\/2022\/10\/dia-mujeres-22-13.jpg\" alt=\"\" class=\"wp-image-57349\"\/><\/a><\/figure>\n\n\n\n<figure class=\"wp-block-image size-large\"><a href=\"https:\/\/redsemlac.com\/semmexico\/wp-content\/uploads\/2022\/10\/dia-mujeres-22-14.jpg\"><img loading=\"lazy\" decoding=\"async\" width=\"720\" height=\"540\" data-id=\"57347\" src=\"https:\/\/redsemlac.com\/semmexico\/wp-content\/uploads\/2022\/10\/dia-mujeres-22-14.jpg\" alt=\"\" class=\"wp-image-57347\"\/><\/a><\/figure>\n<\/figure>\n","protected":false},"excerpt":{"rendered":"<p>Actualmente, las mujeres rurales constituyen una cuarta parte de la poblaci\u00f3n mundial. En M\u00e9xico, de los 66.4 millones de mujeres, 21.1 por ciento habitan en localidades rurales.<\/p>\n","protected":false},"author":3,"featured_media":57336,"comment_status":"open","ping_status":"open","sticky":false,"template":"","format":"standard","meta":{"_monsterinsights_skip_tracking":false,"footnotes":""},"categories":[693,54],"tags":[],"class_list":["post-57335","post","type-post","status-publish","format-standard","has-post-thumbnail","category-693","category-mujeres"],"_links":{"self":[{"href":"https:\/\/redsemlac.com\/semmexico\/wp-json\/wp\/v2\/posts\/57335","targetHints":{"allow":["GET"]}}],"collection":[{"href":"https:\/\/redsemlac.com\/semmexico\/wp-json\/wp\/v2\/posts"}],"about":[{"href":"https:\/\/redsemlac.com\/semmexico\/wp-json\/wp\/v2\/types\/post"}],"author":[{"embeddable":true,"href":"https:\/\/redsemlac.com\/semmexico\/wp-json\/wp\/v2\/users\/3"}],"replies":[{"embeddable":true,"href":"https:\/\/redsemlac.com\/semmexico\/wp-json\/wp\/v2\/comments?post=57335"}],"version-history":[{"count":0,"href":"https:\/\/redsemlac.com\/semmexico\/wp-json\/wp\/v2\/posts\/57335\/revisions"}],"wp:featuredmedia":[{"embeddable":true,"href":"https:\/\/redsemlac.com\/semmexico\/wp-json\/wp\/v2\/media\/57336"}],"wp:attachment":[{"href":"https:\/\/redsemlac.com\/semmexico\/wp-json\/wp\/v2\/media?parent=57335"}],"wp:term":[{"taxonomy":"category","embeddable":true,"href":"https:\/\/redsemlac.com\/semmexico\/wp-json\/wp\/v2\/categories?post=57335"},{"taxonomy":"post_tag","embeddable":true,"href":"https:\/\/redsemlac.com\/semmexico\/wp-json\/wp\/v2\/tags?post=57335"}],"curies":[{"name":"wp","href":"https:\/\/api.w.org\/{rel}","templated":true}]}}