{"id":57333,"date":"2022-10-15T12:56:10","date_gmt":"2022-10-15T18:56:10","guid":{"rendered":"https:\/\/redsemlac.com\/semmexico\/?p=57333"},"modified":"2023-07-21T19:19:08","modified_gmt":"2023-07-22T00:19:08","slug":"por-tratamiento-inadecuado-a-adolescente-de-17-anos-que-fallecio-cndh-emite-recomendacion","status":"publish","type":"post","link":"https:\/\/redsemlac.com\/semmexico\/por-tratamiento-inadecuado-a-adolescente-de-17-anos-que-fallecio-cndh-emite-recomendacion\/","title":{"rendered":"<strong>Por tratamiento inadecuado a adolescente de 17 a\u00f1os que falleci\u00f3, CNDH emite Recomendaci\u00f3n &nbsp;<\/strong>"},"content":{"rendered":"\n<p class=\"wp-block-paragraph\"><strong>Se pide investigaci\u00f3n por fiscal\u00eda y reparaci\u00f3n integral del da\u00f1o a familiares<\/strong><\/p>\n\n\n\n<p class=\"wp-block-paragraph\">Micaela M\u00e1rquez<\/p>\n\n\n\n<p class=\"wp-block-paragraph\">SemM\u00e9xico, Cd. de M\u00e9xico, 15 de octubre 2022.- Por inadecuada atenci\u00f3n m\u00e9dica a una adolescente de 17 a\u00f1os que falleci\u00f3 en el Hospital General Regional uno de Tijuana la Comisi\u00f3n Nacional de Derechos Humanos dirigi\u00f3 la Recomendaci\u00f3n 187\/2022 al Instituto Mexicano del Seguro Social para que se realice la investigaci\u00f3n, se sancione a quien resulte responsable y la reparaci\u00f3n integral del da\u00f1o a familiares de la v\u00edctima.<\/p>\n\n\n\n<p class=\"wp-block-paragraph\">En agosto de 2017 falleci\u00f3 la adolescente a la que se le diagnostic\u00f3 la enfermedad de \u201cGaucher\u201d (enfermedad hereditaria poco frecuente en donde una persona no tiene cantidad suficiente de la enzima glucocerebrosidasa, provocando una acumulaci\u00f3n de sustancias grasosas en el bazo, h\u00edgado, pulmones, huesos y, a veces, en el cerebro). Sin embargo, a trav\u00e9s de un diagn\u00f3stico terap\u00e9utico de un grupo de expertos del IMSS, se concluy\u00f3 que no era portadora de dicha enfermedad.<\/p>\n\n\n\n<p class=\"wp-block-paragraph\">En la queja de los familiares recibida por el organismo el 24 de abril de 2019, los familiares se\u00f1alan que el Grupo de Expertos descarto la enfermedad de \u201cGaucher\u201d el 28 de octubre de 2015, lo que hicieron saber al personal adscrito al HGR-1 el 25 de noviembre. Asimismo, recomendaron que fuera revalorada por el servicio de Gastroenterolog\u00eda Pedi\u00e1trica.<\/p>\n\n\n\n<p class=\"wp-block-paragraph\">Sin embargo, el personal m\u00e9dico sigui\u00f3 tratando a la paciente como si fuera portadora de la enfermedad de \u201cGaucher\u201d con el deterioro gradual de la salud de la v\u00edctima y posterior fallecimiento.<\/p>\n\n\n\n<p class=\"wp-block-paragraph\">El padecimiento real ameritaba un tratamiento quir\u00fargico, lo que ocasion\u00f3 que la paciente acudiera en reiteradas ocasiones al servicio de urgencias del HGR-1, por lo que, se considera, que estas omisiones impidieron descartar de manera precisa la enfermedad que cursaba, permitiendo que el padecimiento evolucionara.<\/p>\n\n\n\n<p class=\"wp-block-paragraph\">La CNDH cont\u00f3 con elementos que permitieron evidenciar violaciones a los derechos a la protecci\u00f3n de la salud, a la vida, al inter\u00e9s superior de la ni\u00f1ez, a la verdad, as\u00ed como al acceso a la informaci\u00f3n en materia de salud en agravio de la v\u00edctima, atribuibles a personal del IMSS.<\/p>\n\n\n\n<p class=\"wp-block-paragraph\">En la Recomendaci\u00f3n se solicita al director general del IMSS que colabore en el tr\u00e1mite ante la Comisi\u00f3n Ejecutiva de Atenci\u00f3n a V\u00edctimas, para la inscripci\u00f3n en el Registro Nacional de V\u00edctimas de quien por derecho corresponda.<\/p>\n\n\n\n<p class=\"wp-block-paragraph\">Una vez que esta emita el dictamen correspondiente se proceda a la inmediata reparaci\u00f3n integral del da\u00f1o que se le caus\u00f3 por el fallecimiento de la v\u00edctima, que incluya la compensaci\u00f3n justa en t\u00e9rminos de la Ley General de V\u00edctimas. Se les otorgue la atenci\u00f3n m\u00e9dica, tanatol\u00f3gica y psicol\u00f3gica que requieran, la cual deber\u00e1 brindarse por personal profesional especializado y de forma continua, atendiendo a sus necesidades espec\u00edficas, adem\u00e1s de proveerles en su caso los medicamentos que necesiten.<\/p>\n\n\n\n<p class=\"wp-block-paragraph\">Tambi\u00e9n se solicita colaboren ampliamente en las investigaciones por parte de la Fiscal\u00eda competente y se resuelva a lo que conforme a derecho proceda.<\/p>\n\n\n\n<p class=\"wp-block-paragraph\">Adem\u00e1s del curso de capacitaci\u00f3n sobre derechos humanos se pide la debida observancia al contenido de la Norma Oficial del Expediente Cl\u00ednico, la debida atenci\u00f3n y diagnostico a la enfermedad de \u201cGaucher\u201d a todo el personal m\u00e9dico y administrativo del HGR-1.<\/p>\n\n\n\n<p class=\"wp-block-paragraph\">Se debe emitir una circular dirigida al personal del HGR-1, que contenga las medidas adecuadas de prevenci\u00f3n y supervisi\u00f3n, y con ello se garantice que se agoten las instancias pertinentes con la finalidad de satisfacer los tratamientos m\u00e9dicos, conforme a lo dispuesto en la legislaci\u00f3n nacional e internacional.<\/p>\n\n\n\n<p class=\"wp-block-paragraph\">As\u00ed como proporcionar de forma oportuna, veraz, adecuada y completa, la informaci\u00f3n que se genere en relaci\u00f3n con la atenci\u00f3n que se brinde a los pacientes o derechohabientes y a sus familiares.<\/p>\n","protected":false},"excerpt":{"rendered":"<p>Por inadecuada atenci\u00f3n m\u00e9dica a una adolescente de 17 a\u00f1os que falleci\u00f3 en el Hospital General Regional uno de Tijuana la Comisi\u00f3n Nacional de Derechos Humanos dirigi\u00f3 la Recomendaci\u00f3n 187\/2022 al Instituto Mexicano del Seguro Social para que se realice la investigaci\u00f3n, se sancione a quien resulte responsable y la reparaci\u00f3n integral del da\u00f1o a familiares de la v\u00edctima.<\/p>\n","protected":false},"author":3,"featured_media":52254,"comment_status":"open","ping_status":"open","sticky":false,"template":"","format":"standard","meta":{"_monsterinsights_skip_tracking":false,"footnotes":""},"categories":[693,51],"tags":[],"class_list":["post-57333","post","type-post","status-publish","format-standard","has-post-thumbnail","category-693","category-ejecutivo"],"_links":{"self":[{"href":"https:\/\/redsemlac.com\/semmexico\/wp-json\/wp\/v2\/posts\/57333","targetHints":{"allow":["GET"]}}],"collection":[{"href":"https:\/\/redsemlac.com\/semmexico\/wp-json\/wp\/v2\/posts"}],"about":[{"href":"https:\/\/redsemlac.com\/semmexico\/wp-json\/wp\/v2\/types\/post"}],"author":[{"embeddable":true,"href":"https:\/\/redsemlac.com\/semmexico\/wp-json\/wp\/v2\/users\/3"}],"replies":[{"embeddable":true,"href":"https:\/\/redsemlac.com\/semmexico\/wp-json\/wp\/v2\/comments?post=57333"}],"version-history":[{"count":0,"href":"https:\/\/redsemlac.com\/semmexico\/wp-json\/wp\/v2\/posts\/57333\/revisions"}],"wp:featuredmedia":[{"embeddable":true,"href":"https:\/\/redsemlac.com\/semmexico\/wp-json\/wp\/v2\/media\/52254"}],"wp:attachment":[{"href":"https:\/\/redsemlac.com\/semmexico\/wp-json\/wp\/v2\/media?parent=57333"}],"wp:term":[{"taxonomy":"category","embeddable":true,"href":"https:\/\/redsemlac.com\/semmexico\/wp-json\/wp\/v2\/categories?post=57333"},{"taxonomy":"post_tag","embeddable":true,"href":"https:\/\/redsemlac.com\/semmexico\/wp-json\/wp\/v2\/tags?post=57333"}],"curies":[{"name":"wp","href":"https:\/\/api.w.org\/{rel}","templated":true}]}}