{"id":57322,"date":"2022-10-14T15:56:58","date_gmt":"2022-10-14T21:56:58","guid":{"rendered":"https:\/\/redsemlac.com\/semmexico\/?p=57322"},"modified":"2023-07-21T19:19:09","modified_gmt":"2023-07-22T00:19:09","slug":"mujeres-paradas-hombres-sentados-en-el-transporte-violeta","status":"publish","type":"post","link":"https:\/\/redsemlac.com\/semmexico\/mujeres-paradas-hombres-sentados-en-el-transporte-violeta\/","title":{"rendered":"Mujeres paradas, hombres sentados en el transporte violeta"},"content":{"rendered":"\n<p class=\"wp-block-paragraph\"><strong>M\u00f3nica Hern\u00e1ndez<\/strong><br>SemM\u00e9xico, Chilpancingo, Guerrero, 14 de octubre del 2022.- \u201cMujeres paradas y hombres sentados\u201d en transporte violeta, denuncia la activista Mar\u00eda Luisa Garfias Mar\u00edn.<\/p>\n\n\n\n<p class=\"wp-block-paragraph\"><br>A trav\u00e9s de su cuenta social, FB, la recipiendaria de la Presea Sentimientos de la Naci\u00f3n, denuncia a \u201cla unidad 577 del tomatal que forma parte del transporte violeta est\u00e1 subiendo hombres\u201d se\u00f1ala.<br>El programa Transporte Violeta, que inici\u00f3 la Gobernadora Evelyn Salgado Pineda, ha presentado tambi\u00e9n esa misma problem\u00e1tica en Acapulco que permiten transporte a hombres.<\/p>\n\n\n\n<p class=\"wp-block-paragraph\"><br>De acuerdo a los conductores de las unidades que est\u00e1n dentro del programa, el problema es para los choferes que \u201cno se logra cubrir la cuenta\u201d solo con prestar el servicio a las mujeres.<\/p>\n\n\n\n<p class=\"wp-block-paragraph\"><br>El programa Transporte Violeta, de acuerdo a la Gobernadora Evelyn Salgado Pineda, se dise\u00f1\u00f3 para dar seguridad a las mujeres sin sufrir acoso.<\/p>\n","protected":false},"excerpt":{"rendered":"<p>M\u00f3nica Hern\u00e1ndezSemM\u00e9xico, Chilpancingo, Guerrero, 14 de octubre del 2022.- \u201cMujeres paradas y hombres sentados\u201d en transporte violeta, denuncia la activista Mar\u00eda Luisa Garfias Mar\u00edn. A trav\u00e9s de su cuenta social, FB, la recipiendaria de la Presea Sentimientos de la Naci\u00f3n, denuncia a \u201cla unidad 577 del tomatal que forma parte del transporte violeta est\u00e1 subiendo [&hellip;]<\/p>\n","protected":false},"author":3,"featured_media":57323,"comment_status":"open","ping_status":"open","sticky":false,"template":"","format":"standard","meta":{"_monsterinsights_skip_tracking":false,"footnotes":""},"categories":[693,54],"tags":[],"class_list":["post-57322","post","type-post","status-publish","format-standard","has-post-thumbnail","category-693","category-mujeres"],"_links":{"self":[{"href":"https:\/\/redsemlac.com\/semmexico\/wp-json\/wp\/v2\/posts\/57322","targetHints":{"allow":["GET"]}}],"collection":[{"href":"https:\/\/redsemlac.com\/semmexico\/wp-json\/wp\/v2\/posts"}],"about":[{"href":"https:\/\/redsemlac.com\/semmexico\/wp-json\/wp\/v2\/types\/post"}],"author":[{"embeddable":true,"href":"https:\/\/redsemlac.com\/semmexico\/wp-json\/wp\/v2\/users\/3"}],"replies":[{"embeddable":true,"href":"https:\/\/redsemlac.com\/semmexico\/wp-json\/wp\/v2\/comments?post=57322"}],"version-history":[{"count":0,"href":"https:\/\/redsemlac.com\/semmexico\/wp-json\/wp\/v2\/posts\/57322\/revisions"}],"wp:featuredmedia":[{"embeddable":true,"href":"https:\/\/redsemlac.com\/semmexico\/wp-json\/wp\/v2\/media\/57323"}],"wp:attachment":[{"href":"https:\/\/redsemlac.com\/semmexico\/wp-json\/wp\/v2\/media?parent=57322"}],"wp:term":[{"taxonomy":"category","embeddable":true,"href":"https:\/\/redsemlac.com\/semmexico\/wp-json\/wp\/v2\/categories?post=57322"},{"taxonomy":"post_tag","embeddable":true,"href":"https:\/\/redsemlac.com\/semmexico\/wp-json\/wp\/v2\/tags?post=57322"}],"curies":[{"name":"wp","href":"https:\/\/api.w.org\/{rel}","templated":true}]}}