{"id":57319,"date":"2022-10-14T15:45:41","date_gmt":"2022-10-14T21:45:41","guid":{"rendered":"https:\/\/redsemlac.com\/semmexico\/?p=57319"},"modified":"2023-07-21T19:19:09","modified_gmt":"2023-07-22T00:19:09","slug":"jornaleras-y-jornaleros-sin-apoyo-de-ningun-gobierno","status":"publish","type":"post","link":"https:\/\/redsemlac.com\/semmexico\/jornaleras-y-jornaleros-sin-apoyo-de-ningun-gobierno\/","title":{"rendered":"Jornaleras y jornaleros sin apoyo de ning\u00fan gobierno"},"content":{"rendered":"\n<ul class=\"wp-block-list\"><li>Gobierno federal abandon\u00f3 el \u00fanico programa que daba a trav\u00e9s de SEDESOL.<\/li><li> Sin condiciones de salud ni alimentaci\u00f3n por el gobierno estatal.<\/li><li>Dan plazo al gobierno para resolver.<\/li><\/ul>\n\n\n\n<p class=\"wp-block-paragraph\"><br><strong>Isabel Ortega Morales<\/strong><br>SemM\u00e9xico\/Ceprovysa, Tlapa de Comonfort, Guerrero, 14 de octubre del 2022.- Hermelinda Santiago R\u00edos, es directa \u201chay programas innecesarios como carreteras en mal estado, Diputados que nos abrazan en campa\u00f1a y no nos atienden si no votaste por mi, migramos con la familia por necesidad\u201d, dice al tiempo que se\u00f1ala \u201cesperamos respuesta buena para nosotros\u201d.<\/p>\n\n\n\n<p class=\"wp-block-paragraph\"><br>Y es que las y los jornaleros agr\u00edcolas denuncian en conferencia de prensa desde la Casa del Migrante, en Tlapa de Comonfort, abandono de los tres \u00f3rdenes de gobierno. Y citan como ejemplo la visita de la Secretaria de Salud, Aid\u00e9 Ibarez, y de la de Asuntos Ind\u00edgenas, Reyna Mej\u00eda, que fueron, pero sin soluciones de fondo y que hasta el momento no han resuelto la petici\u00f3n de una reuni\u00f3n que les ayude a solucionar los problemas que tienen, desde la alimentaci\u00f3n en el tiempo de espera del traslado, durante el mismo traslado y el destino, as\u00ed como la falta de alimentos \u201csolo trajo Reyna 100 despensas\u201d y no ha vuelto.<\/p>\n\n\n\n<p class=\"wp-block-paragraph\"><br>Esta Casa del Migrante ha atendido en el lapso enero \u2013 agosto, considerado el m\u00e1s bajo para migrar a los campos de cultivo del norte del pa\u00eds, a 8 mil 81 jornaleras y jornaleros agr\u00edcolas y sus familias, dice el representante del Centro de Derechos Humanos \u201cTlachinollan\u201d, y esperan el arribo \u201cde miles despu\u00e9s del d\u00eda de muertos\u201d cuando viene la temporada m\u00e1s elevada de migraci\u00f3n que puede tener una duraci\u00f3n de seis meses.<\/p>\n\n\n\n<p class=\"wp-block-paragraph\"><br>Miguel Mart\u00ednez Peralta, responsable de la Casa del Migrante, ubicada en la Unidad de Servicios Integrales de la Monta\u00f1a, USI, se\u00f1ala \u201cdesinter\u00e9s del gobierno en sus tres \u00f3rdenes, y tambi\u00e9n del \u00e1mbito legislativo que tienen abandonado y descobijado a las y los migrantes\u201d.<\/p>\n\n\n\n<p class=\"wp-block-paragraph\"><br>Denuncia que la Secretaria de Asuntos Ind\u00edgenas \u201cno ha sabido de ella\u201d cuando hab\u00eda compromiso para buscar una reuni\u00f3n en septiembre que solucione los problemas que tienen las y los jornaleros agr\u00edcolas.<br>Entre estos problemas, expone Roc\u00edo, madre jornalera, est\u00e1n que hay mujeres que viajan embarazadas y no tiene atenci\u00f3n m\u00e9dica, solo de enfermer\u00eda en la Casa del Migrante, y que las familias no tienen condiciones de salud ni alimentaci\u00f3n para el viaje, ni al lugar de destino, donde, apunta \u201cvamos al surco con nuestros hijos, con el peligro\u201d porque, denuncia \u201cvivimos en casas de l\u00e1mina de cart\u00f3n y con chinches\u201d y agrega \u201ctrabajamos como animales, no importa si estamos embarazadas o enfermas\u201d<\/p>\n\n\n\n<h2 class=\"wp-block-heading\">Ha hecho falta voluntad<\/h2>\n\n\n\n<p class=\"wp-block-paragraph\">Para Tlachinollan, para atender la situaci\u00f3n de las y los migrantes \u201cno hay inter\u00e9s, ha hecho falta voluntad para cobijar a jornaleros\u201d.<\/p>\n\n\n\n<p class=\"wp-block-paragraph\">Denuncian explotaci\u00f3n laboral en los campos de cultivo tanto de patrones como de rancheros. Se\u00f1ala el organismo defensor de Derechos Humanos de la Monta\u00f1a que est\u00e1n buscando que el pago del jornal diario sea de 300 pesos m\u00ednimo y no el que reciben actualmente que es de 195.04, mismo que, indica, se queda en las tiendas de raya donde el pago por productos de la canasta b\u00e1sica son elevados y para cubrir la estad\u00eda de seis meses, pr\u00e1cticamente se queda ah\u00ed lo que ganan.<\/p>\n\n\n\n<p class=\"wp-block-paragraph\">Informa que la migraci\u00f3n en tiempos de pandemia fue elevada. En el a\u00f1o 2020 migraron 12 mil 422, en el a\u00f1o 2021 la migraci\u00f3n de jornaleras y jornaleros agr\u00edcolas fue de 14 mil 732 y consideran que este a\u00f1o sea m\u00e1s elevada ya que el registro de la temporada baja est\u00e1 en 8 mil 81.<\/p>\n\n\n\n<p class=\"wp-block-paragraph\">Por ello, indican, es importante una reuni\u00f3n que de soluci\u00f3n a los problemas que tienen. Por ejemplo el traslado de personas que pierden la vida en los campos de cultivo o en el trayecto. Y se\u00f1ala el caso de una menor, Jaquelin, que perdi\u00f3 la vida luego de un accidente en Michoac\u00e1n en las v\u00edas del tren, el pasado 7 de octubre del a\u00f1o en curso. O el caso del 23 de abril de 2021 donde una familia perdi\u00f3 la vida en Jalisco.<\/p>\n\n\n\n<p class=\"wp-block-paragraph\">El costo de los traslados fluct\u00faa entre los 35 a los 65 mil seg\u00fan la distancia.<\/p>\n\n\n\n<p class=\"wp-block-paragraph\">Previo al inicio de la migraci\u00f3n de las y los jornaleros agr\u00edcolas en la temporada m\u00e1s alta, denuncian inacci\u00f3n del gobierno.<\/p>\n\n\n\n<p class=\"wp-block-paragraph\">Por ello, el responsable de la Casa del Jornalero da un plazo a las autoridades para tener una respuesta. Si el lunes 17 del mes en curso no han tenido resultado a sus peticiones, como el de la inseguridad que vive la misma sede donde han entrado ladrones por la falta de un port\u00f3n en el acceso principal, as\u00ed como la falta de literas, alimentos, m\u00e9dicos y medicinas, entre otros, tomar\u00e1n nuevas medidas, sin indicar cuales ser\u00e1n.<br>SEM\/MG<\/p>\n","protected":false},"excerpt":{"rendered":"<p>Gobierno federal abandon\u00f3 el \u00fanico programa que daba a trav\u00e9s de SEDESOL. Sin condiciones de salud ni alimentaci\u00f3n por el gobierno estatal. Dan plazo al gobierno para resolver. Isabel Ortega MoralesSemM\u00e9xico\/Ceprovysa, Tlapa de Comonfort, Guerrero, 14 de octubre del 2022.- Hermelinda Santiago R\u00edos, es directa \u201chay programas innecesarios como carreteras en mal estado, Diputados que [&hellip;]<\/p>\n","protected":false},"author":3,"featured_media":57320,"comment_status":"open","ping_status":"open","sticky":false,"template":"","format":"standard","meta":{"_monsterinsights_skip_tracking":false,"footnotes":""},"categories":[693,54],"tags":[],"class_list":["post-57319","post","type-post","status-publish","format-standard","has-post-thumbnail","category-693","category-mujeres"],"_links":{"self":[{"href":"https:\/\/redsemlac.com\/semmexico\/wp-json\/wp\/v2\/posts\/57319","targetHints":{"allow":["GET"]}}],"collection":[{"href":"https:\/\/redsemlac.com\/semmexico\/wp-json\/wp\/v2\/posts"}],"about":[{"href":"https:\/\/redsemlac.com\/semmexico\/wp-json\/wp\/v2\/types\/post"}],"author":[{"embeddable":true,"href":"https:\/\/redsemlac.com\/semmexico\/wp-json\/wp\/v2\/users\/3"}],"replies":[{"embeddable":true,"href":"https:\/\/redsemlac.com\/semmexico\/wp-json\/wp\/v2\/comments?post=57319"}],"version-history":[{"count":0,"href":"https:\/\/redsemlac.com\/semmexico\/wp-json\/wp\/v2\/posts\/57319\/revisions"}],"wp:featuredmedia":[{"embeddable":true,"href":"https:\/\/redsemlac.com\/semmexico\/wp-json\/wp\/v2\/media\/57320"}],"wp:attachment":[{"href":"https:\/\/redsemlac.com\/semmexico\/wp-json\/wp\/v2\/media?parent=57319"}],"wp:term":[{"taxonomy":"category","embeddable":true,"href":"https:\/\/redsemlac.com\/semmexico\/wp-json\/wp\/v2\/categories?post=57319"},{"taxonomy":"post_tag","embeddable":true,"href":"https:\/\/redsemlac.com\/semmexico\/wp-json\/wp\/v2\/tags?post=57319"}],"curies":[{"name":"wp","href":"https:\/\/api.w.org\/{rel}","templated":true}]}}