{"id":57200,"date":"2022-10-12T08:27:25","date_gmt":"2022-10-12T14:27:25","guid":{"rendered":"https:\/\/redsemlac.com\/semmexico\/?p=57200"},"modified":"2023-07-21T19:18:22","modified_gmt":"2023-07-22T00:18:22","slug":"por-el-derecho-de-las-mujeres-a-la-igualdad-sustantiva-y-paridad-de-genero-reformas-a-la-constitucion-politica-ana-lenis-resendiz-promovente","status":"publish","type":"post","link":"https:\/\/redsemlac.com\/semmexico\/por-el-derecho-de-las-mujeres-a-la-igualdad-sustantiva-y-paridad-de-genero-reformas-a-la-constitucion-politica-ana-lenis-resendiz-promovente\/","title":{"rendered":"Por el derecho de las mujeres a la igualdad sustantiva y paridad de g\u00e9nero, reformas a la Constituci\u00f3n Pol\u00edtica, Ana Lenis Res\u00e9ndiz promovente"},"content":{"rendered":"\n<ul class=\"wp-block-list\"><li><strong>Res\u00e9ndiz Javier subray\u00f3 que la igualdad sustantiva en la participaci\u00f3n pol\u00edtica es un derecho y una condici\u00f3n fundamental para el desarrollo de una naci\u00f3n.<\/strong><strong><\/strong><\/li><\/ul>\n\n\n\n<p class=\"wp-block-paragraph\"><strong>Josefina Aguilar Pastor<\/strong><\/p>\n\n\n\n<p class=\"wp-block-paragraph\">SemM\u00e9xico, Chilpancingo, Guerrero, 12 de octubre del 2022.- Propone la diputada local Ana Lenis Res\u00e9ndiz Javier, reformar la Constituci\u00f3n Pol\u00edtica Local para incluir el derecho de las mujeres a la igualdad sustantiva y la paridad de g\u00e9nero; obligando a las autoridades a adoptar las medidas necesarias, temporales y permanentes para erradicar la discriminaci\u00f3n, la desigualdad de g\u00e9nero y toda forma de violencia contra ellas.<\/p>\n\n\n\n<p class=\"wp-block-paragraph\">En la sesi\u00f3n de este mi\u00e9rcoles, la diputada panista, expuso que a pesar de los diversos tratados internacionales, declaraciones universales y leyes locales-federales para la Igualdad entre Mujeres y Hombres, de Acceso de las Mujeres a una Vida Libre de Violencia y el Instituto Nacional de las Mujeres, la participaci\u00f3n de este sector a\u00fan es limitada.<\/p>\n\n\n\n<p class=\"wp-block-paragraph\">\u201cNo basta con plasmar el derecho a la igualdad y no discriminaci\u00f3n en un cuerpo normativo; es necesario que en el ejercicio efectivo de la participaci\u00f3n pol\u00edtica se aplique de forma igualitaria, lo cual quiere decir que para lograr la igualdad sustantiva debemos visibilizar la visi\u00f3n cultural inequitativa y, por lo tanto, aplicar las pol\u00edticas p\u00fablicas necesarias para equilibrar la balanza\u201d, recalc\u00f3.<\/p>\n\n\n\n<p class=\"wp-block-paragraph\">Res\u00e9ndiz Javier subray\u00f3 que la igualdad sustantiva en la participaci\u00f3n pol\u00edtica es un derecho y una condici\u00f3n fundamental para el desarrollo de una naci\u00f3n, y que por ello es fundamental que el Estado contribuya con medidas y acciones espec\u00edficas que alienten la vida productiva de las mujeres.<\/p>\n\n\n\n<p class=\"wp-block-paragraph\">En ese sentido, especific\u00f3 que la igualdad sustantiva es el acceso al mismo trato y oportunidades para el reconocimiento, goce o ejercicio de los derechos humanos y las libertades fundamentales, y que los gobiernos deben implementar pol\u00edticas y programas p\u00fablicos eficaces, orientados a mejorar las oportunidades y condiciones de vida de las mujeres.<\/p>\n\n\n\n<p class=\"wp-block-paragraph\">Esta iniciativa que plantea adicionar la fracci\u00f3n XI al numeral 1 del art\u00edculo 6 de la Constituci\u00f3n Pol\u00edtica del Estado fue turnada a la Comisi\u00f3n de Estudios Constitucionales y Jur\u00eddicos, para su correspondiente an\u00e1lisis y emisi\u00f3n del dictamen.<\/p>\n\n\n\n<p class=\"wp-block-paragraph\">\u201cSin duda, el reconocimiento de los derechos de las mujeres en la Constituci\u00f3n Pol\u00edtica Local, representar\u00e1 un importante avance en materia de igualdad de g\u00e9nero, poniendo a nuestra Constituci\u00f3n a la vanguardia, y que estos derechos no solo se vean materializados en los cuerpos normativos, sino en las condiciones de todos los aspectos de la vida de las mujeres\u201d, acot\u00f3 la diputada panista.<\/p>\n\n\n\n<p class=\"wp-block-paragraph\">La iniciativa fue turnada a la Comisi\u00f3n de Estudios Constitucionales y Jur\u00eddicos, para sus an\u00e1lisis.<\/p>\n\n\n\n<p class=\"wp-block-paragraph\">SEM\/MG<\/p>\n","protected":false},"excerpt":{"rendered":"<p>Res\u00e9ndiz Javier subray\u00f3 que la igualdad sustantiva en la participaci\u00f3n pol\u00edtica es un derecho y una condici\u00f3n fundamental para el desarrollo de una naci\u00f3n.<\/p>\n","protected":false},"author":3,"featured_media":57201,"comment_status":"open","ping_status":"open","sticky":false,"template":"","format":"standard","meta":{"_monsterinsights_skip_tracking":false,"footnotes":""},"categories":[693,50],"tags":[144],"class_list":["post-57200","post","type-post","status-publish","format-standard","has-post-thumbnail","category-693","category-congreso","tag-guerrero"],"_links":{"self":[{"href":"https:\/\/redsemlac.com\/semmexico\/wp-json\/wp\/v2\/posts\/57200","targetHints":{"allow":["GET"]}}],"collection":[{"href":"https:\/\/redsemlac.com\/semmexico\/wp-json\/wp\/v2\/posts"}],"about":[{"href":"https:\/\/redsemlac.com\/semmexico\/wp-json\/wp\/v2\/types\/post"}],"author":[{"embeddable":true,"href":"https:\/\/redsemlac.com\/semmexico\/wp-json\/wp\/v2\/users\/3"}],"replies":[{"embeddable":true,"href":"https:\/\/redsemlac.com\/semmexico\/wp-json\/wp\/v2\/comments?post=57200"}],"version-history":[{"count":0,"href":"https:\/\/redsemlac.com\/semmexico\/wp-json\/wp\/v2\/posts\/57200\/revisions"}],"wp:featuredmedia":[{"embeddable":true,"href":"https:\/\/redsemlac.com\/semmexico\/wp-json\/wp\/v2\/media\/57201"}],"wp:attachment":[{"href":"https:\/\/redsemlac.com\/semmexico\/wp-json\/wp\/v2\/media?parent=57200"}],"wp:term":[{"taxonomy":"category","embeddable":true,"href":"https:\/\/redsemlac.com\/semmexico\/wp-json\/wp\/v2\/categories?post=57200"},{"taxonomy":"post_tag","embeddable":true,"href":"https:\/\/redsemlac.com\/semmexico\/wp-json\/wp\/v2\/tags?post=57200"}],"curies":[{"name":"wp","href":"https:\/\/api.w.org\/{rel}","templated":true}]}}