{"id":57197,"date":"2022-10-11T18:56:19","date_gmt":"2022-10-12T00:56:19","guid":{"rendered":"https:\/\/redsemlac.com\/semmexico\/?p=57197"},"modified":"2023-07-21T19:18:22","modified_gmt":"2023-07-22T00:18:22","slug":"gano-la-escritora-malva-flores-el-premio-internacional-alfonso-reyes-2022","status":"publish","type":"post","link":"https:\/\/redsemlac.com\/semmexico\/gano-la-escritora-malva-flores-el-premio-internacional-alfonso-reyes-2022\/","title":{"rendered":"Gan\u00f3 la escritora Malva Flores el Premio Internacional Alfonso Reyes 2022"},"content":{"rendered":"\n<ul class=\"wp-block-list\"><li><strong>La autora mexicana fue distinguida con el reconocimiento debido a su trayectoria y vocaci\u00f3n como escritora, investigadora, cr\u00edtica y docente.&nbsp;<\/strong><\/li><li><strong>Liliana Weinberg, Adolfo Casta\u00f1\u00f3n y H\u00e9ctor Perea integraron el jurado.<\/strong><\/li><\/ul>\n\n\n\n<p class=\"wp-block-paragraph\"><strong>Redacci\u00f3n<\/strong><\/p>\n\n\n\n<p class=\"wp-block-paragraph\">SemM\u00e9xico, Ciudad de M\u00e9xico, 11 de octubre del 2022.- La Secretar\u00eda de Cultura del Gobierno de M\u00e9xico y el Instituto Nacional de Bellas Artes y Literatura (INBAL), a trav\u00e9s de la Coordinaci\u00f3n Nacional de Literatura (CNL), en conjunto con la Universidad Aut\u00f3noma de Nuevo Le\u00f3n (UANL) y la Sociedad Alfonsina Internacional informaron que la escritora Mar\u00eda Malva Flores Garc\u00eda es la ganadora del Premio Internacional Alfonso Reyes 2022.<\/p>\n\n\n\n<p class=\"wp-block-paragraph\">El jurado, integrado por Liliana Weinberg, Adolfo Casta\u00f1\u00f3n y H\u00e9ctor Perea, otorg\u00f3 por unanimidad el reconocimiento a la escritora mexicana, gracias a su amplia labor po\u00e9tica y narrativa, as\u00ed como por su trayectoria como investigadora, cr\u00edtica, docente y editora.<\/p>\n\n\n\n<p class=\"wp-block-paragraph\">En el acta deliberativa, integrantes del jurado afirmaron que el perfil literario de la autora \u201cconcuerda con las diversas facetas de la obra y la experiencia de Alfonso Reyes\u201d. Asimismo, destacaron la trascendencia que la obra de la ganadora tiene dentro y fuera de M\u00e9xico.<\/p>\n\n\n\n<p class=\"wp-block-paragraph\">\u201cA su muy amplia labor en prosa, due\u00f1a de varios registros, se a\u00f1ade una esmerada obra po\u00e9tica, de resonancia nacional e internacional. El jurado ha tenido en cuenta tambi\u00e9n su relevante trayectoria como investigadora, cr\u00edtica, docente y editora. La consistencia y constancia de su vocaci\u00f3n, afirmada en su obra ensay\u00edstica, cr\u00edtica y po\u00e9tica, ha sido avalada por sus numerosos lectores, as\u00ed como por significativos reconocimientos y premios\u201d, indicaron en el documento.<\/p>\n\n\n\n<p class=\"wp-block-paragraph\">El Premio Internacional Alfonso Reyes reconocer\u00e1 a la ganadora, de manera \u00fanica e indivisible, con un diploma y la cantidad de 300 mil pesos. La ceremonia de premiaci\u00f3n se realizar\u00e1 el pr\u00f3ximo 18 de noviembre en la Capilla Alfonsina, de Monterrey, Nuevo Le\u00f3n.<\/p>\n\n\n\n<p class=\"wp-block-paragraph\">Malva Flores naci\u00f3 en la Ciudad de M\u00e9xico (1961), tiene la Licenciatura en Lengua y Literaturas Hisp\u00e1nicas, as\u00ed como la maestr\u00eda y doctorado en Letras Mexicanas, en la Facultad de Filosof\u00eda y Letras de la Universidad Nacional Aut\u00f3noma de M\u00e9xico (UNAM). Actualmente es investigadora de tiempo completo en el Instituto de Investigaciones Ling\u00fc\u00edstico-Literarias de la Universidad Veracruzana (UV).<\/p>\n\n\n\n<p class=\"wp-block-paragraph\">Ha sido miembro del Sistema Nacional de Investigadores (SIN), nivel 1; y del Sistema Nacional de Creadores de Arte (SNCA), as\u00ed como becaria por parte del Consejo Nacional de Ciencia y Tecnolog\u00eda (CONACYT) y del Fondo Nacional para la Cultura y las Artes (FONCA) en las \u00e1reas de poes\u00eda y ensayo, respectivamente.<\/p>\n\n\n\n<p class=\"wp-block-paragraph\">Su amplia trayectoria ha sido distinguida con el Premio Xavier Villaurrutia de Escritores para Escritores 2020, el Premio Nacional de Ensayo Jos\u00e9 Revueltas 2006, el Premio Nacional de Poes\u00eda Aguascalientes 1999 y el Premio Nacional de Poes\u00eda Joven El\u00edas Nandino 1991.<\/p>\n\n\n\n<p class=\"wp-block-paragraph\">Como jurado, destaca su participaci\u00f3n dentro del Premio Nacional de Artes y Literatura 2020, organizado por el FONCA; del Premio Nacional de Poes\u00eda Aguascalientes 2011, Premio Carlos Pellicer para Obra Publicada 2001, Premio Nacional de Literatura Gilberto Owen 2000 y del Concurso Nacional de Poes\u00eda Enriqueta Ochoa, convocados por el INBAL. Tambi\u00e9n ha participado como miembro dictaminador en las ediciones 2006 y 2008 del Premio Jos\u00e9 Emilio Pacheco que otorga la UV.<\/p>\n\n\n\n<p class=\"wp-block-paragraph\">Entre sus publicaciones sobresalen los libros Estrella de dos puntas. Octavio Paz y Carlos Fuentes. Cr\u00f3nica de una amistad (2020), El ocaso de los poetas intelectuales. Poes\u00eda y pol\u00edtica (2010), Casa n\u00f3mada (1999) y Pasi\u00f3n de caza (1993).<\/p>\n\n\n\n<p class=\"wp-block-paragraph\">Ha colaborado en publicaciones peri\u00f3dicas como Cuadernos Hispanoamericanos, Literal. Lat\u00edn American Voices, Literal Magazine, Letras Libres, El Cultural 323, Liber 10 y Confabulario.&nbsp;<\/p>\n\n\n\n<p class=\"wp-block-paragraph\">Su obra literaria ha sido traducida al holand\u00e9s, ingl\u00e9s, italiano, japon\u00e9s y portugu\u00e9s.<\/p>\n\n\n\n<p class=\"wp-block-paragraph\">Medio siglo de historia y reconocimiento a la trayectoria literaria.<\/p>\n\n\n\n<p class=\"wp-block-paragraph\">El Premio Internacional Alfonso Reyes surgi\u00f3 en 1972 por iniciativa del poeta, narrador, dramaturgo y periodista cultural Alfredo Zendejas, con la finalidad de reconocer las grandes aportaciones intelectuales y culturales del autor regiomontano. En su primera edici\u00f3n, realizada en 1973, la distinci\u00f3n se otorg\u00f3 al escritor argentino Jorge Luis Borges.<\/p>\n\n\n\n<p class=\"wp-block-paragraph\">Inicialmente la convocatoria estipulaba que la persona premiada deb\u00eda contar con una trayectoria reconocida universalmente gracias a sus investigaciones; asimismo, que en su trabajo se refiriera al \u00e1mbito de las letras y la historia de M\u00e9xico, adem\u00e1s de haber mantenido una relaci\u00f3n estrecha con Alfonso Reyes.<\/p>\n\n\n\n<p class=\"wp-block-paragraph\">En la actualidad, las bases establecen que las y los aspirantes de cualquier g\u00e9nero, nacionalidad o lengua, incluyendo las estipuladas en el Cat\u00e1logo de Lenguas Ind\u00edgenas Nacionales, deber\u00e1n contar con una trayectoria amplia en el campo de las humanidades, enfocada a difundir la cultura mexicana a trav\u00e9s de los diversos g\u00e9neros literarios.<\/p>\n\n\n\n<p class=\"wp-block-paragraph\">Durante estas cinco d\u00e9cadas han obtenido este reconocimiento: Alejo Carpentier (1975), Paulette Patout (1983), Rub\u00e9n Bonifaz Nu\u00f1o (1984), Octavio Paz (1985), Al\u00ed Chumacero (1986), Laurette S\u00e9journ\u00e9 (1989), Juan Jos\u00e9 Arreola (1995), Miguel Le\u00f3n-Portilla (2001), Jos\u00e9 Emilio Pacheco (2004), Margit Frenk (2006), Ernesto de la Pe\u00f1a (2008), Eduardo Lizalde (2011), Fernando del Paso (2013), Ida Vitale (2014), H\u00e9ctor Manuel Perea Enr\u00edquez (2019), Carlos Garc\u00eda Gual (2020) y Liliana Weinberg (2021).<\/p>\n\n\n\n<p class=\"wp-block-paragraph\">SEM\/MG<\/p>\n","protected":false},"excerpt":{"rendered":"<p>La autora mexicana fue distinguida con el reconocimiento debido a su trayectoria y vocaci\u00f3n como escritora, investigadora, cr\u00edtica y docente.\u00a0<\/p>\n","protected":false},"author":3,"featured_media":57198,"comment_status":"open","ping_status":"open","sticky":false,"template":"","format":"standard","meta":{"_monsterinsights_skip_tracking":false,"footnotes":""},"categories":[693,45,46],"tags":[],"class_list":["post-57197","post","type-post","status-publish","format-standard","has-post-thumbnail","category-693","category-cultura","category-cultura-cultura"],"_links":{"self":[{"href":"https:\/\/redsemlac.com\/semmexico\/wp-json\/wp\/v2\/posts\/57197","targetHints":{"allow":["GET"]}}],"collection":[{"href":"https:\/\/redsemlac.com\/semmexico\/wp-json\/wp\/v2\/posts"}],"about":[{"href":"https:\/\/redsemlac.com\/semmexico\/wp-json\/wp\/v2\/types\/post"}],"author":[{"embeddable":true,"href":"https:\/\/redsemlac.com\/semmexico\/wp-json\/wp\/v2\/users\/3"}],"replies":[{"embeddable":true,"href":"https:\/\/redsemlac.com\/semmexico\/wp-json\/wp\/v2\/comments?post=57197"}],"version-history":[{"count":0,"href":"https:\/\/redsemlac.com\/semmexico\/wp-json\/wp\/v2\/posts\/57197\/revisions"}],"wp:featuredmedia":[{"embeddable":true,"href":"https:\/\/redsemlac.com\/semmexico\/wp-json\/wp\/v2\/media\/57198"}],"wp:attachment":[{"href":"https:\/\/redsemlac.com\/semmexico\/wp-json\/wp\/v2\/media?parent=57197"}],"wp:term":[{"taxonomy":"category","embeddable":true,"href":"https:\/\/redsemlac.com\/semmexico\/wp-json\/wp\/v2\/categories?post=57197"},{"taxonomy":"post_tag","embeddable":true,"href":"https:\/\/redsemlac.com\/semmexico\/wp-json\/wp\/v2\/tags?post=57197"}],"curies":[{"name":"wp","href":"https:\/\/api.w.org\/{rel}","templated":true}]}}