{"id":57180,"date":"2022-10-11T13:48:39","date_gmt":"2022-10-11T19:48:39","guid":{"rendered":"https:\/\/redsemlac.com\/semmexico\/?p=57180"},"modified":"2023-07-21T19:18:23","modified_gmt":"2023-07-22T00:18:23","slug":"aprueban-el-matrimonio-igualitario-en-edomex-tras-15-anos-de-espera","status":"publish","type":"post","link":"https:\/\/redsemlac.com\/semmexico\/aprueban-el-matrimonio-igualitario-en-edomex-tras-15-anos-de-espera\/","title":{"rendered":"Aprueban el matrimonio igualitario en Edomex tras 15 a\u00f1os de espera"},"content":{"rendered":"\n<ul class=\"wp-block-list\"><li><strong>El pasado 29 de septiembre, diputados\/as que integran dichas comisiones, aprobaron los matrimonios igualitarios por mayor\u00eda de votos.<\/strong><\/li><\/ul>\n\n\n\n<p class=\"wp-block-paragraph\"><strong>Rub\u00e9n P\u00e9rez<\/strong>\/Fotos: El Sol de Toluca<\/p>\n\n\n\n<p class=\"wp-block-paragraph\">SemM\u00e9xico\/LaPrensa, Ciudad de M\u00e9xico, 11 de octubre del 2022.- El&nbsp;Congreso del Estado de M\u00e9xico&nbsp;aprob\u00f3 en lo general el&nbsp;matrimonio igualitario&nbsp;que estuvo en espera durante 15 a\u00f1os. Con ello, la entidad se convierte en la entidad&nbsp;n\u00famero 29&nbsp;del pa\u00eds en reformar el C\u00f3digo Civil que permite el&nbsp;matrimonio entre personas del mismo sexo.<\/p>\n\n\n\n<p class=\"wp-block-paragraph\">El dictamen fue aprobado con&nbsp;50 votos a favor&nbsp;en su mayor\u00eda de las bancadas promoventes. Tras la aprobaci\u00f3n falta la discusi\u00f3n en lo particular, en la que cada diputado\/a del Congreso dar\u00e1 su punto de vista para dar paso a la votaci\u00f3n.<\/p>\n\n\n\n<p class=\"wp-block-paragraph\">Los proyectos fueron presentados por los grupos parlamentarios de&nbsp;Morena y del PRD, mismos que ya fueron formulados por las&nbsp;Comisiones Legislativas de Gobernaci\u00f3n y Puntos.<\/p>\n\n\n\n<figure class=\"wp-block-image size-full\"><a href=\"https:\/\/redsemlac.com\/semmexico\/wp-content\/uploads\/2022\/10\/matrimonio-1-1.jpg\"><img loading=\"lazy\" decoding=\"async\" width=\"768\" height=\"479\" src=\"https:\/\/redsemlac.com\/semmexico\/wp-content\/uploads\/2022\/10\/matrimonio-1-1.jpg\" alt=\"\" class=\"wp-image-57184\"\/><\/a><\/figure>\n\n\n\n<p class=\"wp-block-paragraph\">Tambi\u00e9n durante la sesi\u00f3n el diputado del&nbsp;PAN, Francisco Santos&nbsp;se\u00f1al\u00f3 se sumar\u00eda al proyecto y la coordinadora del&nbsp;PVEM, Mar\u00eda Luisa Mendoza Mondrag\u00f3n.<\/p>\n\n\n\n<p class=\"wp-block-paragraph\">Los diputados\/as a favor del punto de acuerdo utilizaron&nbsp;pa\u00f1uelos o corbatas alusivas a la bandera del orgullo gay.<\/p>\n\n\n\n<p class=\"wp-block-paragraph\">En el pa\u00eds falta por legislar en matrimonios igualitarios los estados de&nbsp;Guerrero, Tamaulipas y Tabasco.<\/p>\n\n\n\n<p class=\"wp-block-paragraph\">El dictamen autorizado establece reformas y adiciones al C\u00f3digo Civil, en particular al&nbsp;Libro Cuarto del Derecho Familiar Titulo Primero de la Familia y el Matrimonio, en particular de los requisitos para contraer matrimonio y del T\u00edtulo D\u00e9cimo Tercero del Concubinato, as\u00ed como la definici\u00f3n del concubinato y los Derechos y obligaciones que nacen del concubinato.<\/p>\n\n\n\n<p class=\"wp-block-paragraph\">SEM\/MG<\/p>\n","protected":false},"excerpt":{"rendered":"<p>El\u00a0Congreso del Estado de M\u00e9xico\u00a0aprob\u00f3 en lo general el\u00a0matrimonio igualitario\u00a0que estuvo en espera durante 15 a\u00f1os<\/p>\n","protected":false},"author":3,"featured_media":57182,"comment_status":"open","ping_status":"open","sticky":false,"template":"","format":"standard","meta":{"_monsterinsights_skip_tracking":false,"footnotes":""},"categories":[693,50],"tags":[],"class_list":["post-57180","post","type-post","status-publish","format-standard","has-post-thumbnail","category-693","category-congreso"],"_links":{"self":[{"href":"https:\/\/redsemlac.com\/semmexico\/wp-json\/wp\/v2\/posts\/57180","targetHints":{"allow":["GET"]}}],"collection":[{"href":"https:\/\/redsemlac.com\/semmexico\/wp-json\/wp\/v2\/posts"}],"about":[{"href":"https:\/\/redsemlac.com\/semmexico\/wp-json\/wp\/v2\/types\/post"}],"author":[{"embeddable":true,"href":"https:\/\/redsemlac.com\/semmexico\/wp-json\/wp\/v2\/users\/3"}],"replies":[{"embeddable":true,"href":"https:\/\/redsemlac.com\/semmexico\/wp-json\/wp\/v2\/comments?post=57180"}],"version-history":[{"count":0,"href":"https:\/\/redsemlac.com\/semmexico\/wp-json\/wp\/v2\/posts\/57180\/revisions"}],"wp:featuredmedia":[{"embeddable":true,"href":"https:\/\/redsemlac.com\/semmexico\/wp-json\/wp\/v2\/media\/57182"}],"wp:attachment":[{"href":"https:\/\/redsemlac.com\/semmexico\/wp-json\/wp\/v2\/media?parent=57180"}],"wp:term":[{"taxonomy":"category","embeddable":true,"href":"https:\/\/redsemlac.com\/semmexico\/wp-json\/wp\/v2\/categories?post=57180"},{"taxonomy":"post_tag","embeddable":true,"href":"https:\/\/redsemlac.com\/semmexico\/wp-json\/wp\/v2\/tags?post=57180"}],"curies":[{"name":"wp","href":"https:\/\/api.w.org\/{rel}","templated":true}]}}