{"id":57147,"date":"2022-10-10T14:37:25","date_gmt":"2022-10-10T20:37:25","guid":{"rendered":"https:\/\/redsemlac.com\/semmexico\/?p=57147"},"modified":"2023-07-21T19:18:25","modified_gmt":"2023-07-22T00:18:25","slug":"plan-de-accion-de-5-anos-para-la-inclusion-digital-de-las-ninas-onu-mujeres","status":"publish","type":"post","link":"https:\/\/redsemlac.com\/semmexico\/plan-de-accion-de-5-anos-para-la-inclusion-digital-de-las-ninas-onu-mujeres\/","title":{"rendered":"Plan de Acci\u00f3n de 5 a\u00f1os para la inclusi\u00f3n digital de las ni\u00f1as, ONU Mujeres"},"content":{"rendered":"\n<ul class=\"wp-block-list\"><li><strong>La ciberviolencia afecta al 58 por ciento de las ni\u00f1as en 31 pa\u00edses.<\/strong><\/li><li><strong>Persisten problemas de matrimonio infantil y violencia sexual.<\/strong><\/li><\/ul>\n\n\n\n<p class=\"wp-block-paragraph\"><strong>Elda Montiel<\/strong><\/p>\n\n\n\n<p class=\"wp-block-paragraph\">SemM\u00e9xico, Ciudad de M\u00e9xico, 10 de octubre del 2022.- La inclusi\u00f3n de las ni\u00f1as a internet y dispositivos digitales para 600 millones de ni\u00f1as y adolescentes es el tema de Naciones Unidas para este a\u00f1o. \u201cLa generaci\u00f3n digital. Nuestra generaci\u00f3n\u201d, con un plan de acci\u00f3n para cinco a\u00f1os.<\/p>\n\n\n\n<p class=\"wp-block-paragraph\">Este 11 de octubre se conmemora el d\u00e9cimo aniversario del D\u00eda Internacional de la Ni\u00f1a, sin embargo, las inversiones en tema de los derechos de las ni\u00f1as siguen siendo limitadas y estas siguen enfrent\u00e1ndose a un sinf\u00edn de dificultades para desarrollar todo su potencial.<\/p>\n\n\n\n<p class=\"wp-block-paragraph\">Sin embargo, persisten otras problem\u00e1ticas como violencia sexual que han sufrido 1,1 millones de ni\u00f1as y adolescentes en alg\u00fan momento de su vida en Am\u00e9rica Latina y el Caribe, y el matrimonio infantil forzado que genera embarazos y partos precoces, altas tasas de mortalidad y morbilidad materna, deserci\u00f3n escolar y mayor riesgo de violencia dom\u00e9stica.<\/p>\n\n\n\n<p class=\"wp-block-paragraph\">De acuerdo al pronunciamiento del 2020 para el D\u00eda Internacional de la Ni\u00f1a del Comit\u00e9 de Am\u00e9rica Latina y el Caribe para la Defensa de los Derechos de las Mujeres (CLADEM) se hace indispensable exigir a los Estados cumplir con su obligaci\u00f3n de protecci\u00f3n, garant\u00eda, promoci\u00f3n y respeto de los derechos humanos de las ni\u00f1as en nuestra regi\u00f3n y en el mundo.&nbsp;<\/p>\n\n\n\n<h2 class=\"wp-block-heading\"><strong>Obst\u00e1culos para las ni\u00f1as para acceder a internet y dispositivos digitales<\/strong><\/h2>\n\n\n\n<p class=\"wp-block-paragraph\">Los organismos de Naciones Unidas est\u00e1n convencidos de que la inclusi\u00f3n y alfabetizaci\u00f3n digital ofrece a las ni\u00f1as nuevos caminos para adquirir conocimientos, obtener ingresos y ejercer su liderazgo, sobre todo durante la pandemia de Covid-19, pero la pandemia tambi\u00e9n ha agravado la divisi\u00f3n de g\u00e9nero en lo que respecta a la conectividad y la seguridad en l\u00ednea, puesto que las ni\u00f1as enfrentan obst\u00e1culos socioecon\u00f3micos para acceder a internet y a los dispositivos tecnol\u00f3gicos.<\/p>\n\n\n\n<p class=\"wp-block-paragraph\">En todo el mundo hay 2.200 millones de personas de menos de 25 a\u00f1os que no tienen acceso a Internet en su hogar, y las ni\u00f1as son las que m\u00e1s probabilidades tienen de estar desconectadas. Entre las causas, se cuentan deficiencias de conexi\u00f3n a internet o a electricidad y situaciones de conflictos o crisis de sus gobiernos que les impidan el derecho a la educaci\u00f3n y el acceso a las tecnolog\u00edas.<\/p>\n\n\n\n<p class=\"wp-block-paragraph\">Las que est\u00e1n conectadas a internet se enfrentan a la ciberviolencia, de acuerdo a la encuesta m\u00e1s reciente a 14.000 ni\u00f1as de 31 pa\u00edses, el 58 por ciento han sufrido acoso o abusos en internet.<\/p>\n\n\n\n<p class=\"wp-block-paragraph\">Por otra parte, en los pa\u00edses de ingresos medianos y m\u00e1s altos s\u00f3lo el 14 por ciento de las ni\u00f1as que destacan en ciencias o matem\u00e1ticas esperan trabajar en los campos de la ciencia o la ingenier\u00eda, en comparaci\u00f3n al 26 por ciento de los ni\u00f1os.<\/p>\n\n\n\n<p class=\"wp-block-paragraph\">La amplia diversidad de voces que tienen las ni\u00f1as fue fundamental para definir el Plan de Aceleraci\u00f3n Global para la Igualdad de G\u00e9nero que ONU Mujeres y sus entidades asociadas han presentado en el contexto del Foro Generaci\u00f3n Igualdad.<\/p>\n\n\n\n<p class=\"wp-block-paragraph\">En un plan de cinco a\u00f1os que pone a las ni\u00f1as en el centro de la revoluci\u00f3n digital mediante el apoyo de iniciativas que incluyen el acceso digital y el desarrollo de habilidades digitales; inversiones en tecnolog\u00eda e innovaci\u00f3n feminista con impacto social; nuevas colaboraciones para crear ecosistemas de innovaci\u00f3n inclusivos, transformadores y que rindan cuentas; y el dise\u00f1o de nuevas herramientas para prevenir y eliminar la discriminaci\u00f3n y la violencia de g\u00e9nero en Internet y facilitadas por la tecnolog\u00eda.<\/p>\n\n\n\n<p class=\"wp-block-paragraph\">En 1995, la comunidad global adopt\u00f3 la Declaraci\u00f3n y Plataforma de Acci\u00f3n de Beijing con la visi\u00f3n de mejorar los derechos de las mujeres y es la primera en llamar espec\u00edficamente a los derechos de las ni\u00f1as.<\/p>\n\n\n\n<p class=\"wp-block-paragraph\">En 2011 la Asamblea General de las Naciones Unidas adopt\u00f3 el 11 de octubre como D\u00eda Internacional de la Ni\u00f1a para reconocer los derechos de las mismas y los desaf\u00edos \u00fanicos a los que enfrentan en todo el mundo, as\u00ed como promover su empoderamiento y el cumplimiento de sus derechos humanos.<\/p>\n\n\n\n<h2 class=\"wp-block-heading\"><strong>Las ni\u00f1as tienen derecho a jugar, aprender, decidir y construir diariamente su vida<\/strong><\/h2>\n\n\n\n<p class=\"wp-block-paragraph\">De acuerdo a los organismos de Naciones Unidas CLADEM se\u00f1ala que cada a\u00f1o se unen en pareja 12 millones de ni\u00f1as menores de 18 a\u00f1os, y una de cada 5 son madres antes de cumplir esa edad. No asisten a la escuela 130 millones de ni\u00f1as; aproximadamente 15 millones de adolescentes de 15 a 19 a\u00f1os han vivido agresiones sexuales y cada semana aproximadamente adolescentes y mujeres de entre 15 y 24 a\u00f1os se infectan por el VIH.<\/p>\n\n\n\n<p class=\"wp-block-paragraph\">CLADEM considera que es fundamental garantizar condiciones de igualdad en todas las etapas de la vida, posibilita que ni\u00f1as y adolescentes construyan y alcancen sus sue\u00f1os, por lo que se hace urgente invertir en una educaci\u00f3n no sexista, en instalar capacidades en las comunidades que permitan modificar roles y estereotipos de g\u00e9nero y garantizar la operaci\u00f3n efectiva de mecanismos que atiendan las violencias.<\/p>\n\n\n\n<p class=\"wp-block-paragraph\">Las ni\u00f1as son ni\u00f1as y tienen derecho al desarrollo, a jugar, re\u00edr, aprender, crear, decidir y construir diariamente su vida. CLADEM desea que sus infancias sean felices, plenas y cuidadas, y para ello necesitan herramientas y habilidades que les permitan planear su futuro y alcanzar sus metas.&nbsp;&nbsp;<\/p>\n\n\n\n<p class=\"wp-block-paragraph\">SEM\/MG<\/p>\n","protected":false},"excerpt":{"rendered":"<p>La ciberviolencia afecta al 58 por ciento de las ni\u00f1as en 31 pa\u00edses.<\/p>\n","protected":false},"author":3,"featured_media":57148,"comment_status":"open","ping_status":"open","sticky":false,"template":"","format":"standard","meta":{"_monsterinsights_skip_tracking":false,"footnotes":""},"categories":[693,54],"tags":[],"class_list":["post-57147","post","type-post","status-publish","format-standard","has-post-thumbnail","category-693","category-mujeres"],"_links":{"self":[{"href":"https:\/\/redsemlac.com\/semmexico\/wp-json\/wp\/v2\/posts\/57147","targetHints":{"allow":["GET"]}}],"collection":[{"href":"https:\/\/redsemlac.com\/semmexico\/wp-json\/wp\/v2\/posts"}],"about":[{"href":"https:\/\/redsemlac.com\/semmexico\/wp-json\/wp\/v2\/types\/post"}],"author":[{"embeddable":true,"href":"https:\/\/redsemlac.com\/semmexico\/wp-json\/wp\/v2\/users\/3"}],"replies":[{"embeddable":true,"href":"https:\/\/redsemlac.com\/semmexico\/wp-json\/wp\/v2\/comments?post=57147"}],"version-history":[{"count":0,"href":"https:\/\/redsemlac.com\/semmexico\/wp-json\/wp\/v2\/posts\/57147\/revisions"}],"wp:featuredmedia":[{"embeddable":true,"href":"https:\/\/redsemlac.com\/semmexico\/wp-json\/wp\/v2\/media\/57148"}],"wp:attachment":[{"href":"https:\/\/redsemlac.com\/semmexico\/wp-json\/wp\/v2\/media?parent=57147"}],"wp:term":[{"taxonomy":"category","embeddable":true,"href":"https:\/\/redsemlac.com\/semmexico\/wp-json\/wp\/v2\/categories?post=57147"},{"taxonomy":"post_tag","embeddable":true,"href":"https:\/\/redsemlac.com\/semmexico\/wp-json\/wp\/v2\/tags?post=57147"}],"curies":[{"name":"wp","href":"https:\/\/api.w.org\/{rel}","templated":true}]}}