{"id":57135,"date":"2022-10-10T11:37:10","date_gmt":"2022-10-10T17:37:10","guid":{"rendered":"https:\/\/redsemlac.com\/semmexico\/?p=57135"},"modified":"2023-07-21T19:18:25","modified_gmt":"2023-07-22T00:18:25","slug":"la-urgencia-de-la-paridad-y-representacion-de-las-mujeres-en-la-politica-exterior-fue-expuesta-en-la-52a-asamblea-de-la-oea-por-la-cim","status":"publish","type":"post","link":"https:\/\/redsemlac.com\/semmexico\/la-urgencia-de-la-paridad-y-representacion-de-las-mujeres-en-la-politica-exterior-fue-expuesta-en-la-52a-asamblea-de-la-oea-por-la-cim\/","title":{"rendered":"La urgencia de la paridad y representaci\u00f3n de las mujeres en la pol\u00edtica exterior fue expuesta en la 52\u00aa Asamblea de la OEA por la CIM"},"content":{"rendered":"\n<ul class=\"wp-block-list\"><li><strong>La multilateralidad c\u00f3mo motor de cambio requiere de las voces de las mujeres en toda su diversidad, secretaria ejecutiva de la CIM.<\/strong><strong><\/strong><\/li><\/ul>\n\n\n\n<p class=\"wp-block-paragraph\"><strong>Elda Montiel<\/strong><\/p>\n\n\n\n<p class=\"wp-block-paragraph\">SemM\u00e9xico, Ciudad de M\u00e9xico, 10 de octubre del 2022.- La importancia de la paridad como medida de justicia y el liderazgo de las mujeres en el \u00e1mbito internacional para la consecuci\u00f3n de los objetivos de desarrollo sostenible, se destac\u00f3 por la vicepresidenta del Per\u00fa, Dina Boluarte, en el \u201cDi\u00e1logo para combatir la desigualdad y la discriminaci\u00f3n de g\u00e9nero\u201d organizado por el gobierno de Per\u00fa y la Comisi\u00f3n Interamericana de Mujeres de la Organizaci\u00f3n de Estados Americanos (CIM\/OEA).<\/p>\n\n\n\n<p class=\"wp-block-paragraph\">El Di\u00e1logo al paralelo de la 52\u00aa Asamblea General de la OEA, tuvo como objetivo debatir sobre el rol de la pol\u00edtica internacional y la multilateralidad para avanzar hacia la igualdad de g\u00e9nero en la regi\u00f3n y asegurar la progresividad de los derechos de las mujeres.<\/p>\n\n\n\n<p class=\"wp-block-paragraph\">La falta de representaci\u00f3n de las mujeres y la urgencia de la paridad de g\u00e9nero en la pol\u00edtica exterior fue abordada por las panelistas, quienes enfatizaron la importancia de incorporar una pol\u00edtica exterior feminista.<\/p>\n\n\n\n<p class=\"wp-block-paragraph\">Demandaron una mayor efectividad en la transversalizaci\u00f3n del enfoque de g\u00e9nero e interseccional en todas las \u00e1reas de trabajo de los organismos multilaterales, la inclusi\u00f3n de pol\u00edticas que contemplen la transparencia y, en el contexto actual, acciones que promuevan la paz.<\/p>\n\n\n\n<p class=\"wp-block-paragraph\">La presidenta de la CIM, y ministra de Desarrollo Social de Panam\u00e1, Mar\u00eda In\u00e9s Castillo L\u00f3pez, resalt\u00f3 la importancia de los acuerdos e instrumentos jur\u00eddicos internacionales y su impacto transformador en el \u00e1mbito nacional, e hizo un llamado a la Asamblea General de la OEA a acelerar sus compromisos y acciones para erradicar las desigualdades de g\u00e9nero.<\/p>\n\n\n\n<p class=\"wp-block-paragraph\">La secretaria ejecutiva de la CIM, Alejandra Mora Mora, mencion\u00f3 que la multilateralidad c\u00f3mo motor de cambio requiere de las voces de las mujeres en toda su diversidad y afirm\u00f3 que estos liderazgos son diferenciales por la manera en la que lo ejercen negociando, inspirando y transformando.<\/p>\n\n\n\n<p class=\"wp-block-paragraph\">Claudia Liliana D\u00e1vila Moscoso, ministra de la Mujer y Poblaciones Vulnerables del Per\u00fa fue quien moder\u00f3 el Di\u00e1logo en el que participaron Evelyn Wever-Croes, primer ministra de Aruba; Laura Gil Savastano, viceministra de Asuntos Multilaterales de Colombia y Erika Mouynes, ministra de Relaciones Exteriores de Panam\u00e1.<\/p>\n\n\n\n<p class=\"wp-block-paragraph\">SEM\/MG<\/p>\n","protected":false},"excerpt":{"rendered":"<p>La multilateralidad c\u00f3mo motor de cambio requiere de las voces de las mujeres en toda su diversidad, secretaria ejecutiva de la CIM.<\/p>\n","protected":false},"author":3,"featured_media":57136,"comment_status":"open","ping_status":"open","sticky":false,"template":"","format":"standard","meta":{"_monsterinsights_skip_tracking":false,"footnotes":""},"categories":[693,54],"tags":[],"class_list":["post-57135","post","type-post","status-publish","format-standard","has-post-thumbnail","category-693","category-mujeres"],"_links":{"self":[{"href":"https:\/\/redsemlac.com\/semmexico\/wp-json\/wp\/v2\/posts\/57135","targetHints":{"allow":["GET"]}}],"collection":[{"href":"https:\/\/redsemlac.com\/semmexico\/wp-json\/wp\/v2\/posts"}],"about":[{"href":"https:\/\/redsemlac.com\/semmexico\/wp-json\/wp\/v2\/types\/post"}],"author":[{"embeddable":true,"href":"https:\/\/redsemlac.com\/semmexico\/wp-json\/wp\/v2\/users\/3"}],"replies":[{"embeddable":true,"href":"https:\/\/redsemlac.com\/semmexico\/wp-json\/wp\/v2\/comments?post=57135"}],"version-history":[{"count":0,"href":"https:\/\/redsemlac.com\/semmexico\/wp-json\/wp\/v2\/posts\/57135\/revisions"}],"wp:featuredmedia":[{"embeddable":true,"href":"https:\/\/redsemlac.com\/semmexico\/wp-json\/wp\/v2\/media\/57136"}],"wp:attachment":[{"href":"https:\/\/redsemlac.com\/semmexico\/wp-json\/wp\/v2\/media?parent=57135"}],"wp:term":[{"taxonomy":"category","embeddable":true,"href":"https:\/\/redsemlac.com\/semmexico\/wp-json\/wp\/v2\/categories?post=57135"},{"taxonomy":"post_tag","embeddable":true,"href":"https:\/\/redsemlac.com\/semmexico\/wp-json\/wp\/v2\/tags?post=57135"}],"curies":[{"name":"wp","href":"https:\/\/api.w.org\/{rel}","templated":true}]}}