{"id":57133,"date":"2022-10-10T11:35:24","date_gmt":"2022-10-10T17:35:24","guid":{"rendered":"https:\/\/redsemlac.com\/semmexico\/?p=57133"},"modified":"2023-07-21T19:18:25","modified_gmt":"2023-07-22T00:18:25","slug":"desde-la-mano-izquierda-se-fue-con-el-novio","status":"publish","type":"post","link":"https:\/\/redsemlac.com\/semmexico\/desde-la-mano-izquierda-se-fue-con-el-novio\/","title":{"rendered":"Desde la Mano Izquierda| \u201cSe fue con el novio\u201d"},"content":{"rendered":"\n<p class=\"wp-block-paragraph\"><strong>Claudia Espinosa Almaguer<\/strong><\/p>\n\n\n\n<p class=\"wp-block-paragraph\">SemM\u00e9xico, San Luis Potos\u00ed, 10 de octubre del 2022.- Comienzo afirmando que por frases como la que titula esta columna, j\u00f3venes desaparecidas en M\u00e9xico siguen sin ser encontradas, en tanto muchas de las que s\u00ed, fueron cruelmente asesinadas o est\u00e1n siendo sometidas a la trata justo en este momento.<\/p>\n\n\n\n<p class=\"wp-block-paragraph\">Cuando en 1993 se dio la noticia p\u00fablica del asesinato violento de mujeres al norte del pa\u00eds, se produjo el fen\u00f3meno conjunto de las desapariciones y el involucramiento de autoridades y medios de comunicaci\u00f3n en la humillaci\u00f3n a las familias que buscaban una respuesta coherente por parte del Estado.<\/p>\n\n\n\n<p class=\"wp-block-paragraph\">Una d\u00e9cada despu\u00e9s en an\u00e1lisis como los de Julia Mon\u00e1rrez Fragoso para el caso de Campo Algodonero se recog\u00edan los testimonios de v\u00edctimas como la se\u00f1ora Irma Monreal quien acudi\u00f3 ante la Procuradur\u00eda con la esperanza de que salieran a buscar a su hija Esmeralda Herrera a lo cual le respondieron: \u201cB\u00fasquela, ha de estar con el novio\u201d y \u201cque no la pod\u00edan buscar ni dar como desaparecida hasta las 42 horas\u201d.<\/p>\n\n\n\n<p class=\"wp-block-paragraph\">Entonces no exist\u00edan los t\u00e9rminos de \u201crevictimizaci\u00f3n\u201d o de \u201cviolencia institucional\u201d, precisamente fueron concebidos a ra\u00edz del c\u00famulo de negligencia y prejuicios determinantes en la ineficacia y la impunidad.<\/p>\n\n\n\n<p class=\"wp-block-paragraph\">Hoy sin embargo tenemos claro, gracias a la evoluci\u00f3n de la propia victimolog\u00eda con enfoque feminista, que la primera afectaci\u00f3n de una mujer o ni\u00f1a v\u00edctima o desaparecida lo genera el acto causado por el delincuente pero que tambi\u00e9n puede haber una segunda lesi\u00f3n provocada por la autoridad e inclusive una tercera que genera la sociedad y sus opinadores\/as.<\/p>\n\n\n\n<p class=\"wp-block-paragraph\">Debido a ello, a que las estrategias de actuaci\u00f3n para atender este tipo de casos le han costado a M\u00e9xico literalmente la vida de miles de mujeres desde hace d\u00e9cadas, se debe interpelar la perpetuaci\u00f3n de estereotipos, si hace veinte o treinta a\u00f1os era com\u00fan que funcionarios\/as o periodistas buscaran controlar la discusi\u00f3n p\u00fablica minimizando el agravamiento de la violencia y adjetivando de disfuncionales a las familias de las mujeres, seguir toler\u00e1ndolo en la actualidad, nos vuelve c\u00f3mplices.<\/p>\n\n\n\n<p class=\"wp-block-paragraph\">Y es que a pesar del tiempo transcurrido ni siquiera Chihuahua, como la entidad que contiene toda la trayectoria de la violencia feminicida ha conseguido librarse del comportamiento mis\u00f3gino que dirige el discurso dominante, ya en el Informe del Grupo de Trabajo conformado para estudiar la solicitud de Alerta de Violencia de G\u00e9nero emitido en 2021 se hizo \u00e9nfasis en que:<\/p>\n\n\n\n<p class=\"wp-block-paragraph\">\u201cTanto en el \u00e1mbito privado como en el p\u00fablico se ejerce sistem\u00e1ticamente violencia contra ni\u00f1as y mujeres, que va desde el abuso verbal hasta la privaci\u00f3n de la vida, en entornos de creciente impunidad por parte de las autoridades que deber\u00edan vigilar y castigar este tipo de violencias, pero adem\u00e1s frente a la indiferencia de una gran parte de la poblaci\u00f3n, a la que contribuyen en buena medida los medios de comunicaci\u00f3n masiva y las redes sociales, minimizando y pervirtiendo la informaci\u00f3n\u201d.<\/p>\n\n\n\n<p class=\"wp-block-paragraph\">Por eso es indispensable recordar las obligaciones que tiene M\u00e9xico a nivel nacional que fungen como medidores objetivos de la voluntad de proteger a las mujeres cuando est\u00e1n en condiciones de desaparecidas o cuando son v\u00edctimas, por ejemplo <strong>el compromiso que adquirieron todos los Estados en 2018 de integrar la Alerta Alba como Protocolo de b\u00fasqueda y tambi\u00e9n la aplicaci\u00f3n del Convenio por la Igualdad de G\u00e9nero y Combate a la Violencia contra las Mujeres en los Medios de Comunicaci\u00f3n, suscrito en 2016<\/strong> que conforme a observaciones internacionales debe imponer sanciones y contar con facultades coactivas para luchar contra los estereotipos.<\/p>\n\n\n\n<p class=\"wp-block-paragraph\">\u00bfSe sabe algo de esto all\u00ed donde usted vive?<\/p>\n\n\n\n<p class=\"wp-block-paragraph\">A m\u00e1s ver.<\/p>\n","protected":false},"excerpt":{"rendered":"<p>Comienzo afirmando que por frases como la que titula esta columna, j\u00f3venes desaparecidas en M\u00e9xico siguen sin ser encontradas, en tanto muchas de las que s\u00ed, fueron cruelmente asesinadas o est\u00e1n siendo sometidas a la trata justo en este momento.<\/p>\n","protected":false},"author":3,"featured_media":36870,"comment_status":"open","ping_status":"open","sticky":false,"template":"","format":"standard","meta":{"_monsterinsights_skip_tracking":false,"footnotes":""},"categories":[693,131,35],"tags":[],"class_list":["post-57133","post","type-post","status-publish","format-standard","has-post-thumbnail","category-693","category-claudia-almaguer","category-opinion"],"_links":{"self":[{"href":"https:\/\/redsemlac.com\/semmexico\/wp-json\/wp\/v2\/posts\/57133","targetHints":{"allow":["GET"]}}],"collection":[{"href":"https:\/\/redsemlac.com\/semmexico\/wp-json\/wp\/v2\/posts"}],"about":[{"href":"https:\/\/redsemlac.com\/semmexico\/wp-json\/wp\/v2\/types\/post"}],"author":[{"embeddable":true,"href":"https:\/\/redsemlac.com\/semmexico\/wp-json\/wp\/v2\/users\/3"}],"replies":[{"embeddable":true,"href":"https:\/\/redsemlac.com\/semmexico\/wp-json\/wp\/v2\/comments?post=57133"}],"version-history":[{"count":0,"href":"https:\/\/redsemlac.com\/semmexico\/wp-json\/wp\/v2\/posts\/57133\/revisions"}],"wp:featuredmedia":[{"embeddable":true,"href":"https:\/\/redsemlac.com\/semmexico\/wp-json\/wp\/v2\/media\/36870"}],"wp:attachment":[{"href":"https:\/\/redsemlac.com\/semmexico\/wp-json\/wp\/v2\/media?parent=57133"}],"wp:term":[{"taxonomy":"category","embeddable":true,"href":"https:\/\/redsemlac.com\/semmexico\/wp-json\/wp\/v2\/categories?post=57133"},{"taxonomy":"post_tag","embeddable":true,"href":"https:\/\/redsemlac.com\/semmexico\/wp-json\/wp\/v2\/tags?post=57133"}],"curies":[{"name":"wp","href":"https:\/\/api.w.org\/{rel}","templated":true}]}}