{"id":57102,"date":"2022-10-10T09:32:29","date_gmt":"2022-10-10T15:32:29","guid":{"rendered":"https:\/\/redsemlac.com\/semmexico\/?p=57102"},"modified":"2023-07-21T19:18:26","modified_gmt":"2023-07-22T00:18:26","slug":"recibe-ofelia-flores-hernandez-el-premio-nacional-de-sanidad-animal-2022","status":"publish","type":"post","link":"https:\/\/redsemlac.com\/semmexico\/recibe-ofelia-flores-hernandez-el-premio-nacional-de-sanidad-animal-2022\/","title":{"rendered":"Recibe Ofelia Flores Hern\u00e1ndez el Premio Nacional de Sanidad Animal 2022"},"content":{"rendered":"\n<ul class=\"wp-block-list\"><li><strong>Larga lucha para reconocer a las m\u00e9dicas veterinarias, una profesi\u00f3n hoy con mayor\u00eda mujeres.<\/strong><\/li><li><strong>En 30 ediciones del Premio Nacional de Sanidad Animal, cinco mujeres han sido reconocidas con el galard\u00f3n, dos de ellas feministas.<\/strong><\/li><\/ul>\n\n\n\n<p class=\"wp-block-paragraph\"><strong>Sara Lovera<\/strong><\/p>\n\n\n\n<p class=\"wp-block-paragraph\">SemM\u00e9xico, Ciudad de M\u00e9xico, 10 de octubre del 2022.- La Medicina Veterinaria y Zootecnia pas\u00f3 m\u00e1s de 90 a\u00f1os en M\u00e9xico sin mujeres, pero este a\u00f1o ingresaron de 620 estudiantes a la carrera, 75 por ciento mujeres. De 1992 a la fecha, cinco de ellas han sido galardonadas con el Premio Nacional de Sanidad Animal. Este a\u00f1o lo recibi\u00f3 la doctora Ofelia Flores Hern\u00e1ndez.<\/p>\n\n\n\n<p class=\"wp-block-paragraph\">La medicina veterinaria era considerada socialmente una profesi\u00f3n exclusiva de hombres ligados b\u00e1sicamente al campo, pero ellas han ganado terreno y son mayor\u00eda, seg\u00fan document\u00f3 Ana Mar\u00eda Rom\u00e1n D\u00edaz, profesora de la Facultad de Medicina Veterinaria y Zootecnia (FMVZ) de la UNAM.<\/p>\n\n\n\n<p class=\"wp-block-paragraph\">La batalla de las mujeres en la profesi\u00f3n ha sido larga y es hist\u00f3ricamente reciente. \u201cEn los a\u00f1os 40 del siglo pasado lleg\u00f3 al pa\u00eds una familia espa\u00f1ola de tradici\u00f3n veterinaria de apellido Medina, y tra\u00eda a sus dos hijas \u00c1frica y \u00c1ngeles Medina Navascues. \u00c1frica fue la primera mujer m\u00e9dica veterinaria que se gradu\u00f3 en el pa\u00eds en 1944\u201d.<\/p>\n\n\n\n<p class=\"wp-block-paragraph\">En opini\u00f3n de Rom\u00e1n D\u00edaz la discriminaci\u00f3n contra las mujeres en su gremio contin\u00faa en algunos c\u00edrculos, pero cada vez es menos. \u201cYa no se puede sostener\u201d, ahora, dijo, los hombres \u201craros son los machistas\u201d.<\/p>\n\n\n\n<p class=\"wp-block-paragraph\">Las cinco galardonadas -de 1992 a 2022-, destacan por su tarea en sanidad, en epidemiolog\u00eda, en sus preocupaciones por propiciar la sanidad animal. Y por su vocaci\u00f3n, que ahora puebla las aulas de la Facultad de Veterinaria, como demuestra el hecho de que este a\u00f1o ingresaron a la generaci\u00f3n 2022 de esta carrera en la UNAM un total de 620 estudiantes, de los cuales 75.5 % corresponde a mujeres y 24.5 a hombres.<\/p>\n\n\n\n<h2 class=\"wp-block-heading\"><strong>Ofelia Flores Hern\u00e1ndez premio 2022<\/strong><\/h2>\n\n\n\n<p class=\"wp-block-paragraph\">Maestra en Ciencias Veterinarias, Ofelia Flores Hern\u00e1ndez, tiene una destacada labor en el registro y determinaci\u00f3n de residuos t\u00f3xicos en alimentos de uso veterinario, lo que contribuy\u00f3 a la apertura de los mercados internacionales a los productos nacionales de origen animal y ha permitido a M\u00e9xico destacar como pa\u00eds exportador de productos c\u00e1rnicos sanos y seguros.<\/p>\n\n\n\n<p class=\"wp-block-paragraph\">Recibi\u00f3 el galard\u00f3n de manos del director general de Salud Animal del Servicio Nacional de Sanidad, Inocuidad y Calidad Agroalimentaria (Senasica), Juan Gay Guti\u00e9rrez, y se convirti\u00f3 en la trig\u00e9sima persona en recibir el m\u00e1ximo reconocimiento de la medicina veterinaria y la quinta mujer reconocida con este premio.<\/p>\n\n\n\n<p class=\"wp-block-paragraph\">El funcionario dijo que la salud animal es un pilar de la producci\u00f3n de alimentos c\u00e1rnicos sanos y de alta calidad, lo cual contribuye al objetivo de garantizar la seguridad alimentaria para m\u00e1s de 120 millones de mexicanos y mexicanas.<\/p>\n\n\n\n<p class=\"wp-block-paragraph\">El Premio Nacional de Sanidad Animal reconoce a profesionales de primer orden, quienes han sido semilleros de conocimiento, acciones y regulaciones en beneficio del sector pecuario, la industria farmac\u00e9utica veterinaria, la academia e instituciones p\u00fablicas como el Senasica.<\/p>\n\n\n\n<p class=\"wp-block-paragraph\">Ofelia Flores Hern\u00e1ndez destaca en M\u00e9xico y en el mundo por su trabajo para establecer las bases de la cultura de buenas pr\u00e1cticas de manufactura.<\/p>\n\n\n\n<p class=\"wp-block-paragraph\">Ah\u00ed al entregarle el diploma, la medalla y una cantidad econ\u00f3mica, el director de la Facultad de Medicina Veterinaria y Zootecnia de la Universidad Nacional Aut\u00f3noma de M\u00e9xico (FMVZ-UNAM), Francisco Su\u00e1rez G\u00fcemes, dijo que ella es una de las m\u00e1ximas referentes en temas como residuos de medicamentos veterinarios y contaminantes qu\u00edmicos y biol\u00f3gicos en productos de origen animal.<\/p>\n\n\n\n<p class=\"wp-block-paragraph\">Flores Hern\u00e1ndez manifest\u00f3 que es un honor ser incluida en la lista de profesionales de la sanidad animal reconocidos por Agricultura y ser elegida este a\u00f1o de entre m\u00e1s de 77 mil m\u00e9dicos veterinarios que ejercen en el pa\u00eds.<\/p>\n\n\n\n<p class=\"wp-block-paragraph\">Subray\u00f3 que trabajar en Senasica por casi tres d\u00e9cadas represent\u00f3 para ella el m\u00e1ximo ejercicio libre de su profesi\u00f3n, ya que se desarroll\u00f3 con libertad y empat\u00eda con un sinn\u00famero de colaboradores\/as, funcionarias y funcionarios, cuyo \u00fanico objetivo es garantizar que la toma de decisiones tenga sustento cient\u00edfico.<\/p>\n\n\n\n<p class=\"wp-block-paragraph\">La entrega se realiz\u00f3 en el marco de los trabajos de la 30\u00aa Reuni\u00f3n Anual del Consejo T\u00e9cnico Consultivo Nacional de Sanidad Animal (Conasa), que se desarrolla en Chihuahua, Chihuahua.<\/p>\n\n\n\n<p class=\"wp-block-paragraph\">En las 30 ediciones del Premio Nacional de Sanidad Animal, cinco mujeres han sido reconocidas con el galard\u00f3n: en 1992 lo obtuvo Aline Schuneman de Aluja; en 1995, Aurora Vel\u00e1zquez Echegaray; en 2018, N\u00e9lida Jim\u00e9nez Gonz\u00e1lez; en 2019, Yolanda Maricela Barrera Tenorio y este a\u00f1o, la m\u00e9dica veterinaria Ofelia Flores Hern\u00e1ndez.<\/p>\n\n\n\n<h2 class=\"wp-block-heading\"><strong>Algo m\u00e1s<\/strong><\/h2>\n\n\n\n<p class=\"wp-block-paragraph\">Seg\u00fan Rom\u00e1n D\u00edaz, Guadalupe Su\u00e1rez Michel fue la segunda m\u00e9dica veterinaria y la primera mexicana en lograrlo, realizando sus estudios en la Escuela Nacional de Medicina Veterinaria y Zootecnia, en la d\u00e9cada de 1940.<\/p>\n\n\n\n<p class=\"wp-block-paragraph\">El rol de las y los m\u00e9dicos veterinarios en la sociedad es muy amplio y no se limita al cuidado de mascotas; una de las principales acciones de estos profesionistas es la detecci\u00f3n temprana de enfermedades de muy diversas especies y de infecciones de origen animal que puedan transmitirse a las y los humanos, as\u00ed como el estudio de agentes pat\u00f3genos en la cadena alimentaria, se\u00f1ala en su p\u00e1gina web la Productora Nacional de Biol\u00f3gicos Veterinarios (Pronabive) del gobierno de M\u00e9xico.<\/p>\n\n\n\n<p class=\"wp-block-paragraph\">Adem\u00e1s, los y las m\u00e9dicas veterinarias preservan la salud animal y la p\u00fablica, y garantizan la producci\u00f3n de alimentos sanos e inocuos desde las granjas de producci\u00f3n hasta las mesas de los consumidores\/as mexicanos. Cada 17 de agosto es el d\u00eda de las y los m\u00e9dicos veterinarias y conmemora que, en 1853, Antonio L\u00f3pez de Santa Anna emiti\u00f3 y public\u00f3 un decreto para instituir la educaci\u00f3n veterinaria en el pa\u00eds, y se fund\u00f3 la primera escuela veterinaria en M\u00e9xico y en el continente americano.<\/p>\n\n\n\n<h2 class=\"wp-block-heading\"><strong>Las galardonadas 1992-2022<\/strong><\/h2>\n\n\n<div class=\"wp-block-image\">\n<figure class=\"alignleft size-full is-resized\"><a href=\"https:\/\/redsemlac.com\/semmexico\/wp-content\/uploads\/2022\/10\/nota-ofelia-1.jpg\"><img loading=\"lazy\" decoding=\"async\" src=\"https:\/\/redsemlac.com\/semmexico\/wp-content\/uploads\/2022\/10\/nota-ofelia-1-edited.jpg\" alt=\"\" class=\"wp-image-57105\" width=\"231\" height=\"310\"\/><\/a><\/figure>\n<\/div>\n\n\n<p class=\"wp-block-paragraph\"><strong>Aline Schunemman de Aluja<\/strong>, recibi\u00f3 este premio nacional 1992. Naci\u00f3 en 1920.&nbsp; Festej\u00f3 sus 100 a\u00f1os. &nbsp;Fue la primera profesora em\u00e9rita de la UNAM, miembro del Sistema Nacional de Investigadores y pionera de la patolog\u00eda y el bienestar animal en Am\u00e9rica Latina.<\/p>\n\n\n\n<p class=\"wp-block-paragraph\">\u201cAline\u201d, como la llaman con cari\u00f1o sus alumnos\/as y sus amigos\/as, lleg\u00f3 a M\u00e9xico procedente de Europa, despu\u00e9s de la Segunda Guerra Mundial y fue una de las primeras mujeres en estudiar la licenciatura&nbsp;de Medicina Veterinaria y Zootecnia, en la que obtuvo el premio al mejor pasante de su generaci\u00f3n y su t\u00edtulo, con Menci\u00f3n Honor\u00edfica, en 1950. Realiz\u00f3 estudios de posgrado en Suiza, Inglaterra y en Estados Unidos, donde se gradu\u00f3 como maestra en Ciencias por la&nbsp;Universidad de Pennsylvania.<\/p>\n\n\n\n<p class=\"wp-block-paragraph\">Destac\u00f3 por su liderazgo y porque siempre busc\u00f3 impulsar a las mujeres. Se desempe\u00f1\u00f3 como experta de la Organizaci\u00f3n de las Naciones Unidas para la Alimentaci\u00f3n y la Agricultura (FAO por sus siglas en ingl\u00e9s) en varios pa\u00edses de Europa, Asia, \u00c1frica y Am\u00e9rica del Sur. Public\u00f3 180 art\u00edculos cient\u00edficos, libros, cap\u00edtulos y pr\u00f3logos de libros; imparti\u00f3 cerca de 500 conferencias y dirigi\u00f3 m\u00e1s de 125 tesis de licenciatura y 55 de posgrado. Ha impactado positivamente en el bienestar de las comunidades rurales del pa\u00eds.<\/p>\n\n\n<div class=\"wp-block-image\">\n<figure class=\"alignleft size-full is-resized\"><a href=\"https:\/\/redsemlac.com\/semmexico\/wp-content\/uploads\/2022\/10\/nota-ofelia-2.jpg\"><img loading=\"lazy\" decoding=\"async\" src=\"https:\/\/redsemlac.com\/semmexico\/wp-content\/uploads\/2022\/10\/nota-ofelia-2.jpg\" alt=\"\" class=\"wp-image-57106\" width=\"313\" height=\"235\"\/><\/a><\/figure>\n<\/div>\n\n\n<p class=\"wp-block-paragraph\"><strong>Aurora Vel\u00e1zquez Echegaray<\/strong>, recibi\u00f3 el galard\u00f3n en 1995. Falleci\u00f3 en 2013. En 1939, fue una de las primeras mujeres en ingresar a la Escuela Nacional de Medicina Veterinaria y Zootecnia, y la segunda en titularse como M\u00e9dica Veterinaria. Fund\u00f3 el Departamento de Virolog\u00eda e inmunolog\u00eda, y dedic\u00f3 60 a\u00f1os a la docencia en la UNAM.<\/p>\n\n\n\n<p class=\"wp-block-paragraph\">Trabaj\u00f3 a partir de 1942 como ayudante de profesor en la Escuela Nacional de Veterinaria y una vez terminados los estudios, en el entonces Instituto de Investigaciones Pecuarias y en la Escuela Nacional de Medicina Veterinaria y Zootecnia. Destac\u00f3 como profesora de virolog\u00eda e inmunolog\u00eda, fue la fundadora del Departamento de Virolog\u00eda e Inmunolog\u00eda. Por ser estricta, entre el alumnado la empezaron a llamar la \u201csat\u00e1nica\u201d, porque, ellos\/as dec\u00edan: \u201caunque te dijera que estabas reprobado, siempre te lo dec\u00eda con una sonrisa\u201d. Fue una mujer fuerte y emprendedora, formadora de generaciones de funcionarios\/as de empresas p\u00fablicas y privadas, de innumerables profesionales tanto nacionales como extranjeros. Fue una de las precursoras, de la formaci\u00f3n integral.<\/p>\n\n\n<div class=\"wp-block-image\">\n<figure class=\"alignleft size-full is-resized\"><a href=\"https:\/\/redsemlac.com\/semmexico\/wp-content\/uploads\/2022\/10\/nota-ofelia-3.jpg\"><img decoding=\"async\" src=\"https:\/\/redsemlac.com\/semmexico\/wp-content\/uploads\/2022\/10\/nota-ofelia-3.jpg\" alt=\"\" class=\"wp-image-57107\" width=\"-40\" height=\"-23\"\/><\/a><\/figure>\n<\/div>\n\n\n<p class=\"wp-block-paragraph\"><strong>N\u00e9lida Jim\u00e9nez Gonz\u00e1lez<\/strong> fue galardonada &nbsp;en 2018 por su trabajo en el combate a las enfermedades como Peste Porcina Cl\u00e1sica, Brucelosis y Tifoidea Aviar en el norte del pa\u00eds. Es originaria de Matamoros, Coahuila. Su trabajo destaca en temas de&nbsp;<strong>prevenci\u00f3n, control y erradicaci\u00f3n de enfermedades<\/strong>&nbsp;y plagas de los animales en M\u00e9xico. Obtuvo la Maestr\u00eda en Valuaci\u00f3n Agropecuaria por la Universidad Aut\u00f3noma Agraria Antonio Narro (UAAAN) y Postgrado en la Especialidad en Producci\u00f3n Animal Bovinos en la Facultad de Medicina Veterinaria y Zootecnia (FMVZ) de la Universidad Nacional Aut\u00f3noma de M\u00e9xico (UNAM).&nbsp; En 1984 fue responsable de la Campa\u00f1a contra Pullorosis y Tifoidea Aviar en el \u00e1rea de influencia del Centro de Salud Animal de la entidad, con atenci\u00f3n primaria a Progenitoras, Reproductoras, Pollo de engorda y Aves de Postura Comercial.<\/p>\n\n\n<div class=\"wp-block-image\">\n<figure class=\"alignleft size-full is-resized\"><a href=\"https:\/\/redsemlac.com\/semmexico\/wp-content\/uploads\/2022\/10\/nota-ofelia-4.jpg\"><img decoding=\"async\" src=\"https:\/\/redsemlac.com\/semmexico\/wp-content\/uploads\/2022\/10\/nota-ofelia-4.jpg\" alt=\"\" class=\"wp-image-57108\" width=\"-472\" height=\"-322\"\/><\/a><\/figure>\n<\/div>\n\n\n<p class=\"has-text-align-left wp-block-paragraph\"><strong>Yolanda Maricela Barrera Tenorio <\/strong>recibi\u00f3 el premio en octubre de 2019 por su d<strong>estacada trayectoria en la epidemiolog\u00eda animal.<\/strong> Gran parte de su trabajo ha sido en favor de<a href=\"https:\/\/regeneracion.mx\/sader-acciona-medidas-para-prevenir-la-peste-porcina-africana-a-mexico\/\"><strong> <\/strong><\/a><strong>la salud animal. Su colaboraci\u00f3n fue decisiva en emergencias sanitarias, con su trabajo como<\/strong> investigadora. Su aportaci\u00f3n en la Enfermedad Hemorr\u00e1gica de los Conejos y la Encefalitis Equina Venezolana.<\/p>\n\n\n\n<p class=\"wp-block-paragraph\"><\/p>\n\n\n\n<p class=\"wp-block-paragraph\"><\/p>\n\n\n\n<h2 class=\"wp-block-heading\"><strong>Combate a plagas y enfermedades<\/strong><\/h2>\n\n\n\n<p class=\"wp-block-paragraph\">Momentos antes de recibir el reconocimiento, Barrera Tenorio brind\u00f3 una conferencia magistral sobre su experiencia de m\u00e1s de 30 a\u00f1os como m\u00e9dica veterinaria zootecnista en la Secretar\u00eda de Agricultura.<\/p>\n\n\n\n<p class=\"wp-block-paragraph\">De manera particular, sobre su participaci\u00f3n en el combate de plagas y enfermedades como el gusano barrenador del ganado, la rabia paralitica bovina y en campa\u00f1as como la de tuberculosis y brucelosis.<\/p>\n\n\n\n<p class=\"wp-block-paragraph\">Inici\u00f3 su labor en el sector p\u00fablico, a finales de la d\u00e9cada de los a\u00f1os 60, cuando era muy fuerte, dijo ella misma, la discriminaci\u00f3n contra las veterinarias. Por ello tuvo que demostrar sus conocimientos, su honestidad y compromiso \u00e9tico para abrirse paso, principalmente en las labores de campo. Para ella la salud animal es un pilar imprescindible para la producci\u00f3n de alimentos sanos y para proteger la salud p\u00fablica.<\/p>\n\n\n\n<p class=\"wp-block-paragraph\">Barrera Tenorio naci\u00f3 en la Ciudad de M\u00e9xico el 26 de junio de 1944. Egres\u00f3 de la Escuela Nacional de Medicina Veterinaria y Zootecnia de la Universidad Nacional Aut\u00f3noma de M\u00e9xico (UNAM), en 1967. El t\u00edtulo de su tesis fue Acci\u00f3n del Kon-Abon sobre lesiones de Viruela Aviar. Obtuvo la maestr\u00eda en Producci\u00f3n Animal Sustentable por la Universidad Aut\u00f3noma de Chiapas (UNACH), y por su trayectoria ha sido reconocida por diversas organizaciones, como las asociaciones de M\u00e9dicos Veterinarios Zootecnistas del Soconusco y Costa de Chiapas y la de Mujeres M\u00e9dicas Veterinarias Zootecnistas, entre otras.<\/p>\n\n\n<div class=\"wp-block-image\">\n<figure class=\"aligncenter size-full\"><a href=\"https:\/\/redsemlac.com\/semmexico\/wp-content\/uploads\/2022\/10\/nota-ofelia-5.png\"><img loading=\"lazy\" decoding=\"async\" width=\"600\" height=\"286\" src=\"https:\/\/redsemlac.com\/semmexico\/wp-content\/uploads\/2022\/10\/nota-ofelia-5.png\" alt=\"\" class=\"wp-image-57109\"\/><\/a><\/figure>\n<\/div>\n\n\n<p class=\"wp-block-paragraph\"><strong>Ofelia Flores Hern\u00e1ndez<\/strong>, galardonada este octubre de 2022 destac\u00f3 por su trabajo en el servicio p\u00fablico en el Senasica por casi 30 a\u00f1os, en los que se desempe\u00f1\u00f3 como directora de Servicios y Constataci\u00f3n Pecuaria, subdirectora de Constataci\u00f3n y analista de Laboratorio de Residuos T\u00f3xicos y Contaminantes en el Centro Nacional de Servicios de Constataci\u00f3n en Salud Animal (Cenapa).<\/p>\n\n\n\n<h2 class=\"wp-block-heading\"><strong>Qui\u00e9n es la doctora Ofelia Flores Hern\u00e1ndez<\/strong><\/h2>\n\n\n\n<p class=\"wp-block-paragraph\">M\u00e9dica Veterinaria Zootecnista, Egresada de la Facultad de Medicina Veterinaria y Zootecnia de la Universidad Nacional Aut\u00f3noma de M\u00e9xico (FMVZ-UNAM); Maestra en Ciencias Veterinarias por la FMVZ-UNAM. Diplomada en Calidad Total por la Universidad Aut\u00f3noma de Morelos. Directora de Servicios y Certificaci\u00f3n Pecuaria en el Servicio Nacional de Sanidad, Inocuidad y Calidad Agroalimentaria, dependiente de la Secretaria de Agricultura, Ganader\u00eda, Desarrollo Rural, Pesca y Alimentaci\u00f3n (SENASICA-SAGARPA). Por tres a\u00f1os (1985-1988), imparti\u00f3 pr\u00e1cticas de laboratorio de Parasitolog\u00eda en la Facultad de Medicina Veterinaria y Zootecnia de la UNAM. Por dos a\u00f1os (1988-1990) fue investigadora adjunta del Instituto Nacional de Investigaciones Forestales y Agropecuarias de la SAGARPA. Por 20 a\u00f1os (1990-1994) trabaj\u00f3 en el Centro Nacional de Servicios de Constataci\u00f3n en Salud Animal de SENASICA-SAGARPA ocupando diversos cargos: Analista; Coordinador T\u00e9cnico; Jefa de Departamento y Subdirectora de Constataci\u00f3n.<\/p>\n\n\n\n<p class=\"wp-block-paragraph\">Es integrante de los Comit\u00e9 de Inocuidad de los Alimentos y el de Productos Qu\u00edmico Farmac\u00e9uticos del Consejo Consultivo Nacional de Sanidad Animal (CONASA). Vocal en el Subcomit\u00e9 Mexicano de Residuos de Medicamentos en los Alimentos del Codex Alimentarius de la FAO\/OMS. Coordinadora por M\u00e9xico del Grupo de Trabajo de Expertos en Alimentos para Animales del Codex Alimentarius de la FAO\/OMS. Punto Focal Nacional de Medicamentos Veterinarios para la Organizaci\u00f3n Mundial de Sanidad Animal (OIE). Experta Nacional de Medicamentos Veterinarios para el Organismo Internacional Regional (OIRSA). Representante por la SAGARPA en el Consejo Directivo de la Entidad Mexicana de Acreditaci\u00f3n (EMA). Colaboraci\u00f3n en Subcomit\u00e9s de Normalizaci\u00f3n de la SAGARPA y la Secretar\u00eda de Salud, en Normas Oficiales Mexicanas relacionadas con alimentos, farmac\u00e9uticos y residuos t\u00f3xicos.<\/p>\n\n\n\n<p class=\"wp-block-paragraph\">SEM\/MG<\/p>\n","protected":false},"excerpt":{"rendered":"<p>Larga lucha para reconocer a las m\u00e9dicas veterinarias, una profesi\u00f3n hoy con mayor\u00eda mujeres.<\/p>\n","protected":false},"author":3,"featured_media":57110,"comment_status":"open","ping_status":"open","sticky":false,"template":"","format":"standard","meta":{"_monsterinsights_skip_tracking":false,"footnotes":""},"categories":[693,54],"tags":[],"class_list":["post-57102","post","type-post","status-publish","format-standard","has-post-thumbnail","category-693","category-mujeres"],"_links":{"self":[{"href":"https:\/\/redsemlac.com\/semmexico\/wp-json\/wp\/v2\/posts\/57102","targetHints":{"allow":["GET"]}}],"collection":[{"href":"https:\/\/redsemlac.com\/semmexico\/wp-json\/wp\/v2\/posts"}],"about":[{"href":"https:\/\/redsemlac.com\/semmexico\/wp-json\/wp\/v2\/types\/post"}],"author":[{"embeddable":true,"href":"https:\/\/redsemlac.com\/semmexico\/wp-json\/wp\/v2\/users\/3"}],"replies":[{"embeddable":true,"href":"https:\/\/redsemlac.com\/semmexico\/wp-json\/wp\/v2\/comments?post=57102"}],"version-history":[{"count":0,"href":"https:\/\/redsemlac.com\/semmexico\/wp-json\/wp\/v2\/posts\/57102\/revisions"}],"wp:featuredmedia":[{"embeddable":true,"href":"https:\/\/redsemlac.com\/semmexico\/wp-json\/wp\/v2\/media\/57110"}],"wp:attachment":[{"href":"https:\/\/redsemlac.com\/semmexico\/wp-json\/wp\/v2\/media?parent=57102"}],"wp:term":[{"taxonomy":"category","embeddable":true,"href":"https:\/\/redsemlac.com\/semmexico\/wp-json\/wp\/v2\/categories?post=57102"},{"taxonomy":"post_tag","embeddable":true,"href":"https:\/\/redsemlac.com\/semmexico\/wp-json\/wp\/v2\/tags?post=57102"}],"curies":[{"name":"wp","href":"https:\/\/api.w.org\/{rel}","templated":true}]}}