{"id":57100,"date":"2022-10-10T09:27:15","date_gmt":"2022-10-10T15:27:15","guid":{"rendered":"https:\/\/redsemlac.com\/semmexico\/?p=57100"},"modified":"2023-07-21T19:18:26","modified_gmt":"2023-07-22T00:18:26","slug":"vida-y-lectura-annie-therese-blanche-duchesne","status":"publish","type":"post","link":"https:\/\/redsemlac.com\/semmexico\/vida-y-lectura-annie-therese-blanche-duchesne\/","title":{"rendered":"Vida y Lectura| Annie Th\u00e9r\u00e8se Blanche Duchesne"},"content":{"rendered":"\n<p class=\"wp-block-paragraph\"><strong>Marcela Eternod Ar\u00e1mburu<\/strong><\/p>\n\n\n\n<p class=\"wp-block-paragraph\">SemM\u00e9xico, Aguascalientes, 10 de octubre del 2022.- Como todos los a\u00f1os, la prestigiada Academia Sueca, responsable de reconocer a la escritora o escritor cuya obra sea considerada, en su conjunto, como trascendente y muy destacada, anunci\u00f3 que la persona merecedora del Premio Nobel de Literatura 2022 era la francesa Annie Ernaux, nombre con el cual Annie Th\u00e9r\u00e8se Blanche Duchesne, firma sus obras.<\/p>\n\n\n\n<p class=\"wp-block-paragraph\">La Academia recibe nominaciones, ampliamente justificadas, principalmente de las y los miembros de diferentes colectivos especializados en lengua y literatura. Sobresale la participaci\u00f3n de las personas que pertenecen a las academias de la lengua, los especialistas en literatura y las organizaciones de escritores, por ser quienes m\u00e1s propuestas le env\u00edan a la Academia Sueca. El procedimiento de selecci\u00f3n es laborioso, pues cada a\u00f1o se reciben cientos de propuestas, las cuales son analizadas por un comit\u00e9 que tiene la misi\u00f3n, primero, de reducir todas las nominaciones a no m\u00e1s de dos decenas de candidatos\/as; y, en una segunda fase, seleccionar un quinteto de posibles, para que -despu\u00e9s de leer sus obras- est\u00e9n en condiciones de seleccionar a un ganador o ganadora.<\/p>\n\n\n\n<p class=\"wp-block-paragraph\">El comunicado de la Academia Sueca, anunciando que la francesa Ernaux era la ganadora del premio este a\u00f1o, es escueto, pero de su lectura me gustar\u00eda destacar tres elementos que, desde mi punto de vista, son distintivos: primero, que es una obra profundamente autobiogr\u00e1fica, donde resplandece el valor para contar con intensidad los hechos mezclados con un c\u00famulo de percepciones y sentimientos; segundo, la importancia de la escritura como herramienta de conocimiento y reconocimiento que no solo permite conceptualizar lo vivido, sino rumiar las profundas emociones que, casi todas las personas se empe\u00f1an en enterrar, pero que la autora desmenuza y analiza para poder compartirlas; y tercero, el uso de un lenguaje sencillo, directo, crudo e \u00abintransigente\u00bb ante los autoenga\u00f1os que llevan \u201ca la incapacidad de ver qui\u00e9n eres\u00bb.<\/p>\n\n\n\n<p class=\"wp-block-paragraph\">Annie Th\u00e9r\u00e8se Blanche Duchesne naci\u00f3 en 1940 -\u00ad\u00adtiene 82 a\u00f1os- y, al parecer, se mostr\u00f3 muy sorprendida por su designaci\u00f3n. No hay que olvidar que, para obtener el reconocimiento del Nobel, al menos se debe estar nominada un par de veces, y Ernaux ha figurado en la \u00faltima selecci\u00f3n, en varias ocasiones. Sin duda, recibir el Nobel en el \u00faltimo trecho de la vida es un enorme reconocimiento.<\/p>\n\n\n\n<p class=\"wp-block-paragraph\">En lo personal, me da mucho gusto que seleccionaran a una mujer que escribe en primera persona, que centra su narrativa en su biograf\u00eda, en sus esferas \u00edntimas, en sus contradicciones y ambig\u00fcedades, que describe su relaci\u00f3n con las otras y los otros, con su madre -relaci\u00f3n siempre compleja, inmersa en incontables extra\u00f1amientos- y con su pareja, lo que le permite con franqueza dar voz a los pensamientos similares que viven millones de mujeres. Tambi\u00e9n escribe sobre sus decisiones de vida, como pasar por un aborto en tiempos de absurda pero dura cesura e inevitables se\u00f1alamientos, y sobre sus sentimientos, como la verg\u00fcenza que provoca algunas sensaciones f\u00edsicas de indiscutible intensidad.<\/p>\n\n\n\n<p class=\"wp-block-paragraph\">Annie Ernaux cuenta en su muy amplia obra su historia, y con ello, se suma a las interesant\u00edsimas historias de las mujeres, tan despreciadas en tiempos pasados. Al hablar de su condici\u00f3n, de sus angustias, de sus cuestionamientos, de su derecho a la intimidad, de sus enfermedades y de sus pensamientos, propone, simple y llanamente, que hablemos de la vida con integridad, veracidad y franqueza.<\/p>\n\n\n\n<p class=\"wp-block-paragraph\">En una \u00e9poca de mentiras, pos-verdades, irrealidades construidas para alimentar a las voraces masas superficiales que adoran las narrativas evasivas, que desprecian los hechos y se regodean en las opiniones -con frecuencia parciales e interesadas, vanas y mentirosas, o intrascendentes y desarticuladas- una voz clara, directa, franca, personal, intensa y apasionada se agradece.<\/p>\n\n\n\n<p class=\"wp-block-paragraph\">Algo interesante de la escritura de Ernaux es que se centra en esos pocos metros cuadrados donde transcurre la vida de todas las personas. Sus espacios personales, sus interacciones, su esfera de incidencia, su entorno, su presencia, su historia y c\u00f3mo \u00e9sta se entrelaza con las historias de los dem\u00e1s. No narra grandes acontecimientos, ni se pierde en la gran elocuencia de la arrogancia. Se concentra en lo micro, lo \u00edntimo, lo significativo, lo importante. \u201cMientras ellos se ocupan de lo geo-pol\u00edtico, de lo realmente importante, de lo que consideran trascendente, ellas se ocupan de lo cotidiano, de lo necesario, de lo inmediato, de proteger, de cuidar y de abrazar. Mientras ellos hablan desde el pedestal de la sapiencia, ellas escuchan\u201d.<\/p>\n\n\n\n<p class=\"wp-block-paragraph\">Desde que inici\u00f3 como escritora en 1974 y hasta el 2015, Annie Ernaux ha publicado con regularidad. No toda su obra esta traducida el espa\u00f1ol, solo algunos de sus textos m\u00e1s emblem\u00e1ticos, aunque seguramente ahora, con la distinci\u00f3n del Nobel, se editara su obra completa. Pero, sus obras m\u00e1s reconocidas fueron editadas en espa\u00f1ol por Tusquets, Cabaret Voltaire, Caserola y Seix Barral.<\/p>\n\n\n\n<p class=\"wp-block-paragraph\">Si se tiene alg\u00fan inter\u00e9s en conocer a la Premio Nobel de Literatura 2022, la primera mujer en Francia que lo recibe (aunque en la larga vida del premio figuran como 15 franceses y el primer Nobel fue para el franc\u00e9s Sully Prudhomme, en 1901), se puede empezar leyendo&nbsp; \u201cUna mujer\u201d (Seix Barral, 1988) que se enfoca en la vida de su madre y su relaci\u00f3n con ella, o leer dos de sus mejores obras: \u00abLa mujer helada\u00bb que narra experiencias matrimoniales, o \u00abLa Verg\u00fcenza\u00bb, un libro sobre ese profundo y humillante sentimiento que se apodera del ser ante la p\u00e9rdida de la propia dignidad.<\/p>\n","protected":false},"excerpt":{"rendered":"<p>Como todos los a\u00f1os, la prestigiada Academia Sueca, responsable de reconocer a la escritora o escritor cuya obra sea considerada, en su conjunto, como trascendente y muy destacada<\/p>\n","protected":false},"author":3,"featured_media":38638,"comment_status":"open","ping_status":"open","sticky":false,"template":"","format":"standard","meta":{"_monsterinsights_skip_tracking":false,"footnotes":""},"categories":[693,515,35,514],"tags":[459],"class_list":["post-57100","post","type-post","status-publish","format-standard","has-post-thumbnail","category-693","category-marcela-eternod-aramburu","category-opinion","category-vida-y-lectura","tag-opinion"],"_links":{"self":[{"href":"https:\/\/redsemlac.com\/semmexico\/wp-json\/wp\/v2\/posts\/57100","targetHints":{"allow":["GET"]}}],"collection":[{"href":"https:\/\/redsemlac.com\/semmexico\/wp-json\/wp\/v2\/posts"}],"about":[{"href":"https:\/\/redsemlac.com\/semmexico\/wp-json\/wp\/v2\/types\/post"}],"author":[{"embeddable":true,"href":"https:\/\/redsemlac.com\/semmexico\/wp-json\/wp\/v2\/users\/3"}],"replies":[{"embeddable":true,"href":"https:\/\/redsemlac.com\/semmexico\/wp-json\/wp\/v2\/comments?post=57100"}],"version-history":[{"count":0,"href":"https:\/\/redsemlac.com\/semmexico\/wp-json\/wp\/v2\/posts\/57100\/revisions"}],"wp:featuredmedia":[{"embeddable":true,"href":"https:\/\/redsemlac.com\/semmexico\/wp-json\/wp\/v2\/media\/38638"}],"wp:attachment":[{"href":"https:\/\/redsemlac.com\/semmexico\/wp-json\/wp\/v2\/media?parent=57100"}],"wp:term":[{"taxonomy":"category","embeddable":true,"href":"https:\/\/redsemlac.com\/semmexico\/wp-json\/wp\/v2\/categories?post=57100"},{"taxonomy":"post_tag","embeddable":true,"href":"https:\/\/redsemlac.com\/semmexico\/wp-json\/wp\/v2\/tags?post=57100"}],"curies":[{"name":"wp","href":"https:\/\/api.w.org\/{rel}","templated":true}]}}