{"id":57097,"date":"2022-10-10T09:14:02","date_gmt":"2022-10-10T15:14:02","guid":{"rendered":"https:\/\/redsemlac.com\/semmexico\/?p=57097"},"modified":"2023-07-21T19:18:26","modified_gmt":"2023-07-22T00:18:26","slug":"oit-propone-protocolo-para-evitar-el-trabajo-forzoso-trata-de-personas-y-explotacion-de-las-y-los-mexicanos","status":"publish","type":"post","link":"https:\/\/redsemlac.com\/semmexico\/oit-propone-protocolo-para-evitar-el-trabajo-forzoso-trata-de-personas-y-explotacion-de-las-y-los-mexicanos\/","title":{"rendered":"OIT propone protocolo para evitar el trabajo forzoso, trata de personas y explotaci\u00f3n de las y los mexicanos"},"content":{"rendered":"\n<ul class=\"wp-block-list\"><li><strong>Este Protocolo es una pieza fundamental en los esfuerzos para suprimir la explotaci\u00f3n, as\u00ed como la trata de personas y todas las formas de labores obligadas en M\u00e9xico, <\/strong><strong>presidente de la Comisi\u00f3n de Trabajo y Previsi\u00f3n Social.<\/strong><strong>&nbsp;<\/strong><\/li><\/ul>\n\n\n\n<p class=\"wp-block-paragraph\"><strong>Micaela M\u00e1rquez <\/strong><strong><\/strong><\/p>\n\n\n\n<p class=\"wp-block-paragraph\">SemM\u00e9xico, Ciudad de M\u00e9xico, 10 de octubre del 2022.- Las comisiones unidas de Relaciones Exteriores; y de Trabajo y Previsi\u00f3n Social del Senado avalaron un dictamen por el que se aprueba el Protocolo de 2014, relativo al Convenio sobre el Trabajo Forzoso, 1930, adoptado en Ginebra el 11 de junio de 2014.&nbsp;<\/p>\n\n\n\n<p class=\"wp-block-paragraph\">De acuerdo a la Organizaci\u00f3n Internacional del Trabajo (OIT) 21 millones de personas son sometidas a trabajo forzoso como v\u00edctimas de trata, y est\u00e1n sujetas a un r\u00e9gimen de servidumbre por deudas o laboran en condiciones an\u00e1logas a la esclavitud, por lo que 90 por ciento de las v\u00edctimas son objeto de explotaci\u00f3n en la econom\u00eda privada. &nbsp;<\/p>\n\n\n\n<p class=\"wp-block-paragraph\">De aprobarse por el pleno este convenio se ratificar\u00e1 la presentaci\u00f3n ante el director de la OIT. Actualmente, 55 pa\u00edses han ratificado este Convenio, de los cuales tres entrar\u00e1n en vigor en el 2023, que son Australia, Banglad\u00e9s y Malasia.<\/p>\n\n\n\n<p class=\"wp-block-paragraph\">Napole\u00f3n G\u00f3mez Urrutia, presidente de la Comisi\u00f3n de Trabajo y Previsi\u00f3n Social destac\u00f3 que este Protocolo es una pieza fundamental en los esfuerzos para suprimir la explotaci\u00f3n, as\u00ed como la trata de personas y todas las formas de labores obligadas en M\u00e9xico.&nbsp;<\/p>\n\n\n\n<p class=\"wp-block-paragraph\">El protocolo no s\u00f3lo reconoce la prohibici\u00f3n de las formas an\u00e1logas de esclavitud, sino que las combate a trav\u00e9s de acciones precisas con normas y medidas jur\u00eddicas para la prevenci\u00f3n, protecci\u00f3n y la reparaci\u00f3n del da\u00f1o a las v\u00edctimas.&nbsp;<\/p>\n\n\n\n<p class=\"wp-block-paragraph\">El senador H\u00e9ctor Vasconcelos de Morena, presidente de la Comisi\u00f3n de Relaciones Exteriores, record\u00f3 que cuando fue c\u00f3nsul en Boston era una pr\u00e1ctica las contrataciones fraudulentas de trabajadoras y trabajadores mexicanos en Estados Unidos, por lo que el gobierno mexicano introdujo el&nbsp;<em>class action,&nbsp;<\/em>que fue la primera demanda de M\u00e9xico ante una empresa norteamericana para recuperar los derechos de las y los mexicanos.&nbsp;<br><br><\/p>\n\n\n\n<p class=\"wp-block-paragraph\">La legisladora Patricia Mercado, de Movimiento Ciudadano, enfatiz\u00f3 la importancia del dictamen para dar seguimiento a las personas que se van a Estados Unidos, a trav\u00e9s del Programa de Movilidad Laboral, y as\u00ed poder intervenir como Estado cuando se explote a las y los migrantes.&nbsp;<br><br>Israel Zamora Guzm\u00e1n, senador del PVEM, coment\u00f3 que una de las finalidades de este Convenio es que busca que haya informaci\u00f3n de qu\u00e9 es el trabajo forzoso para suprimir estas acciones, que se dan contra las y los mexicanos que van a Norteam\u00e9rica a laborar, pero son v\u00edctimas de trabajos forzosos. &nbsp;&nbsp;<br><br>Mientras Salvador Tinajero, consultor jur\u00eddico de la Secretar\u00eda de Relaciones Exteriores, dijo que el documento establece medidas de protecci\u00f3n y prevenci\u00f3n del trabajo obligatorio, as\u00ed como acceso efectivo a las v\u00edctimas a acciones jur\u00eddicas de reparaci\u00f3n, y la cooperaci\u00f3n entre Estados miembros para garantizar la eliminaci\u00f3n de trata forzosa.&nbsp;&nbsp;<br><br>Las legisladoras morenistas Martha Luc\u00eda Micher Camarena, presidenta de la Comisi\u00f3n para la Igualdad de G\u00e9nero, adem\u00e1s de expresar que el Convenio enriquece el marco jur\u00eddico de M\u00e9xico para realizar acciones jur\u00eddicas para reparaci\u00f3n del da\u00f1o y prevenci\u00f3n, destac\u00f3 que es importante centrarse en las sanciones para las y los agresores y atender que las v\u00edctimas accedan a soluciones jur\u00eddicas y al derecho a la reparaci\u00f3n del da\u00f1o. &nbsp;<br><br>Mientras que Bertha Alicia Caraveo Camarena, afirm\u00f3 que hoy en d\u00eda, lamentablemente, sigue presente el trabajo forzado en todo el sistema internacional, por lo que refiri\u00f3 \u201ccomo Congreso revisor no podemos dejar de lado el monitoreo constante de su implementaci\u00f3n, para velar por la justicia social y el bienestar de las y los trabajadores\u201d. SEM\/MG&nbsp;<br><br><\/p>\n","protected":false},"excerpt":{"rendered":"<p>Este Protocolo es una pieza fundamental en los esfuerzos para suprimir la explotaci\u00f3n, as\u00ed como la trata de personas y todas las formas de labores obligadas en M\u00e9xico, presidente de la Comisi\u00f3n de Trabajo y Previsi\u00f3n Social.\u00a0<\/p>\n","protected":false},"author":3,"featured_media":57098,"comment_status":"open","ping_status":"open","sticky":false,"template":"","format":"standard","meta":{"_monsterinsights_skip_tracking":false,"footnotes":""},"categories":[693,51],"tags":[],"class_list":["post-57097","post","type-post","status-publish","format-standard","has-post-thumbnail","category-693","category-ejecutivo"],"_links":{"self":[{"href":"https:\/\/redsemlac.com\/semmexico\/wp-json\/wp\/v2\/posts\/57097","targetHints":{"allow":["GET"]}}],"collection":[{"href":"https:\/\/redsemlac.com\/semmexico\/wp-json\/wp\/v2\/posts"}],"about":[{"href":"https:\/\/redsemlac.com\/semmexico\/wp-json\/wp\/v2\/types\/post"}],"author":[{"embeddable":true,"href":"https:\/\/redsemlac.com\/semmexico\/wp-json\/wp\/v2\/users\/3"}],"replies":[{"embeddable":true,"href":"https:\/\/redsemlac.com\/semmexico\/wp-json\/wp\/v2\/comments?post=57097"}],"version-history":[{"count":0,"href":"https:\/\/redsemlac.com\/semmexico\/wp-json\/wp\/v2\/posts\/57097\/revisions"}],"wp:featuredmedia":[{"embeddable":true,"href":"https:\/\/redsemlac.com\/semmexico\/wp-json\/wp\/v2\/media\/57098"}],"wp:attachment":[{"href":"https:\/\/redsemlac.com\/semmexico\/wp-json\/wp\/v2\/media?parent=57097"}],"wp:term":[{"taxonomy":"category","embeddable":true,"href":"https:\/\/redsemlac.com\/semmexico\/wp-json\/wp\/v2\/categories?post=57097"},{"taxonomy":"post_tag","embeddable":true,"href":"https:\/\/redsemlac.com\/semmexico\/wp-json\/wp\/v2\/tags?post=57097"}],"curies":[{"name":"wp","href":"https:\/\/api.w.org\/{rel}","templated":true}]}}