{"id":57095,"date":"2022-10-10T09:12:02","date_gmt":"2022-10-10T15:12:02","guid":{"rendered":"https:\/\/redsemlac.com\/semmexico\/?p=57095"},"modified":"2023-07-21T19:18:27","modified_gmt":"2023-07-22T00:18:27","slug":"cuba-articulacion-feminista-apuesta-por-un-espacio-comun-de-transformacion","status":"publish","type":"post","link":"https:\/\/redsemlac.com\/semmexico\/cuba-articulacion-feminista-apuesta-por-un-espacio-comun-de-transformacion\/","title":{"rendered":"Cuba: Articulaci\u00f3n feminista apuesta por un espacio com\u00fan de transformaci\u00f3n"},"content":{"rendered":"\n<p class=\"wp-block-paragraph\"><strong>Dixie Edith<\/strong><\/p>\n\n\n\n<p class=\"wp-block-paragraph\">SemM\u00e9xico\/SEMlac, La Habana, Cuba, 10 de octubre del 2022.- Los movimientos feministas en Am\u00e9rica Latina y el Caribe necesitan rescatar un espacio com\u00fan de articulaci\u00f3n, solidario, transformador y sostenido en el quehacer comunitario, coincidieron activistas de varios pa\u00edses de la regi\u00f3n durante una reuni\u00f3n virtual coordinada desde Cuba, el jueves 6 de octubre.<\/p>\n\n\n\n<p class=\"wp-block-paragraph\">El encuentro, convocado desde la Red Feminista Berta C\u00e1ceres, puso a debate elementos del escenario regional actual, como el impacto de la crisis econ\u00f3mica -heredada en muchas de sus dimensiones de la Covid-19-, sobre los derechos de las mujeres y los principales desaf\u00edos que de ella se derivan para los movimientos por la igualdad.<\/p>\n\n\n\n<p class=\"wp-block-paragraph\">Luchadoras feministas de Guatemala, Rep\u00fablica Dominicana, Brasil, M\u00e9xico, Ecuador y Cuba valoraron la situaci\u00f3n de sus contextos particulares y aportaron elementos que no pueden faltar a la hora de armar una articulaci\u00f3n feminista en la regi\u00f3n.<\/p>\n\n\n\n<p class=\"wp-block-paragraph\">Con poco m\u00e1s de una d\u00e9cada de vida, la red Berta C\u00e1ceres naci\u00f3 como fruto de varios encuentros de feministas latinoamericanas en la capital cubana, bajo la convocatoria del evento Paradigmas Emancipatorios, coordinados por el Grupo Am\u00e9rica Latina, Filosof\u00eda Social y Axiolog\u00eda (Galfisa), del Instituto de Filosof\u00eda.<\/p>\n\n\n\n<p class=\"wp-block-paragraph\">La cita virtual de la pasada semana, organizada sobre plataformas de Telegram, da entrada al Encuentro \u00abHacia una agenda de articulaci\u00f3n feminista\u00bb que se celebrar\u00e1 en La Habana los d\u00edas 18 y 19 de octubre, precis\u00f3 Georgina Alfonso, coordinadora de la red y directora del Instituto de Filosof\u00eda.<\/p>\n\n\n\n<p class=\"wp-block-paragraph\">\u00abEn los \u00faltimos tiempos, en el contexto cubano -y esto es algo que nos causa mucha felicidad-, se ha despertado un inter\u00e9s por acercarse al feminismo desde diferentes corrientes, pero sobre todo al feminismo popular que nos llega de Am\u00e9rica Latina\u00bb, explic\u00f3 Alfonso.<\/p>\n\n\n\n<p class=\"wp-block-paragraph\">\u00abUstedes que nos han acompa\u00f1ado a lo largo de estos a\u00f1os saben lo dif\u00edcil que ha resultado esto y por eso las estamos invitamos a aportar an\u00e1lisis y recomendaciones\u00bb, invit\u00f3 la fil\u00f3sofa cubana.<\/p>\n\n\n\n<p class=\"wp-block-paragraph\">Para la guatemalteca Sandra Mor\u00e1n, defensora de los derechos de la comunidad LGBTIQ (lesbiana, gay, bisexual, transg\u00e9nero, transexual, travesti, intersexual y queer) en su pa\u00eds hoy marcan la ruta de la crisis el problema de la violencia contra las mujeres y los feminicidios y el encarecimiento de la canasta b\u00e1sica, que pone en juego la sostenibilidad de la vida.<\/p>\n\n\n\n<p class=\"wp-block-paragraph\">Pero tambi\u00e9n est\u00e1n \u00ablos fundamentalismos, que ponen obst\u00e1culos a cualquier agenda de las mujeres y al ejercicio de los derechos sexuales y reproductivos\u00bb, agreg\u00f3 Mor\u00e1n, tambi\u00e9n coordinadora de la escuela feminista Berta C\u00e1ceres y primera congresista lesbiana en la historia de Guatemala.<\/p>\n\n\n\n<p class=\"wp-block-paragraph\">Es importante \u00abfortalecernos como movimiento, porque estamos muy dispersas y no contamos con un espacio com\u00fan. Tenemos que articularnos m\u00e1s y apoyar esta propuesta que est\u00e1 en camino, que es la de un movimiento plurinacional para Guatemala, pero tambi\u00e9n la articulaci\u00f3n regional\u00bb, precis\u00f3 la guatemalteca.<\/p>\n\n\n\n<p class=\"wp-block-paragraph\">Nalu Faria, brasile\u00f1a e integrante de la Marcha Mundial de las Mujeres (MMM), por su parte, identific\u00f3 como desaf\u00edos \u00abuna presi\u00f3n del imperialismo que nos pone obst\u00e1culos a todas\u00bb.<\/p>\n\n\n\n<p class=\"wp-block-paragraph\">\u00abUn tema que seguimos teniendo pendiente es c\u00f3mo caen sobre las mujeres, justamente en los momentos de crisis, las cargas de mantener a la familia, de la sostenibilidad de la vida. Y eso nos pone agendas comunes\u00bb, reflexion\u00f3 Faria.<\/p>\n\n\n\n<p class=\"wp-block-paragraph\">La activista brasile\u00f1a alert\u00f3 sobre la necesidad de generar debates diferentes y contar con las generaciones m\u00e1s j\u00f3venes.<\/p>\n\n\n\n<p class=\"wp-block-paragraph\">\u00abTenemos que abrir m\u00e1s la agenda de lo que podemos hacer juntas y empezar a trabajar a partir de esa dimensi\u00f3n. En la Marcha (MMM) utilizamos varias estrategias para construir espacios desde las j\u00f3venes y sus expectativas\u00bb, insisti\u00f3 Faria.<\/p>\n\n\n\n<p class=\"wp-block-paragraph\">En opini\u00f3n de Yildalina Tatem Brache, jurista y acad\u00e9mica dominicana, \u00absi ya reconocemos que hay una dispersi\u00f3n que no nos hace bien, debemos establecer la posibilidad de un espacio com\u00fan para un di\u00e1logo respetuoso, transparente. Y desde la definici\u00f3n del fin y las estrategias para conseguirlo, establecer un m\u00ednimo de acuerdos desde donde avanzar todas juntas\u00bb.<\/p>\n\n\n\n<p class=\"wp-block-paragraph\">En el caso de Cuba, la situaci\u00f3n econ\u00f3mica actual y las cargas que ella deposita sobre las mujeres; los desaf\u00edos del cuidado y, sobre todo, el seguimiento a la implementaci\u00f3n del reci\u00e9n aprobado C\u00f3digo de las Familias, clasificaron como problem\u00e1ticas medulares, a juicio de las participantes en el encuentro.<\/p>\n\n\n\n<p class=\"wp-block-paragraph\">\u00abSon asuntos que conectan con nuestras propias realidades\u00bb, precis\u00f3 Mor\u00e1n.<\/p>\n\n\n\n<p class=\"wp-block-paragraph\">Faria llam\u00f3 tambi\u00e9n a considerar la dimensi\u00f3n del bloqueo, que \u00abacaba poniendo sobre Cuba m\u00e1s presi\u00f3n sobre estos elementos comunes a los nuestros que tienen que ver con la pobreza, el incremento de los precios de los alimentos, entre otros\u00bb.<\/p>\n\n\n\n<p class=\"wp-block-paragraph\">Para Alfonso, \u00abla articulaci\u00f3n debe partir de construir un espacio com\u00fan de intercambios\u00bb.<\/p>\n\n\n\n<p class=\"wp-block-paragraph\">\u00abY, sobre todo, que sea en las comunidades donde ganemos los activismos. No nos podemos quedar en los t\u00e9rminos discursivos. Nos toca rescatar los espacios de solidaridad y de cuidados que nos han ido arrebatando. Porque si no, las mujeres pobres siguen quedando m\u00e1s pobres y los excluidos siguen excluidos\u00bb, insisti\u00f3 la coordinadora de la Red Berta C\u00e1ceres.<\/p>\n\n\n\n<p class=\"wp-block-paragraph\">SEM\/MG<\/p>\n","protected":false},"excerpt":{"rendered":"<p>Los movimientos feministas en Am\u00e9rica Latina y el Caribe necesitan rescatar un espacio com\u00fan de articulaci\u00f3n, solidario, transformador y sostenido en el quehacer comunitario<\/p>\n","protected":false},"author":3,"featured_media":21618,"comment_status":"open","ping_status":"open","sticky":false,"template":"","format":"standard","meta":{"_monsterinsights_skip_tracking":false,"footnotes":""},"categories":[693,53],"tags":[],"class_list":["post-57095","post","type-post","status-publish","format-standard","has-post-thumbnail","category-693","category-internacional"],"_links":{"self":[{"href":"https:\/\/redsemlac.com\/semmexico\/wp-json\/wp\/v2\/posts\/57095","targetHints":{"allow":["GET"]}}],"collection":[{"href":"https:\/\/redsemlac.com\/semmexico\/wp-json\/wp\/v2\/posts"}],"about":[{"href":"https:\/\/redsemlac.com\/semmexico\/wp-json\/wp\/v2\/types\/post"}],"author":[{"embeddable":true,"href":"https:\/\/redsemlac.com\/semmexico\/wp-json\/wp\/v2\/users\/3"}],"replies":[{"embeddable":true,"href":"https:\/\/redsemlac.com\/semmexico\/wp-json\/wp\/v2\/comments?post=57095"}],"version-history":[{"count":0,"href":"https:\/\/redsemlac.com\/semmexico\/wp-json\/wp\/v2\/posts\/57095\/revisions"}],"wp:featuredmedia":[{"embeddable":true,"href":"https:\/\/redsemlac.com\/semmexico\/wp-json\/wp\/v2\/media\/21618"}],"wp:attachment":[{"href":"https:\/\/redsemlac.com\/semmexico\/wp-json\/wp\/v2\/media?parent=57095"}],"wp:term":[{"taxonomy":"category","embeddable":true,"href":"https:\/\/redsemlac.com\/semmexico\/wp-json\/wp\/v2\/categories?post=57095"},{"taxonomy":"post_tag","embeddable":true,"href":"https:\/\/redsemlac.com\/semmexico\/wp-json\/wp\/v2\/tags?post=57095"}],"curies":[{"name":"wp","href":"https:\/\/api.w.org\/{rel}","templated":true}]}}