{"id":57092,"date":"2022-10-10T09:10:40","date_gmt":"2022-10-10T15:10:40","guid":{"rendered":"https:\/\/redsemlac.com\/semmexico\/?p=57092"},"modified":"2023-07-21T19:18:27","modified_gmt":"2023-07-22T00:18:27","slug":"cuba-jornadas-visibilizan-avances-y-deudas-en-prevencion-del-abuso-sexual-infantil","status":"publish","type":"post","link":"https:\/\/redsemlac.com\/semmexico\/cuba-jornadas-visibilizan-avances-y-deudas-en-prevencion-del-abuso-sexual-infantil\/","title":{"rendered":"Cuba: Jornadas visibilizan avances y deudas en prevenci\u00f3n del abuso sexual infantil"},"content":{"rendered":"\n<p class=\"wp-block-paragraph\"><strong>Redacci\u00f3n<\/strong><\/p>\n\n\n\n<p class=\"wp-block-paragraph\">SemM\u00e9xico\/SEMlac, La Habana, Cuba, 10 de octubre del 2022.- Fomentar conciencia social y cultura de los derechos como formas de prevenir la violencia sexual infantil, a partir de promover la educaci\u00f3n integral de la sexualidad (EIS), es uno de los desaf\u00edos identificados por especialistas y participantes en las Jornadas Hablemos de sexualidad: aprender para la vida, que concluyeron este 5 de octubre en La Habana.<\/p>\n\n\n\n<p class=\"wp-block-paragraph\">La iniciativa, desarrollada por el Centro Nacional de Educaci\u00f3n Sexual (CENESEX) desde el pasado 11 de julio, impuls\u00f3 cerca de 30 talleres encaminados a potenciar la creatividad y participaci\u00f3n en el reconocimiento, defensa y divulgaci\u00f3n de los derechos sexuales de ni\u00f1as, ni\u00f1os y adolescentes, particularmente el derecho a la EIS.<\/p>\n\n\n\n<p class=\"wp-block-paragraph\">En secundarias b\u00e1sicas, preuniversitarios, instituciones de la ense\u00f1anza especial, escuelas de oficios, centros de salud mental, entre otros espacios comunitarios, m\u00e1s de 670 adolescentes intercambiaron con las y los especialistas del centro, familiares y docentes sobre estas tem\u00e1ticas, precis\u00f3 la psic\u00f3loga Ana Mar\u00eda Cano, del CENESEX en la actividad de clausura.<\/p>\n\n\n\n<p class=\"wp-block-paragraph\">De acuerdo con la experta, los intercambios confirmaron la importancia de la EIS como un paso imprescindible en el camino de la prevenci\u00f3n del maltrato infantil, a partir de los indicadores comunes que emergieron de los debates.<\/p>\n\n\n\n<p class=\"wp-block-paragraph\">\u00abFalta de confianza en los adultos primordiales por parte de las y los adolescentes, marcado temor a que no les crean cuando refieren situaciones de abuso, o el no visualizar a los maestros como figuras de apoyo a las cuales acudir ante una situaci\u00f3n de maltrato, son algunas de las inquietudes reveladas en los talleres\u00bb, precis\u00f3 Ana Mar\u00eda Cano.<\/p>\n\n\n\n<p class=\"wp-block-paragraph\">Asimismo, la psic\u00f3loga mencion\u00f3 que hay en este grupo etario la tendencia a se\u00f1alar el suicidio como consecuencia ante situaciones de abuso, reaccionan de manera violenta en las escenas mostrando a las madres como principales figuras de la agresi\u00f3n f\u00edsica o como entes pasivos ante la violencia por parte de los padres.<\/p>\n\n\n\n<p class=\"wp-block-paragraph\">Agreg\u00f3 que en debates en comunidades vulnerables se identific\u00f3 el entorno familiar y los padres como los principales escenarios y personas que ejercen la violencia contra ellos y ellas, llegando a emplear cualquier tipo de objeto como cintos, amarres, cuchillos, palos, chancletas, y amenazas con prohibirle el uso de la tecnolog\u00eda, refiri\u00f3.<\/p>\n\n\n\n<p class=\"wp-block-paragraph\">Son asuntos que requieren profundizaci\u00f3n e investigaci\u00f3n, sostuvo Mariela Castro Esp\u00edn, directora del CENESEX, junto a otros temas como el acoso escolar, el abandono como forma de maltrato, la negligencia, el suicidio vinculado a situaciones de abuso, o la violencia ejercida o permitida por los responsables parentales.<\/p>\n\n\n\n<p class=\"wp-block-paragraph\">Se\u00f1al\u00f3 que los espacios de socializaci\u00f3n con las y los adolescentes tambi\u00e9n evidenciaron emergentes positivos como que los participantes conoc\u00edan los derechos de las ni\u00f1as y ni\u00f1os en Cuba, saben que pueden solicitar ayuda cuando son v\u00edctimas de maltrato, identifican a los talleres como un espacio donde se sienten seguros\/as, felices, tranquilos\/as porque ofrecen paz y aprendizaje.<\/p>\n\n\n\n<p class=\"wp-block-paragraph\">\u00abIdentifican las principales manifestaciones del maltrato infantil f\u00edsico y psicol\u00f3gico, y eso es una ganancia\u00bb, agreg\u00f3 Ana Mar\u00eda Cano, quien destac\u00f3 que bajo el lema Dale like a tus derechos, la jornada llev\u00f3 su mensaje a varios municipios de la capital y a las provincias de Artemisa y Mayabeque en occidente, y de Las Tunas y Santiago de Cuba en el oriente de la naci\u00f3n caribe\u00f1a.<\/p>\n\n\n\n<p class=\"wp-block-paragraph\">Mariela Castro destac\u00f3 que entre los objetivos principales de esta iniciativa est\u00e1n el lograr que ni\u00f1os, ni\u00f1as y adolescentes sean capaces de reconocer que son sujetos de derecho; explicar los sentimientos asociados a los cambios que ocurren en la etapa de la pubertad; reconocer el autocuidado de sus cuerpos como elemento fundamental para su bienestar y salud integral, e identificar cu\u00e1ndo pueden estar inmersos\/as en situaciones de violencia sexual y buscar ayuda y protecci\u00f3n.<\/p>\n\n\n\n<p class=\"wp-block-paragraph\">A ello se suma la aspiraci\u00f3n de que las y los adultos primordiales sea capaces de conocer la importancia de educar en la sexualidad desde edades tempranas e identificar aquellas se\u00f1ales en sus hijos e hijas que indican que han sido v\u00edctimas de violencia sexual, entre otros.<\/p>\n\n\n\n<p class=\"wp-block-paragraph\">La educaci\u00f3n integral de la sexualidad como elemento clave para el desarrollo de una sexualidad sana y plena y v\u00eda para tomar decisiones de manera consciente e informada es esencial, revel\u00f3 un panel integrado por varias adolescentes.<\/p>\n\n\n\n<p class=\"wp-block-paragraph\">En el espacio de debate se explic\u00f3 que las y los adolescentes tienen m\u00faltiples derechos, como los sexuales, entre los cuales se encuentra el derecho a mostrar afecto p\u00fablico, a decidir qu\u00e9 hacer con sus cuerpos, con quien o quienes relacionarse y un derecho fundamental: el derecho a la no violencia.<\/p>\n\n\n\n<p class=\"wp-block-paragraph\">Yulieski Mor\u00e9, abogado y especialista del CENESEX, apunt\u00f3 que en ese camino es medular entender la sexualidad no solamente como el mero placer de tener sexo, sino que va mucho m\u00e1s all\u00e1, de conocer c\u00f3mo cuidar nuestros cuerpos, c\u00f3mo protegerlos de la violencia y el maltrato.<\/p>\n\n\n\n<p class=\"wp-block-paragraph\">Ello pasa por escuchar activamente a las ni\u00f1as, a los ni\u00f1os y a los adolescentes, y que estos puedan vivir en una sociedad libre de violencia, sinti\u00e9ndose sujetos de derechos, dignos\/as y respetados\/as, dijo.<\/p>\n\n\n\n<p class=\"wp-block-paragraph\">En ese prop\u00f3sito es fundamental el nuevo C\u00f3digo de las Familias aprobado recientemente en referendo popular, en tanto brinda una mayor protecci\u00f3n a la ni\u00f1ez y la adolescencia y es severo en el castigo a la violencia en cualquiera de sus formas, precis\u00f3 la directora del CENESEX.<\/p>\n\n\n\n<p class=\"wp-block-paragraph\">La legislaci\u00f3n, adem\u00e1s, promueve la escucha de las y los menores y la autonom\u00eda progresiva, aspectos a los que las jornadas brindaron atenci\u00f3n por su estrecha relaci\u00f3n con los derechos de los infantes y su bienestar.<\/p>\n\n\n\n<p class=\"wp-block-paragraph\">SEM\/MG<\/p>\n","protected":false},"excerpt":{"rendered":"<p>Fomentar conciencia social y cultura de los derechos como formas de prevenir la violencia sexual infantil, a partir de promover la educaci\u00f3n integral de la sexualidad<\/p>\n","protected":false},"author":3,"featured_media":57093,"comment_status":"open","ping_status":"open","sticky":false,"template":"","format":"standard","meta":{"_monsterinsights_skip_tracking":false,"footnotes":""},"categories":[693,53],"tags":[],"class_list":["post-57092","post","type-post","status-publish","format-standard","has-post-thumbnail","category-693","category-internacional"],"_links":{"self":[{"href":"https:\/\/redsemlac.com\/semmexico\/wp-json\/wp\/v2\/posts\/57092","targetHints":{"allow":["GET"]}}],"collection":[{"href":"https:\/\/redsemlac.com\/semmexico\/wp-json\/wp\/v2\/posts"}],"about":[{"href":"https:\/\/redsemlac.com\/semmexico\/wp-json\/wp\/v2\/types\/post"}],"author":[{"embeddable":true,"href":"https:\/\/redsemlac.com\/semmexico\/wp-json\/wp\/v2\/users\/3"}],"replies":[{"embeddable":true,"href":"https:\/\/redsemlac.com\/semmexico\/wp-json\/wp\/v2\/comments?post=57092"}],"version-history":[{"count":0,"href":"https:\/\/redsemlac.com\/semmexico\/wp-json\/wp\/v2\/posts\/57092\/revisions"}],"wp:featuredmedia":[{"embeddable":true,"href":"https:\/\/redsemlac.com\/semmexico\/wp-json\/wp\/v2\/media\/57093"}],"wp:attachment":[{"href":"https:\/\/redsemlac.com\/semmexico\/wp-json\/wp\/v2\/media?parent=57092"}],"wp:term":[{"taxonomy":"category","embeddable":true,"href":"https:\/\/redsemlac.com\/semmexico\/wp-json\/wp\/v2\/categories?post=57092"},{"taxonomy":"post_tag","embeddable":true,"href":"https:\/\/redsemlac.com\/semmexico\/wp-json\/wp\/v2\/tags?post=57092"}],"curies":[{"name":"wp","href":"https:\/\/api.w.org\/{rel}","templated":true}]}}