{"id":57088,"date":"2022-10-10T09:07:22","date_gmt":"2022-10-10T15:07:22","guid":{"rendered":"https:\/\/redsemlac.com\/semmexico\/?p=57088"},"modified":"2023-07-21T19:18:27","modified_gmt":"2023-07-22T00:18:27","slug":"alfa-omega-la-guera-rodriguez-heroina-de-la-independencia-bellisima-aristocrata-del-siglo-xix","status":"publish","type":"post","link":"https:\/\/redsemlac.com\/semmexico\/alfa-omega-la-guera-rodriguez-heroina-de-la-independencia-bellisima-aristocrata-del-siglo-xix\/","title":{"rendered":"Alfa Omega| \u201cLa G\u00fcera\u201d Rodr\u00edguez, \u00bfHero\u00edna de la Independencia? Bell\u00edsima arist\u00f3crata del Siglo XIX"},"content":{"rendered":"\n<p class=\"has-medium-font-size wp-block-paragraph\"><strong>A los 16 a\u00f1os conoci\u00f3 a Humboldt. \u00bfAutora y redactora del Plan de Iguala?<\/strong><\/p>\n\n\n\n<p class=\"wp-block-paragraph\"><strong>Jorge Herrera Valenzuela<\/strong><\/p>\n\n\n\n<p class=\"has-text-align-right has-small-font-size wp-block-paragraph\"><strong><em>Este lunes 10, 198 Aniversario de la Rep\u00fablica Mexicana<\/em><\/strong><\/p>\n\n\n\n<p class=\"wp-block-paragraph\">SemM\u00e9xico, Ciudad de M\u00e9xico, 10 de octubre del 2022.- Entre los personajes de la Historia de M\u00e9xico hay mujeres y hombres poco conocidos, a pesar de su destacada participaci\u00f3n e influencia en decisiones que significaron nuevos derroteros en una Rep\u00fablica Federal en formaci\u00f3n, despu\u00e9s del 1821 al declararse la Consumaci\u00f3n de la Independencia, la desaparici\u00f3n de los 302 a\u00f1os de ser la Nueva Espa\u00f1a. Pasar\u00edan 15 a\u00f1os para que se firmara la paz y se iniciara la amistad entre Espa\u00f1a y los Estados Unidos Mexicanos, mediante el Tratado de Santa Mar\u00eda-Calatrava.<\/p>\n\n\n\n<p class=\"wp-block-paragraph\">Bien. Les comentar\u00e9 que en la d\u00e9cada de los a\u00f1os 70 del Siglo XIX en la Ciudad de M\u00e9xico naci\u00f3 una mujer, a la cual el segundo presidente de Ecuador, escritor, pol\u00edtico y diplom\u00e1tico <strong>Vicente Rocafuerte <\/strong>(Vicente Rocafuerte Rodr\u00edguez de Bejarano) describi\u00f3 en los siguientes t\u00e9rminos a \u201c<strong>La G\u00fcera\u201d Rodr\u00edguez<\/strong>:<\/p>\n\n\n\n<p class=\"wp-block-paragraph\"><strong><em>\u201c\u2026preciosa rubia, de seductora hermosura, llena de gracias, de hechizos y dotada de talentos, de un vivo ingenio para toda intriga y travesura, que su vida har\u00e1 \u00e9poca en la cr\u00f3nica escandalosa del An\u00e1huac\u201d<\/em><\/strong>.<\/p>\n\n\n\n<p class=\"wp-block-paragraph\">Esa es, con precisi\u00f3n y sin exageraci\u00f3n, la figura de quien se llam\u00f3 <strong>Mar\u00eda Ignacia Rodr\u00edguez de Velasco Osorio Barba y Bello Pereyra<\/strong>. Hija de Antonio Rodr\u00edguez de Velasco y Mar\u00eda Ignacia Osorio Barba y Bello Pereyra, \u201cLa G\u00fcera\u201d naci\u00f3 el 20 de noviembre de 1778 y muri\u00f3 19 d\u00edas antes de cumplir 72 a\u00f1os. Del primero de sus tres matrimonios procre\u00f3 tres hijas y un hijo; otro v\u00e1stago en sus segundas nupcias. Sus restos fueron sepultados en la Iglesia de San Francisco, en la calle del mismo nombre, hoy Madero. A corta distancia estaba el domicilio donde pas\u00f3 la mayor parte de su vida.<\/p>\n\n\n\n<h2 class=\"wp-block-heading\"><strong>Sus primeros amores<\/strong><\/h2>\n\n\n\n<p class=\"wp-block-paragraph\"><strong>Mar\u00eda Ignacia <\/strong>era una chica de la alta sociedad de la Ciudad de M\u00e9xico. Su familia pose\u00eda una considerable fortuna. Muy popular desde temprana edad y se sabe que a los 14 a\u00f1os de edad, en 1792, contrajo matrimonio con el capit\u00e1n del Ej\u00e9rcito <strong>Jos\u00e9 Jer\u00f3nimo L\u00f3pez de Peralta de Villar y Villamil y Primo. <\/strong>Lo conoc\u00edan simplemente como <strong>\u201cEl Capit\u00e1n Villamil\u201d.<\/strong> El matrimonio termin\u00f3 en 1808, luego de un juicio civil donde los c\u00f3nyuges se acusaron mutuamente, sin probar los cargos.<\/p>\n\n\n\n<p class=\"wp-block-paragraph\">Dos a\u00f1os despu\u00e9s de la boda, \u201cLa G\u00fcera\u201d era invitada por sus amistades de la nobleza social a reuniones, fiestas, comidas. Se codeaba con los personajes de la encumbrada sociedad. Conoci\u00f3 al ya renombrado viajero internacional <strong>Alexander von Humboldt<\/strong>, manteniendo una amistad muy estrecha y los rumores eran que hab\u00eda romance entre ellos. Su belleza atra\u00eda a los millonarios de la \u00e9poca.<\/p>\n\n\n\n<p class=\"wp-block-paragraph\">Para su cumplea\u00f1os n\u00famero 20, la se\u00f1ora esposa del Capit\u00e1n Villamil, era calificada de \u201cfr\u00edvola, de car\u00e1cter fuerte, bella\u201d que rompi\u00f3 con los prototipos de la mujer novohispana. Hab\u00eda conseguido su completa libertad.<\/p>\n\n\n\n<p class=\"wp-block-paragraph\">La hija de un matrimonio criollo poseedor de gran riqueza, solamente tuvo una hermana, menor, que se llam\u00f3 Mar\u00eda Josefa, nombre que le puso a una de sus tres hijas: Las otras dos fueron Mar\u00eda de la Paz y Mar\u00eda Antonia. El primog\u00e9nito fue bautizado con el nombre de Jer\u00f3nimo. No se precis\u00f3 el a\u00f1o en que sostuvo relaciones con otro destacado latinoamericano, <strong>Sim\u00f3n Bol\u00edvar. <\/strong>No narran sus bi\u00f3grafos detalles de las relaciones de \u201cLa G\u00fcera\u201d y Villamil. Sin embargo no debieron ser buenas porque terminaron ante un juez de lo civil.<\/p>\n\n\n\n<h2 class=\"wp-block-heading\"><strong>\u00c9l, golpeador. Ella, ad\u00faltera<\/strong><\/h2>\n\n\n\n<p class=\"wp-block-paragraph\">Diez a\u00f1os despu\u00e9s de la suntuosa boda de Mar\u00eda Ignacio y Jos\u00e9 Jer\u00f3nimo, ambos con sus respectivos abogados acudieron ante un representante de la justicia. La dama acus\u00f3 a su marido de que la golpeaba constantemente y que en una ocasi\u00f3n pretendi\u00f3 matarla a tiros, pero se encasquill\u00f3 la pistola.<\/p>\n\n\n\n<p class=\"wp-block-paragraph\">Se present\u00f3 como \u201cesposa sufrida y maltratada\u201d. Declar\u00f3, ante el juez de la causa, que ella \u201cera v\u00edctima del car\u00e1cter vol\u00e1til y violento de su esposo\u201d y se lleg\u00f3 a decir que hab\u00eda testigos de que la encontraron \u201cba\u00f1ada en sangre\u201d.<\/p>\n\n\n\n<p class=\"wp-block-paragraph\">Por su parte el Capit\u00e1n Villamil asegur\u00f3 que su mujer hab\u00eda tenido relaciones sexuales con tres curas, tres sacerdotes cat\u00f3licos. Cit\u00f3 el nombre de uno de ellos, Jos\u00e9 Mariano Berista\u00edn. Era compadre de la pareja.<\/p>\n\n\n\n<p class=\"wp-block-paragraph\">Tardaron tiempo en dilucidar su problema. Ninguno pudo comprobar los cargos que se lanzaron. Para 1808 el matrimonio qued\u00f3 disuelto. La hija Mar\u00eda Antonia no conoci\u00f3 a su pap\u00e1, pues muri\u00f3 meses antes de su nacimiento. Ya sus padres estaban divorciados.<\/p>\n\n\n\n<h2 class=\"wp-block-heading\"><strong>Dos matrimonios m\u00e1s<\/strong><\/h2>\n\n\n\n<p class=\"wp-block-paragraph\">Nuestra distinguida dama nunca se alej\u00f3 de los saraos y fiestas de sociedad. Ampliaba su c\u00edrculo de amistades. Se le ve\u00eda acompa\u00f1ada de militares Realistas al igual que de jefes Insurgentes. Se codeaba con virreyes y no dejaba de conversar con miembros de la nobleza. <strong>Mariano Briones, <\/strong>anciano millonario, la enamor\u00f3 y ella no dej\u00f3 escapar la oportunidad. Se casaron y tuvieron un hijo. El segundo esposo, en un corto lapso, falleci\u00f3. Obvio crecieron las riquezas de \u201cLa G\u00fcera\u201d. Heredera \u00fanica de Mariano.<\/p>\n\n\n\n<p class=\"wp-block-paragraph\"><strong>Monserrat Gali i Boadella<\/strong>, supuestamente amiga de nuestra comentada mujer, \u201c<strong><em>la llam\u00f3 prototipo de la mujer ilustrada y libertina<\/em><\/strong>\u201d. Los comentarios no cesaban. El chismorreo en las tertulias era el tema central, Mar\u00eda Ignacia daba mucho que comentar sobre las relaciones con los hombres y las esposas que soportaban los romances extrahogar de sus maridos.<\/p>\n\n\n\n<p class=\"wp-block-paragraph\">Y ocurre que Mar\u00eda Ignacia nuevamente se enamora \u201cperdidamente\u201d, ahora el novio fue el chileno <strong>Manuel Elizalde. <\/strong>No se conocen detalles del trato que tuvo la pareja.<\/p>\n\n\n\n<p class=\"wp-block-paragraph\">Los \u00faltimos d\u00edas de octubre de 1850&nbsp; \u201cLa G\u00fcera\u201d los pas\u00f3 encamada y su salud muy quebrantada. En el certificado de defunci\u00f3n qued\u00f3 asentado que la se\u00f1ora estaba paral\u00edtica. No hubo m\u00e1s informaci\u00f3n. Se apagaba la existencia de quien, para muchos, fue una hero\u00edna de la Independencia el primer d\u00eda de noviembre del citado a\u00f1o. El viudo se retir\u00f3 a un convento y abraz\u00f3 el sacerdocio.<\/p>\n\n\n\n<h2 class=\"wp-block-heading\"><strong>\u201cExiliada<\/strong>\u201d<strong> a Quer\u00e9taro<\/strong><\/h2>\n\n\n\n<p class=\"wp-block-paragraph\">\u201c<strong><em>Una mujer extraodinaria por su buen parecer, su claro talento, de f\u00e1cil minerva, su gran riqueza y su esplendoroso lujo<\/em><\/strong>\u201d, as\u00ed consider\u00f3 a \u201cLa G\u00fcera\u201d Rodr\u00edguez el saltillense escritor, abogado, cronista y diplom\u00e1tico don <strong>Artemio del Valle Arizpe.<\/strong><\/p>\n\n\n\n<p class=\"wp-block-paragraph\">Ent\u00e9rese que el 22 de marzo de 1811 do\u00f1a Mar\u00eda Ignacia, la superatractiva joven rubia, fue presentada en las oficinas de la llamada Santa Inquisici\u00f3n, el Santo Oficio. El edificio se conserva en la esquina de las calles Brasil y Venezuela. La acusaron de \u201calterar el orden p\u00fablico en pro del Movimiento de Independencia\u201d.<\/p>\n\n\n\n<p class=\"wp-block-paragraph\">Se asegur\u00f3 que la presentada ten\u00eda relaci\u00f3n con el cura Miguel Hidalgo, a quien apoyaba econ\u00f3micamente en su lucha.<\/p>\n\n\n\n<p class=\"wp-block-paragraph\">Adem\u00e1s el inquisidor Juan S\u00e1enz de Mu\u00f1ozca la acus\u00f3 de adulterio. A su vez ella dijo que esa persona practicaba la homosexualidad. El Tribunal de la Inquisici\u00f3n no encontr\u00f3 culpabilidad en ambos casos y el virrey Francisco Javier de Lizana y Beaumont decret\u00f3 <strong>\u201cel exilio a Quer\u00e9taro\u201d<\/strong>, del que la rubia regres\u00f3 meses despu\u00e9s a su hogar en la Ciudad de M\u00e9xico.<\/p>\n\n\n\n<p class=\"wp-block-paragraph\">(Es cre\u00edble que fue el virrey Francisco Javier Venegas el que orden\u00f3 \u201cel exilio\u201d, porque Lizana y Beaumont muri\u00f3 el 6 de marzo de 1811 y el juicio comenz\u00f3 el d\u00eda 22).<\/p>\n\n\n\n<h2 class=\"wp-block-heading\"><strong>Romance con Iturbide<\/strong><\/h2>\n\n\n\n<p class=\"wp-block-paragraph\">Un \u00e1ngulo interesante, como todos los dem\u00e1s, en la vida de \u201c<strong><em>mi se\u00f1ora Mar\u00eda Ignacia<\/em><\/strong>\u00ab, como la llamaba Agust\u00edn de Iturbide, es el de su posible participaci\u00f3n en la pol\u00edtica de aquella etapa hist\u00f3rica. Se dice que ella influy\u00f3 mucho al hablarse del Plan de Iguala e inclusive que tom\u00f3 parte en la redacci\u00f3n del mismo.<\/p>\n\n\n\n<p class=\"wp-block-paragraph\">Lucas Alam\u00e1n y Lorenzo de Zavala, intelectuales y pol\u00edticos, coincidieron al afirmar que \u201cLa G\u00fcera\u201d pudo aportar ideas pol\u00edticas. Recu\u00e9rdese, comento, que la mujer en 1810 ayud\u00f3 a los Insurgentes. Eso revela lo de su \u201cvivo ingenio para toda intriga y travesura\u201d como escribi\u00f3 Rocafuerte.<\/p>\n\n\n\n<p class=\"wp-block-paragraph\">El emperador Iturbide se prend\u00f3 de Mar\u00eda Ignacia desde que la conoci\u00f3 en una reuni\u00f3n social. \u00c9l estaba acompa\u00f1ado de su esposa, <strong>la emperatriz Ana Mar\u00eda Huarte<\/strong>, quien, se lee en las cr\u00f3nicas, se enter\u00f3 de \u201cla relaci\u00f3n sentimental que sosten\u00edan los dos personajes\u201d. En aquellos d\u00edas corri\u00f3 el rumor de que el emperador coqueteaba con una de las hijas de su amante. No pas\u00f3 de ser eso, un rumor.<\/p>\n\n\n\n<p class=\"wp-block-paragraph\">Lo que registra la historia es que Iturbide iba al frente del Ej\u00e9rcito Trigarante, hab\u00eda salido del cruce de la calzada de La Tlaxpana y San Cosme (Melchor Ocampo, Circuito Interior, la primera de las calles) y deb\u00eda recorrer lo que hoy es la avenida 5 de Mayo (nombre impuesto por Benito Ju\u00e1rez para recordar el triunfo mexicano en la Batalla de Puebla), Agust\u00edn cambi\u00f3 la ruta para pasar por lo que hoy es Madero, para detenerse frente a la casa de su amada y saludarla. Mar\u00eda Ignacia lo salud\u00f3, estando de pie junto a la barandilla del balc\u00f3n de la elegante residencia.<\/p>\n\n\n\n<p class=\"wp-block-paragraph\">En la Iglesia de La Profesa, Madero e Isabel Cat\u00f3lica, Centro Hist\u00f3rico, hay dos obras de Manuel Tols\u00e1. En la parte derecha del Altar Mayor, una escultura basada en la imagen de Mar\u00eda Ignacia y una pintura de la Inmaculada Concepci\u00f3n, en uno de los altares del costado derecho. Se dijo que el rostro corresponde a una de las hijas de \u201cLa G\u00fcera\u201d.<\/p>\n\n\n\n<p class=\"wp-block-paragraph\">jherrerav@live.com.mx &nbsp;<\/p>\n","protected":false},"excerpt":{"rendered":"<p> Entre los personajes de la Historia de M\u00e9xico hay mujeres y hombres poco conocidos, a pesar de su destacada participaci\u00f3n e influencia en decisiones que significaron nuevos derroteros en una Rep\u00fablica Federal<\/p>\n","protected":false},"author":3,"featured_media":7843,"comment_status":"open","ping_status":"open","sticky":false,"template":"","format":"standard","meta":{"_monsterinsights_skip_tracking":false,"footnotes":""},"categories":[693,94,35],"tags":[459],"class_list":["post-57088","post","type-post","status-publish","format-standard","has-post-thumbnail","category-693","category-jorge-herrera-valenzuela","category-opinion","tag-opinion"],"_links":{"self":[{"href":"https:\/\/redsemlac.com\/semmexico\/wp-json\/wp\/v2\/posts\/57088","targetHints":{"allow":["GET"]}}],"collection":[{"href":"https:\/\/redsemlac.com\/semmexico\/wp-json\/wp\/v2\/posts"}],"about":[{"href":"https:\/\/redsemlac.com\/semmexico\/wp-json\/wp\/v2\/types\/post"}],"author":[{"embeddable":true,"href":"https:\/\/redsemlac.com\/semmexico\/wp-json\/wp\/v2\/users\/3"}],"replies":[{"embeddable":true,"href":"https:\/\/redsemlac.com\/semmexico\/wp-json\/wp\/v2\/comments?post=57088"}],"version-history":[{"count":0,"href":"https:\/\/redsemlac.com\/semmexico\/wp-json\/wp\/v2\/posts\/57088\/revisions"}],"wp:featuredmedia":[{"embeddable":true,"href":"https:\/\/redsemlac.com\/semmexico\/wp-json\/wp\/v2\/media\/7843"}],"wp:attachment":[{"href":"https:\/\/redsemlac.com\/semmexico\/wp-json\/wp\/v2\/media?parent=57088"}],"wp:term":[{"taxonomy":"category","embeddable":true,"href":"https:\/\/redsemlac.com\/semmexico\/wp-json\/wp\/v2\/categories?post=57088"},{"taxonomy":"post_tag","embeddable":true,"href":"https:\/\/redsemlac.com\/semmexico\/wp-json\/wp\/v2\/tags?post=57088"}],"curies":[{"name":"wp","href":"https:\/\/api.w.org\/{rel}","templated":true}]}}