{"id":57077,"date":"2022-10-08T10:21:53","date_gmt":"2022-10-08T16:21:53","guid":{"rendered":"https:\/\/redsemlac.com\/semmexico\/?p=57077"},"modified":"2023-07-21T19:18:28","modified_gmt":"2023-07-22T00:18:28","slug":"por-presuntamente-inhalar-cocaina-110-estudiantes-de-secundaria-resultan-con-intoxicacion-en-el-municipio-de-bochil","status":"publish","type":"post","link":"https:\/\/redsemlac.com\/semmexico\/por-presuntamente-inhalar-cocaina-110-estudiantes-de-secundaria-resultan-con-intoxicacion-en-el-municipio-de-bochil\/","title":{"rendered":"Por presuntamente inhalar coca\u00edna, 110 estudiantes de secundaria resultan con intoxicaci\u00f3n en el municipio de Bochil"},"content":{"rendered":"\n<p class=\"wp-block-paragraph\"><strong>Gabriela Couti\u00f1o<\/strong><\/p>\n\n\n\n<p class=\"wp-block-paragraph\">SemM\u00e9xico, Tuxtla Guti\u00e9rrez, Chiapas, 8 de octubre del 2022.- Por consumir coca\u00edna, 110 estudiantes de la Escuela Secundaria Juan de Asbaje, en el municipio de Bochil, a unos 80 kil\u00f3metros de distancia de Tuxtla Guti\u00e9rrez, resultaron intoxicados\/as y como consecuencia presentaron mareos y convulsiones, por lo que tuvieron que ser trasladados\/as a una cl\u00ednica del IMSS y consultorios particulares. Se reporta que uno de los adolescentes se encuentra en estado grave.<\/p>\n\n\n\n<p class=\"wp-block-paragraph\">Fuentes de salud, de educaci\u00f3n y socorro informaron que los hechos ocurrieron la tarde de este viernes, por lo que al momento, las y los adolescentes de entre 12 y 14 a\u00f1os de edad, presentaron mareos y convulsiones, lograron as\u00ed, llamar a sus madres y padres quienes arribaron al lugar.<\/p>\n\n\n\n<p class=\"wp-block-paragraph\">Molestas y molestos, los familiares procedieron a encarar al director del plantel, Wenceslao Guenso Velasco, al que responsabilizaron de no haber cuidado a las alumnas y a los alumnos.<\/p>\n\n\n\n<p class=\"wp-block-paragraph\">Familiares, con algunos maestros, maestras y el director fueron quienes buscaron en las mochilas de las y los estudiantes, donde encontraron bolsas de coca\u00edna que hab\u00edan ingerido y provocado los problemas de salud.<\/p>\n\n\n\n<p class=\"wp-block-paragraph\">En veh\u00edculos particulares, el alumnado fue trasladado hasta la cl\u00ednica del IMSS de Bochil, donde fueron atendidos\/as por m\u00e9dicos\/as y enfermeras.<\/p>\n\n\n\n<p class=\"wp-block-paragraph\">Algunos de las y los estudiantes fueron atendidos en sillas y otros en camillas.<\/p>\n\n\n\n<p class=\"wp-block-paragraph\">Por el n\u00famero de adolescentes que atend\u00edan, las enfermeras tuvieron que pedir a los familiares, que salieran del \u00e1rea de urgencia. \u201cSalgan, salgan\u201d, dec\u00eda una enfermera, pero algunos padres y algunas madres insist\u00edan en estar al lado de sus hijos e hijas.<\/p>\n\n\n\n<p class=\"wp-block-paragraph\">Algunos padres y madres llevaron a sus hijos\/as a un laboratorio qu\u00edmico de la localidad, donde les hicieron un examen toxicol\u00f3gico, donde dieron positivos en el consumo de coca\u00edna.<\/p>\n\n\n\n<p class=\"wp-block-paragraph\">Uno de los resultados en poder de este diario, se revela que un estudiante de 13 a\u00f1os de edad, sali\u00f3 positivo con el m\u00e9todo inmuno ensayo cromatogr\u00e1fico de flujo lateral, con un PH de 6.0 y densidad 1.020.<\/p>\n\n\n\n<p class=\"wp-block-paragraph\">Pero de las y los 110 estudiantes que resultaron intoxicados\/as, uno de ellos fue intubado, pero se desconoce las condiciones de salud en que se encuentran, seg\u00fan confirmaron los familiares, pero no dieron m\u00e1s datos.<\/p>\n\n\n\n<p class=\"wp-block-paragraph\">En declaraciones a los medios de comunicaci\u00f3n, el director del plantel, dio a conocer que en la escuela hay 450 estudiantes, pero \u201cno podemos hacer la revisi\u00f3n de mochilas\u201d, porque algunos son \u201cmuy astutos\/as\u201d para esconder este tipo de estupefacientes.<\/p>\n\n\n\n<p class=\"wp-block-paragraph\">Agreg\u00f3 que en el reglamento se tiene contemplado que cualquier alumno\/a que trate de ingresar al plantel con alcohol, drogas o cigarrillos, ser\u00e1 expulsado\/a.<\/p>\n\n\n\n<p class=\"wp-block-paragraph\">Y consider\u00f3 que hasta ahora \u201cno se conoce\u201d las causas que provocaron la intoxicaci\u00f3n de las y los 110 estudiantes, aunque en el laboratorio donde acudieron, salieron positivos por el consumo de coca\u00edna, como se documenta en los resultados en poder de este diario.<\/p>\n\n\n\n<p class=\"wp-block-paragraph\">El maestro pidi\u00f3 apoyo de las y los familiares, para que despu\u00e9s de este suceso, las y los estudiantes que consumieron la droga se les apoye y que les digan \u201cque no tengan miedo\u201d, para poder enfrentar el problema y darle una soluci\u00f3n.<\/p>\n\n\n\n<p class=\"wp-block-paragraph\">Cifr\u00f3 el n\u00famero de estudiantes intoxicados\/as entre 30 a 35, aunque una mujer que estaba en el plantel, le dijo que ella pudo ver que eran 80 las y los estudiantes que estaban en la cl\u00ednica del IMSS, aunque otros\/as hab\u00edan sido trasladados a consultorios particulares que hay en Bochil.<\/p>\n\n\n\n<p class=\"wp-block-paragraph\">En poder de este diario se cuenta con los nombres de 110 estudiantes que fueron atendidos\/as en la cl\u00ednica del IMSS de Bochil.<\/p>\n\n\n\n<p class=\"wp-block-paragraph\">El mentor advirti\u00f3 que tres estudiantes amenazaron a las y los estudiantes que resultaron intoxicados\/as, para que no digan qui\u00e9n les dio la droga, por lo que solicit\u00f3 a los tutores, que el pr\u00f3ximo lunes se lleve a cabo una reuni\u00f3n, con el fin de darle una soluci\u00f3n a este problema.<\/p>\n\n\n\n<p class=\"wp-block-paragraph\">Hasta el plantel llegaron peritos y agentes del Ministerio P\u00fablico para iniciar las diligencias como parte de la carpeta de investigaci\u00f3n que se abri\u00f3 por este caso.<\/p>\n\n\n\n<p class=\"wp-block-paragraph\"><strong>M\u00e1s intoxicaciones<\/strong><\/p>\n\n\n\n<p class=\"wp-block-paragraph\">El jueves, diez adolescentes de la escuela Telesecundaria N\u00famero 388, Ricardo Flores Mag\u00f3n, de Tapachula, resultaron intoxicados\/as, sin que se conozca las cusas que provocaron el malestar entre las y los estudiantes.<\/p>\n\n\n\n<p class=\"wp-block-paragraph\">Las y los estudiantes presentaron convulsiones y desmayos, por lo que fueron trasladados\/as al Hospital General de Tapachula.<\/p>\n\n\n\n<p class=\"wp-block-paragraph\">A finales de septiembre, una treintena de estudiantes de la Secundaria Federal Constituci\u00f3n, de Tapachula, resultaron intoxicados por el consumo de drogas. Las y los estudiantes presentaron n\u00e1useas, mareos y desmayos.<\/p>\n\n\n\n<p class=\"wp-block-paragraph\">En el caso de la Telesecundaria, la Secretar\u00eda de Salud envi\u00f3 al Laboratorio Estatal de Salud P\u00fablica, muestras para que sean analizadas, con el fin de conocer qu\u00e9 consumieron las y los estudiantes.<\/p>\n\n\n\n<p class=\"wp-block-paragraph\">SEM\/MG<\/p>\n","protected":false},"excerpt":{"rendered":"<p> Por consumir coca\u00edna, 110 estudiantes de la Escuela Secundaria Juan de Asbaje, en el municipio de Bochil, a unos 80 kil\u00f3metros de distancia de Tuxtla Guti\u00e9rrez, resultaron intoxicados\/as <\/p>\n","protected":false},"author":3,"featured_media":57078,"comment_status":"open","ping_status":"open","sticky":false,"template":"","format":"standard","meta":{"_monsterinsights_skip_tracking":false,"footnotes":""},"categories":[693,54],"tags":[],"class_list":["post-57077","post","type-post","status-publish","format-standard","has-post-thumbnail","category-693","category-mujeres"],"_links":{"self":[{"href":"https:\/\/redsemlac.com\/semmexico\/wp-json\/wp\/v2\/posts\/57077","targetHints":{"allow":["GET"]}}],"collection":[{"href":"https:\/\/redsemlac.com\/semmexico\/wp-json\/wp\/v2\/posts"}],"about":[{"href":"https:\/\/redsemlac.com\/semmexico\/wp-json\/wp\/v2\/types\/post"}],"author":[{"embeddable":true,"href":"https:\/\/redsemlac.com\/semmexico\/wp-json\/wp\/v2\/users\/3"}],"replies":[{"embeddable":true,"href":"https:\/\/redsemlac.com\/semmexico\/wp-json\/wp\/v2\/comments?post=57077"}],"version-history":[{"count":0,"href":"https:\/\/redsemlac.com\/semmexico\/wp-json\/wp\/v2\/posts\/57077\/revisions"}],"wp:featuredmedia":[{"embeddable":true,"href":"https:\/\/redsemlac.com\/semmexico\/wp-json\/wp\/v2\/media\/57078"}],"wp:attachment":[{"href":"https:\/\/redsemlac.com\/semmexico\/wp-json\/wp\/v2\/media?parent=57077"}],"wp:term":[{"taxonomy":"category","embeddable":true,"href":"https:\/\/redsemlac.com\/semmexico\/wp-json\/wp\/v2\/categories?post=57077"},{"taxonomy":"post_tag","embeddable":true,"href":"https:\/\/redsemlac.com\/semmexico\/wp-json\/wp\/v2\/tags?post=57077"}],"curies":[{"name":"wp","href":"https:\/\/api.w.org\/{rel}","templated":true}]}}